{"id":19433,"date":"2025-05-18T18:34:26","date_gmt":"2025-05-18T21:34:26","guid":{"rendered":"https:\/\/www.sportchaco.com.ar\/?p=19433"},"modified":"2025-05-18T18:34:26","modified_gmt":"2025-05-18T21:34:26","slug":"f1-verstappen-se-quedo-con-el-gp-de-imola-en-el-regreso-de-colapinto","status":"publish","type":"post","link":"https:\/\/www.sportchaco.com.ar\/?p=19433","title":{"rendered":"F1: Verstappen se qued\u00f3 con el GP de Imola en el regreso de Colapinto"},"content":{"rendered":"<div class=\"content-article-title\">\n<div class=\"wrapper-layout center-content center_story max-width\">\n<div class=\"col-content\">\n<h4 class=\"article__title font__display\">18-05-2025.<\/h4>\n<\/div>\n<\/div>\n<\/div>\n<div class=\"common-layout wrapper-layout center-content center_story max-width story article\">\n<div class=\"col-content\"><main class=\"col-content\"><\/p>\n<div class=\"article__header article__story article__article\">\n<div class=\"article__head\">\n<div class=\"genoa_video relative\">\n<div class=\"video_placeholder\">\n<div class=\"aspect_ratio__container\">\n<h1><\/h1>\n<h4>La s\u00e9ptima carrera de la temporada se corri\u00f3 en Imola y el piloto de Red Bull logr\u00f3 ser el l\u00edder seguido por los Mc Laren Norris y Piastri. Por su parte, el argentino finaliz\u00f3 16\u00b0.<\/h4>\n<div class=\"containerGrid\">\n<div class=\"col6 author\"><\/div>\n<\/div>\n<figure data-modal-description=\"(Clive Rose\/Getty Images)\" data-modal-image=\"https:\/\/media.tycsports.com\/files\/2025\/05\/18\/843271\/verstappen-se-consagro-en-el-gp-de-imola_w862.webp\"><img loading=\"lazy\" decoding=\"async\" class=\"mainImg r16x9\" title=\"Verstappen se consagr\u00f3 en el GP de Imola\" src=\"https:\/\/media.tycsports.com\/files\/2025\/05\/18\/843271\/verstappen-se-consagro-en-el-gp-de-imola_416x234.webp?v=5\" srcset=\"https:\/\/media.tycsports.com\/files\/2025\/05\/18\/843271\/verstappen-se-consagro-en-el-gp-de-imola_416x234.webp?v=5 960w,https:\/\/media.tycsports.com\/files\/2025\/05\/18\/843271\/verstappen-se-consagro-en-el-gp-de-imola_862x485.webp?v=5 1024w\" alt=\"Verstappen se consagr\u00f3 en el GP de Imola\" width=\"416\" height=\"234\" \/><figcaption><\/figcaption><\/figure>\n<p>En un nuevo fin de semana de F\u00f3rmula 1, Max\u00a0Verstappen lider\u00f3 de comienzo a fin la carrera n\u00famero 400 de su escuder\u00eda en la M\u00e1xima y se qued\u00f3 con el Gran Premio de Imola\u00a0a pesar de las presiones de los McLaren, Lando Norris y Oscar Piastri, que mantiene el liderato en el Mundial. Franco Colapinto mantuvo su posici\u00f3n de largada y finaliz\u00f3 16\u00b0.<\/p>\n<div class=\"alsoReadContainer\">\n<p class=\"alsoReadLabel\">\n<h2 class=\"alsoReadText\"><\/h2>\n<\/div>\n<p>A pesar de que\u00a0Piastri se hab\u00eda quedado con la pole position, lo que le permiti\u00f3 largar primero, el piloto de Red Bull consigui\u00f3 llegar a la punta ni bien comenz\u00f3 la competencia sobrepasando por afuera al australiano y nadie logr\u00f3 revertir este resultado. A pesar de esto,\u00a0el australiano sigue siendo el primero en la tabla de posiciones en el campeonato de pilotos con 146 puntos, trece m\u00e1s que su compa\u00f1ero y 22 del cu\u00e1druple campe\u00f3n del mundo.<\/p>\n<p>La s\u00e9ptima carrera de la temporada 2025 no tuvo accidentes. Sin embargo,\u00a0<b>dos monoplazas sufrieron problemas mec\u00e1nicos<\/b>, lo que caus\u00f3 la aparici\u00f3n de la bandera amarilla y el ingreso del auto de seguridad que fren\u00f3 por momentos la competencia desarrollada en el Aut\u00f3dromo Enzo e Dino Ferrari.<\/p>\n<div id=\"video-genoa-843249\" class=\"videoPlayer genoa-async\" data-contentid=\"1762371\" data-share=\"https:\/\/www.tycsports.com\/automovilismo\/f1-horario-y-donde-ver-en-vivo-la-carrera-del-gp-de-imola-id661575.html\" data-playlist-related=\"true\" data-playlist=\"1762407,1762406,1762394,1762393,1493004\"><\/div>\n<p><strong>Primero fue\u00a0Esteban Ocon\u00a0de Haas el que al no poder continuar por averiarse su motor se hizo a un lado de la pista y debieron intervenir para sacar su auto lo m\u00e1s r\u00e1pido posible en la vuelta 29. Luego ocurri\u00f3 lo mismo de con\u00a0Kimi Antonelli\u00a0de Mercedes en la 46, algo que benefici\u00f3 a los McLaren para intentar sacarle la punta al neerland\u00e9s, pero no lo lograron y este \u00faltimo termin\u00f3 con un tiempo de 1:18.589, seguido por Norris (+6.109) y Piastri (+12.956).<\/strong><\/p>\n<p>Otros de los que hicieron una gran carrera fueron los pilotos de Ferrari, quienes a pesar de su mal desempe\u00f1o en la clasificaci\u00f3n consiguieron revertirlo.\u00a0Lewis Hamilton se qued\u00f3 a un paso del podio en el cuarto lugar, mientras que Charles Leclerc finaliz\u00f3 en el sexto,\u00a0por detr\u00e1s de Alex Albon a quien debi\u00f3 devolverle el lugar debido a una maniobra ilegal. Mientras que\u00a0Gerge Russell, Carlos Sainz, Isack Hadjar y Yuki Tsunoda completaron el top 10.<\/p>\n<\/div>\n<p><button type=\"button\" data-testid=\"video-placeholder-button\"><\/button><\/div>\n<\/div>\n<div class=\"genoa_description font__body-regular\"><strong>Franco Colapinto salud\u00f3 a los fan\u00e1ticos argentinos que lo fueron a alentar a Imola<\/strong><\/div>\n<div><\/div>\n<\/div>\n<\/div>\n<div class=\"default-article-color article__body article__article\">\n<p class=\"paragraph font__body-regular\"><span style=\"color: #000000;\">Un grupo de fan\u00e1ticos argentinos esperaron a\u00a0<a style=\"color: #000000;\" title=\"https:\/\/tn.com.ar\/deportes\/automovilismo\/2025\/05\/18\/franco-colapinto-analizo-su-rendimiento-y-revelo-el-factor-que-complico-la-carrera-de-alpine-en-el-gp-de-imola\/\" href=\"https:\/\/tn.com.ar\/deportes\/automovilismo\/2025\/05\/18\/franco-colapinto-analizo-su-rendimiento-y-revelo-el-factor-que-complico-la-carrera-de-alpine-en-el-gp-de-imola\/\" target=\"_blank\" rel=\"noopener noreferrer\">Franco Colapinto<\/a>\u00a0tras su actuaci\u00f3n en el\u00a0<a style=\"color: #000000;\" title=\"https:\/\/tn.com.ar\/deportes\/automovilismo\/2025\/05\/18\/donde-ver-el-gp-de-imola-de-formula-1-a-que-hora-es-la-carrera-y-en-que-puesto-larga-franco-colapinto\/\" href=\"https:\/\/tn.com.ar\/deportes\/automovilismo\/2025\/05\/18\/donde-ver-el-gp-de-imola-de-formula-1-a-que-hora-es-la-carrera-y-en-que-puesto-larga-franco-colapinto\/\" target=\"_blank\" rel=\"noopener noreferrer\">Gran Premio de Imola de la F\u00f3rmula 1<\/a>. El piloto de\u00a0Alpine\u00a0se acerc\u00f3 a saludar a los seguidores que lo ovacionaron.<\/span><\/p>\n<p class=\"paragraph font__body-regular\">\n<p class=\"paragraph font__body-regular\">Mar\u00eda Catarineu, representante del nacido en Pilar, public\u00f3 un video en su cuenta de Instagram en el que se ve\u00a0<b>al argentino firmando banderas\u00a0<\/b>mientras un grupo de simpatizantes canta: \u201c<i>Ol\u00e9, ol\u00e9, ol\u00e9, Franco<\/i>\u201d.<\/p>\n<div class=\"genoa_video raw relative\">\n<div class=\"video_placeholder\">\n<div class=\"aspect_ratio__container\"><picture class=\"responsive-image\"><source srcset=\"https:\/\/tn.com.ar\/resizer\/v2\/https%3A%2F%2Fthumbs.vodgc.net%2F1-14-a1bYQH1747583516905-1747583680.jpg?auth=8006adf986e7e95bd1087ba950fca168971f1211448b8554c8698c0259428bb1&amp;width=767\" type=\"image\/jpg\" media=\"(max-width: 728px)\" \/><source srcset=\"https:\/\/tn.com.ar\/resizer\/v2\/https%3A%2F%2Fthumbs.vodgc.net%2F1-14-a1bYQH1747583516905-1747583680.jpg?auth=8006adf986e7e95bd1087ba950fca168971f1211448b8554c8698c0259428bb1&amp;width=1023\" type=\"image\/jpg\" media=\"(max-width: 1023px)\" \/><source srcset=\"https:\/\/tn.com.ar\/resizer\/v2\/https%3A%2F%2Fthumbs.vodgc.net%2F1-14-a1bYQH1747583516905-1747583680.jpg?auth=8006adf986e7e95bd1087ba950fca168971f1211448b8554c8698c0259428bb1&amp;width=1440\" type=\"image\/jpg\" \/><img decoding=\"async\" class=\"image image_placeholder\" draggable=\"true\" src=\"https:\/\/tn.com.ar\/resizer\/v2\/https%3A%2F%2Fthumbs.vodgc.net%2F1-14-a1bYQH1747583516905-1747583680.jpg?auth=8006adf986e7e95bd1087ba950fca168971f1211448b8554c8698c0259428bb1&amp;width=767\" alt=\"Video Placeholder\" \/><\/picture><\/div>\n<\/div>\n<\/div>\n<div class=\"genoa_description font__body-regular\">Franco Colapinto se acerc\u00f3 a saludar a un grupo de fan\u00e1ticos argentinos tras el GP de Imola. (Video: IG @mariacatarineu\/Foto: Prensa Alpine)<\/div>\n<figure class=\"\" data-testid=\"figure-testid\">\n<div class=\"aspect_ratio__container\"><picture class=\"responsive-image\"><source srcset=\"https:\/\/tn.com.ar\/resizer\/v2\/franco-colapinto-termino-16-en-el-gp-de-imola-foto-ap-NJ4EELAJM5ASBMXRSPERV2ZRPQ.jpg?auth=ddbab4a0bb49f80558090c0b3eb4e1479c7fd4710456837cb95cc1ea85b08e18&amp;width=767\" type=\"image\/jpg\" media=\"(max-width: 728px)\" \/><source srcset=\"https:\/\/tn.com.ar\/resizer\/v2\/franco-colapinto-termino-16-en-el-gp-de-imola-foto-ap-NJ4EELAJM5ASBMXRSPERV2ZRPQ.jpg?auth=ddbab4a0bb49f80558090c0b3eb4e1479c7fd4710456837cb95cc1ea85b08e18&amp;width=1023\" type=\"image\/jpg\" media=\"(max-width: 1023px)\" \/><source srcset=\"https:\/\/tn.com.ar\/resizer\/v2\/franco-colapinto-termino-16-en-el-gp-de-imola-foto-ap-NJ4EELAJM5ASBMXRSPERV2ZRPQ.jpg?auth=ddbab4a0bb49f80558090c0b3eb4e1479c7fd4710456837cb95cc1ea85b08e18&amp;width=1440\" type=\"image\/jpg\" \/><img loading=\"lazy\" decoding=\"async\" class=\"image content-image image_placeholder\" src=\"https:\/\/tn.com.ar\/resizer\/v2\/franco-colapinto-termino-16-en-el-gp-de-imola-foto-ap-NJ4EELAJM5ASBMXRSPERV2ZRPQ.jpg?auth=ddbab4a0bb49f80558090c0b3eb4e1479c7fd4710456837cb95cc1ea85b08e18&amp;width=767\" alt=\"Franco Colapinto termin\u00f3 16\u00b0 en el GP de Imola. (Foto: AP)\" width=\"767\" height=\"430\" data-testid=\"loading-testid\" \/><\/picture><\/div><figcaption class=\"caption_image\" data-testid=\"figcaption-testid\">\n<div class=\"image_caption \">Franco Colapinto termin\u00f3 16\u00b0 en el GP de Imola. (Foto: AP)<\/div>\n<\/figcaption><\/figure>\n<h2 class=\"font--primary font__display\"><strong><span style=\"color: #000000;\">Franco Colapinto analiz\u00f3 su rendimiento en el GP de Imola<\/span><\/strong><\/h2>\n<p class=\"paragraph font__body-regular\"><strong><span style=\"color: #000000;\">\u201cEl objetivo era terminar. Era complicado sumar desde donde largamos. Usamos una estrategia distinta.\u00a0Dentro de todo es positivo el d\u00eda de hoy\u201d, comenz\u00f3 Colapinto en\u00a0<i>ESPN.<\/i><\/span><\/strong><\/p>\n<p class=\"paragraph font__body-regular\"><strong><span style=\"color: #000000;\">\u201cHicimos lo posible, fue una estrategia distinta que la fuimos cambiando cuando ve\u00edamos que la goma aguantaba un poco m\u00e1s.\u00a0Entr\u00f3 el VSC (<i>Virtual Safety Car<\/i>) y me cag\u00f3 un poco la vida, (estuvo) bien la estrategia a pesar de que la carrera estuvo un poco en nuestra contra\u201d, agreg\u00f3 a la hora de nombrar la\u00a0gran complicaci\u00f3n que tuvo que afrontar.<\/span><\/strong><\/p>\n<\/div>\n<p style=\"text-align: center;\"><img loading=\"lazy\" decoding=\"async\" class=\"alignnone size-medium wp-image-19119\" src=\"https:\/\/www.sportchaco.com.ar\/wp-content\/uploads\/2025\/05\/120x200-3-180x300.gif\" alt=\"\" width=\"180\" height=\"300\" \/> <img loading=\"lazy\" decoding=\"async\" class=\"alignnone size-medium wp-image-19115\" src=\"https:\/\/www.sportchaco.com.ar\/wp-content\/uploads\/2025\/05\/PARQUE-SOLAR_720x90-01-300x38.gif\" alt=\"\" width=\"300\" height=\"38\" \/><\/p>\n<p><\/main><\/div>\n<\/div>\n","protected":false},"excerpt":{"rendered":"<p>18-05-2025. La s\u00e9ptima carrera de la temporada se corri\u00f3 en Imola y el piloto de Red Bull logr\u00f3 ser el l\u00edder seguido por los Mc Laren Norris y Piastri. Por su parte, el argentino finaliz\u00f3 16\u00b0. En un nuevo fin de semana de F\u00f3rmula 1, Max\u00a0Verstappen lider\u00f3 de comienzo a fin la carrera n\u00famero 400 &hellip;<\/p>\n","protected":false},"author":2,"featured_media":19434,"comment_status":"open","ping_status":"open","sticky":false,"template":"","format":"standard","meta":{"footnotes":""},"categories":[2],"tags":[],"class_list":["post-19433","post","type-post","status-publish","format-standard","has-post-thumbnail","hentry","category-automovilismo"],"_links":{"self":[{"href":"https:\/\/www.sportchaco.com.ar\/index.php?rest_route=\/wp\/v2\/posts\/19433","targetHints":{"allow":["GET"]}}],"collection":[{"href":"https:\/\/www.sportchaco.com.ar\/index.php?rest_route=\/wp\/v2\/posts"}],"about":[{"href":"https:\/\/www.sportchaco.com.ar\/index.php?rest_route=\/wp\/v2\/types\/post"}],"author":[{"embeddable":true,"href":"https:\/\/www.sportchaco.com.ar\/index.php?rest_route=\/wp\/v2\/users\/2"}],"replies":[{"embeddable":true,"href":"https:\/\/www.sportchaco.com.ar\/index.php?rest_route=%2Fwp%2Fv2%2Fcomments&post=19433"}],"version-history":[{"count":1,"href":"https:\/\/www.sportchaco.com.ar\/index.php?rest_route=\/wp\/v2\/posts\/19433\/revisions"}],"predecessor-version":[{"id":19435,"href":"https:\/\/www.sportchaco.com.ar\/index.php?rest_route=\/wp\/v2\/posts\/19433\/revisions\/19435"}],"wp:featuredmedia":[{"embeddable":true,"href":"https:\/\/www.sportchaco.com.ar\/index.php?rest_route=\/wp\/v2\/media\/19434"}],"wp:attachment":[{"href":"https:\/\/www.sportchaco.com.ar\/index.php?rest_route=%2Fwp%2Fv2%2Fmedia&parent=19433"}],"wp:term":[{"taxonomy":"category","embeddable":true,"href":"https:\/\/www.sportchaco.com.ar\/index.php?rest_route=%2Fwp%2Fv2%2Fcategories&post=19433"},{"taxonomy":"post_tag","embeddable":true,"href":"https:\/\/www.sportchaco.com.ar\/index.php?rest_route=%2Fwp%2Fv2%2Ftags&post=19433"}],"curies":[{"name":"wp","href":"https:\/\/api.w.org\/{rel}","templated":true}]}}