{"id":19437,"date":"2025-05-18T18:41:58","date_gmt":"2025-05-18T21:41:58","guid":{"rendered":"https:\/\/www.sportchaco.com.ar\/?p=19437"},"modified":"2025-05-18T18:42:17","modified_gmt":"2025-05-18T21:42:17","slug":"alcaraz-no-lo-dejo-festejar-a-sinner-en-roma","status":"publish","type":"post","link":"https:\/\/www.sportchaco.com.ar\/?p=19437","title":{"rendered":"Alcaraz no lo dej\u00f3 festejar a Sinner en Roma"},"content":{"rendered":"<h1><\/h1>\n<p>&nbsp;<\/p>\n<div class=\"containerGrid\">\n<div class=\"col6 author\">18-05-2025<\/div>\n<\/div>\n<figure data-modal-description=\"\" data-modal-image=\"https:\/\/media.tycsports.com\/files\/2025\/05\/18\/843331\/alcaraz-a-su-manera-en-roma_w862.webp\"><\/figure>\n<h4><strong> Carlos Alcaraz\u00a0le dio un mazazo a las expectativas de\u00a0Jannik Sinner\u00a0en el regreso del italiano (y n\u00famero 1) al circuito despu\u00e9s de los tres meses de sanci\u00f3n por un doble caso de doping. El espa\u00f1ol se luci\u00f3 en la definici\u00f3n del emblem\u00e1tico court central del\u00a0Foro It\u00e1lico romano\u00a0al derrotar al l\u00edder del ranking por 7-6 (7-5) y 6-1, en 1h43m; con 22 a\u00f1os, alcanz\u00f3 su 19\u00b0 trofeo individual, el s\u00e9ptimo de\u00a0Masters 1000, la categor\u00eda m\u00e1s alta despu\u00e9s de los Grand Slams.<\/strong><\/h4>\n<p><img loading=\"lazy\" decoding=\"async\" class=\"alignnone size-medium wp-image-19439 aligncenter\" src=\"https:\/\/www.sportchaco.com.ar\/wp-content\/uploads\/2025\/05\/alcaraz-a-su-manera-300x169.webp\" alt=\"\" width=\"300\" height=\"169\" srcset=\"https:\/\/www.sportchaco.com.ar\/wp-content\/uploads\/2025\/05\/alcaraz-a-su-manera-300x169.webp 300w, https:\/\/www.sportchaco.com.ar\/wp-content\/uploads\/2025\/05\/alcaraz-a-su-manera-390x220.webp 390w, https:\/\/www.sportchaco.com.ar\/wp-content\/uploads\/2025\/05\/alcaraz-a-su-manera.webp 416w\" sizes=\"auto, (max-width: 300px) 100vw, 300px\" \/><\/p>\n<p>Alcaraz conquist\u00f3 Roma como mejor sabe hacer: &#8216;A su manera&#8217;. Lleg\u00f3 a la capital italiana tras una lesi\u00f3n en el aductor derecho, sin colocar expectativas demasiado altas, concentrado en el tenis pero sin dejar de lado su vida personal, que cuid\u00f3 yendo a ver un partido del Lazio al Estadio Ol\u00edmpico de Roma y visitando la Bas\u00edlica de San Pedro en el Vaticano.<\/p>\n<p>Lo hizo todo a su manera. Jugando un gran tenis. Con alguna desconexi\u00f3n que fue puliendo poco a poco hasta el d\u00eda de la gran final, la jornada m\u00e1s importante y en la que se midi\u00f3 ante su gran rival, al italiano Jannik Sinner, n\u00famero 1 del mundo que jugaba en casa.<\/p>\n<p>Ni rastro de esas idas venidas, de esos altibajos. Concentrado al 100%. Apabullante en un segundo set perfecto que Sinner tardar\u00e1 en olvidar, si es que alguna vez lo hace. Un 6-1 que disip\u00f3 cualquier duda que pudiera levantar su m\u00e9todo de trabajo o visi\u00f3n de la vida, ese que tras el documental ha levantado las cr\u00edticas.<\/p>\n<p>Tambi\u00e9n comentarios positivos, como el de Lorenzo Musetti, su rival en semifinales. \u00abCarlos es un fen\u00f3meno que viene criticado mucho in\u00fatilmente. Basta ver sus n\u00fameros, hay poco que criticar. Carlos, incluso hoy sin su mejor tenis, es un adversario que tiene pocos puntos d\u00e9biles\u00bb, espet\u00f3 el italiano.<\/p>\n<p>El caso es que a Carlos Alcaraz poco le afectan esas cr\u00edticas. Tras su primer partido en Roma, dej\u00f3 claro que no iba a encerrarse en un hotel.<\/p>\n<p>\u00abMa\u00f1ana (s\u00e1bado 10 mayo) no creo que vaya a visitar Roma, tengo un amigo (Patric jugador del Lazio) que vive aqu\u00ed y juega en el Lazio y vamos a ver el partido ya que podemos ver un partido de la Serie A. Vamos a disfrutar y ya tendremos tiempo de ver Roma, que tambi\u00e9n me gustar\u00eda andar la ciudad y visitarla, ver lo bonito de Roma\u00bb, respondi\u00f3 a EFE en zona mixta.<\/p>\n<p>Dicho y hecho. Pocos d\u00edas despu\u00e9s aprovech\u00f3 para visitar la bas\u00edlica de San Pedro y disfrutar de la gastronom\u00eda italiana.<\/p>\n<p>Entren\u00f3 con intensidad, especialmente su saque. Jug\u00f3 cada partido con la manga compresora en su pierna derecha, la que sufri\u00f3 la lesi\u00f3n en el aductor que le apart\u00f3 de Madrid.<\/p>\n<p>\u00abNo tengo dolor, pero hay que mirar siempre m\u00e1s all\u00e1. Mi equipo me ha recomendado que la mantenga y voy a muerte con ellos\u00bb, coment\u00f3.<\/p>\n<p>A partir de ah\u00ed, todo rodado. Se sobrepuso con inteligencia al mayor reto antes de la final. El viento en el partido ante Musetti. No era partido para puntos brillantes, s\u00ed para puntos s\u00f3lidos. Y as\u00ed se construy\u00f3 la victoria que certific\u00f3 su acceso a la final.<\/p>\n<p>En ese gran partido lidi\u00f3 con muchas cosas. Con el p\u00fablico en contra, con la presi\u00f3n de volver tras lesi\u00f3n y justo antes de Roland Garros, y contra Sinner. Lo control\u00f3 todo a la perfecci\u00f3n. Desactiv\u00f3 a Sinner y lo atropell\u00f3 en el segundo set.<\/p>\n<p>El resumen de Roma es tremendo. Campe\u00f3n, cerr\u00f3 el c\u00edrculo de participar en todos los cuartos de final de todos los grandes torneos, recuper\u00f3 el n\u00famero 2 del mundo justo antes de Roland Garros, disput\u00f3 100 partidos en Masters 1.000 con 22 a\u00f1os y sum\u00f3 su trofeo n\u00famero 19 en el circuito profesional. Todo a su manera. Fuente\u00a0 TyC Tom\u00e1s Frutos-<\/p>\n<p><img loading=\"lazy\" decoding=\"async\" class=\"alignnone size-medium wp-image-19354\" src=\"https:\/\/www.sportchaco.com.ar\/wp-content\/uploads\/2025\/05\/BANNER-WEB-Qdenga-250x250-1-300x300.gif\" alt=\"\" width=\"300\" height=\"300\" srcset=\"https:\/\/www.sportchaco.com.ar\/wp-content\/uploads\/2025\/05\/BANNER-WEB-Qdenga-250x250-1-300x300.gif 300w, https:\/\/www.sportchaco.com.ar\/wp-content\/uploads\/2025\/05\/BANNER-WEB-Qdenga-250x250-1-150x150.gif 150w\" sizes=\"auto, (max-width: 300px) 100vw, 300px\" \/><\/p>\n","protected":false},"excerpt":{"rendered":"<p>&nbsp; 18-05-2025 Carlos Alcaraz\u00a0le dio un mazazo a las expectativas de\u00a0Jannik Sinner\u00a0en el regreso del italiano (y n\u00famero 1) al circuito despu\u00e9s de los tres meses de sanci\u00f3n por un doble caso de doping. El espa\u00f1ol se luci\u00f3 en la definici\u00f3n del emblem\u00e1tico court central del\u00a0Foro It\u00e1lico romano\u00a0al derrotar al l\u00edder del ranking por 7-6 &hellip;<\/p>\n","protected":false},"author":2,"featured_media":19438,"comment_status":"open","ping_status":"open","sticky":false,"template":"","format":"standard","meta":{"footnotes":""},"categories":[46],"tags":[],"class_list":["post-19437","post","type-post","status-publish","format-standard","has-post-thumbnail","hentry","category-tenis"],"_links":{"self":[{"href":"https:\/\/www.sportchaco.com.ar\/index.php?rest_route=\/wp\/v2\/posts\/19437","targetHints":{"allow":["GET"]}}],"collection":[{"href":"https:\/\/www.sportchaco.com.ar\/index.php?rest_route=\/wp\/v2\/posts"}],"about":[{"href":"https:\/\/www.sportchaco.com.ar\/index.php?rest_route=\/wp\/v2\/types\/post"}],"author":[{"embeddable":true,"href":"https:\/\/www.sportchaco.com.ar\/index.php?rest_route=\/wp\/v2\/users\/2"}],"replies":[{"embeddable":true,"href":"https:\/\/www.sportchaco.com.ar\/index.php?rest_route=%2Fwp%2Fv2%2Fcomments&post=19437"}],"version-history":[{"count":2,"href":"https:\/\/www.sportchaco.com.ar\/index.php?rest_route=\/wp\/v2\/posts\/19437\/revisions"}],"predecessor-version":[{"id":19441,"href":"https:\/\/www.sportchaco.com.ar\/index.php?rest_route=\/wp\/v2\/posts\/19437\/revisions\/19441"}],"wp:featuredmedia":[{"embeddable":true,"href":"https:\/\/www.sportchaco.com.ar\/index.php?rest_route=\/wp\/v2\/media\/19438"}],"wp:attachment":[{"href":"https:\/\/www.sportchaco.com.ar\/index.php?rest_route=%2Fwp%2Fv2%2Fmedia&parent=19437"}],"wp:term":[{"taxonomy":"category","embeddable":true,"href":"https:\/\/www.sportchaco.com.ar\/index.php?rest_route=%2Fwp%2Fv2%2Fcategories&post=19437"},{"taxonomy":"post_tag","embeddable":true,"href":"https:\/\/www.sportchaco.com.ar\/index.php?rest_route=%2Fwp%2Fv2%2Ftags&post=19437"}],"curies":[{"name":"wp","href":"https:\/\/api.w.org\/{rel}","templated":true}]}}