{"id":1945,"date":"2023-10-18T20:28:07","date_gmt":"2023-10-18T23:28:07","guid":{"rendered":"https:\/\/www.sportchaco.com.ar\/?p=1945"},"modified":"2023-10-18T23:29:33","modified_gmt":"2023-10-19T02:29:33","slug":"for-ever-licencio-al-plantel-y-comienza-a-planificar-la-proxima-temporada","status":"publish","type":"post","link":"https:\/\/www.sportchaco.com.ar\/?p=1945","title":{"rendered":"For Ever licenci\u00f3 al plantel y comienza a planificar la pr\u00f3xima temporada"},"content":{"rendered":"<p>Luego de lograr conservar la categor\u00eda con un sprint final que lo llev\u00f3 a terminar en la en el puesto 13 con 40 unidades, Ricardo Pancaldo decidi\u00f3 licenciar al plantel hasta el pr\u00f3ximo 16 de noviembre.<\/p>\n<p>Durante este periodo, la dirigencia que encabeza el presidente H\u00e9ctor G\u00f3mez comenzar\u00e1 las conversaciones con los futbolistas que el cuerpo t\u00e9cnico tiene intenciones de retener para la pr\u00f3xima temporada.<\/p>\n<p>Ya se sabe que Nicol\u00e1s Ju\u00e1rez seguir\u00e1 su carrera en Sarmiento de La Banda, Enzo Bruno volver\u00eda a Guaran\u00ed Antonio Franco y Emmanuel D\u00edaz buscar\u00eda nuevos horizontes. Por lo pronto, tanto Ricardo Pancaldo como la comisi\u00f3n directiva tiene la intenci\u00f3n de mantener la base del equipo y por ello comenzar\u00e1n las pertinentes negociaciones con los jugadores.<\/p>\n<p>Ya en lo que se refiere a la pr\u00f3xima temporada de la Primera Nacional por el momento no hay noticias del formato de competencia ni de la fecha de inicio del mismo, pero se estima que estar\u00eda comenzando en la \u00faltima semana de enero.<\/p>\n<p>&nbsp;<\/p>\n<h2>SE FUERON TRES<\/h2>\n<div id=\"div_cuerpo\" class=\"content cable-content\">Los futbolistas Enzo Bruno, Claudio Villagra y Emiliano Bogado rescindieron contrato en las \u00faltimas horas sus respectivos contratos y dejaron de pertenecer al plantel de Chaco For Ever, con el que hab\u00edan animado el campeonato de la Primera Nacional de f\u00fatbol.<\/div>\n<h2>EL SPRINT FINAL DEL \u00abNEGRO\u00bb<\/h2>\n<p>La campa\u00f1a de For Ever en la Primera Nacional no comenz\u00f3 de la mejor manera y tuvo dos cambios de entrenadores antes de la llega de Ricardo Pancaldo. El primero fue Pablo Martel, que solo dur\u00f3 7 partidos, con un total de 1 victoria, 2 empates y 4 derrotas.<\/p>\n<p>Y tras la salida del santiague\u00f1o el que lleg\u00f3 fue Diego Osella, que a lo largo de su estad\u00eda en tierras chaque\u00f1as dirigi\u00f3 a For Ever en 18 partidos: gan\u00f3 4, empat\u00f3 4 y perdi\u00f3 10, y dej\u00f3 al equipo con 20 unidades, ocupando el puesto 17 y en zona de Promoci\u00f3n. Por \u00faltimo, y luego de la renuncia de Osella, el que tom\u00f3 las riendas del equipo fue Ricardo Pancaldo, con el que el \u00abNegro\u00bb jug\u00f3 12 partidos de los cuales gan\u00f3 6, empat\u00f3 4 y perdi\u00f3 solamente 2, dejando al equipo en el puesto 13 con 40 unidades y lejos de la zona roja.<\/p>\n<p>Adem\u00e1s, el entrenador santafesino meti\u00f3 mano en el equipo, les cambi\u00f3 la mentalidad a los jugadores y los resultados estuvieron a la vista ya que cort\u00f3 la seguidilla de 12 derrotas en condici\u00f3n de visitante y de los \u00faltimos 15 puntos, sac\u00f3 13, cuya \u00faltima derrota fue en la fecha 29 ante Quilmes (0-4) como local.<\/p>\n<p>La otra cara del elenco chaque\u00f1o se dio en la Copa Argentina, donde lleg\u00f3 a los cuartos de final luego de eliminar a Sarmiento de Jun\u00edn al vencerlo en primera ronda en la cancha de Col\u00f3n de Santa Fe, luego dio el golpe al bajar Rosario Central en los 32avos de final al superarlo 1 a 0 en el Mario Alberto Kempes de C\u00f3rdoba y tambi\u00e9n dej\u00f3 en el camino en los octavos de final y por panales a Villa Mitre de Blanca en la cancha de Quilmes, quedando eliminado ante Defensa y Justicia por penales en el estadio de Uni\u00f3n de Santa Fe.<\/p>\n","protected":false},"excerpt":{"rendered":"<p>Luego de lograr conservar la categor\u00eda con un sprint final que lo llev\u00f3 a terminar en la en el puesto 13 con 40 unidades, Ricardo Pancaldo decidi\u00f3 licenciar al plantel hasta el pr\u00f3ximo 16 de noviembre. Durante este periodo, la dirigencia que encabeza el presidente H\u00e9ctor G\u00f3mez comenzar\u00e1 las conversaciones con los futbolistas que el &hellip;<\/p>\n","protected":false},"author":3,"featured_media":1946,"comment_status":"open","ping_status":"open","sticky":false,"template":"","format":"standard","meta":{"footnotes":""},"categories":[5],"tags":[],"class_list":["post-1945","post","type-post","status-publish","format-standard","has-post-thumbnail","hentry","category-futbol"],"_links":{"self":[{"href":"https:\/\/www.sportchaco.com.ar\/index.php?rest_route=\/wp\/v2\/posts\/1945","targetHints":{"allow":["GET"]}}],"collection":[{"href":"https:\/\/www.sportchaco.com.ar\/index.php?rest_route=\/wp\/v2\/posts"}],"about":[{"href":"https:\/\/www.sportchaco.com.ar\/index.php?rest_route=\/wp\/v2\/types\/post"}],"author":[{"embeddable":true,"href":"https:\/\/www.sportchaco.com.ar\/index.php?rest_route=\/wp\/v2\/users\/3"}],"replies":[{"embeddable":true,"href":"https:\/\/www.sportchaco.com.ar\/index.php?rest_route=%2Fwp%2Fv2%2Fcomments&post=1945"}],"version-history":[{"count":2,"href":"https:\/\/www.sportchaco.com.ar\/index.php?rest_route=\/wp\/v2\/posts\/1945\/revisions"}],"predecessor-version":[{"id":1963,"href":"https:\/\/www.sportchaco.com.ar\/index.php?rest_route=\/wp\/v2\/posts\/1945\/revisions\/1963"}],"wp:featuredmedia":[{"embeddable":true,"href":"https:\/\/www.sportchaco.com.ar\/index.php?rest_route=\/wp\/v2\/media\/1946"}],"wp:attachment":[{"href":"https:\/\/www.sportchaco.com.ar\/index.php?rest_route=%2Fwp%2Fv2%2Fmedia&parent=1945"}],"wp:term":[{"taxonomy":"category","embeddable":true,"href":"https:\/\/www.sportchaco.com.ar\/index.php?rest_route=%2Fwp%2Fv2%2Fcategories&post=1945"},{"taxonomy":"post_tag","embeddable":true,"href":"https:\/\/www.sportchaco.com.ar\/index.php?rest_route=%2Fwp%2Fv2%2Ftags&post=1945"}],"curies":[{"name":"wp","href":"https:\/\/api.w.org\/{rel}","templated":true}]}}