{"id":19502,"date":"2025-05-19T23:39:42","date_gmt":"2025-05-20T02:39:42","guid":{"rendered":"https:\/\/www.sportchaco.com.ar\/?p=19502"},"modified":"2025-05-19T23:39:10","modified_gmt":"2025-05-20T02:39:10","slug":"efemerides-del-20-de-mayo","status":"publish","type":"post","link":"https:\/\/www.sportchaco.com.ar\/?p=19502","title":{"rendered":"Efem\u00e9rides del 20 de mayo"},"content":{"rendered":"<div class=\"container fullwidth-entry-title-wrapper\">\n<div class=\"container-wrapper fullwidth-entry-title\">\n<header class=\"entry-header-outer\">\n<div class=\"entry-header\">\n<h1 class=\"post-title entry-title\"><\/h1>\n<\/div>\n<\/header>\n<\/div>\n<\/div>\n<div id=\"content\" class=\"site-content container\">\n<div id=\"main-content-row\" class=\"tie-row main-content-row\">\n<div class=\"main-content tie-col-md-8 tie-col-xs-12\" role=\"main\">\n<article id=\"the-post\" class=\"container-wrapper post-content tie-standard\">\n<div class=\"featured-area\">\n<h4 class=\"featured-area-inner\"><\/h4>\n<\/div>\n<div class=\"entry-content entry clearfix\">\n<h4><strong>Esta es la Efem\u00e9rides del Deporte en el Chaco de un 20 de mayo del periodista Luis Dar\u00edo Molodezky.<\/strong><\/h4>\n<p><img loading=\"lazy\" decoding=\"async\" class=\"alignnone size-full wp-image-19412 aligncenter\" src=\"https:\/\/www.sportchaco.com.ar\/wp-content\/uploads\/2025\/05\/Luis-2025-marzo-3-300x229-3.jpg\" alt=\"\" width=\"300\" height=\"229\" \/><\/p>\n<p>&nbsp;<\/p>\n<p>&nbsp;<\/p>\n<p><strong>1949\u00a0<\/strong>\/ Naci\u00f3 en Villa \u00c1ngela, Segundo Benicio Sosa, Kid Gallito. Fue campe\u00f3n argentino de los gallos. En su carrera gan\u00f3 61 peleas (28KO), perdi\u00f3 16 (6ko) y empat\u00f3 6 combates.<\/p>\n<p><strong>1977\u00a0<\/strong>\/ Naci\u00f3 en Resistencia el boxeador Javier Osvaldo \u00c1lvarez. Como profesional disput\u00f3 35 combates (16 KO), 8 derrotas (4 KO) y 1 empate. El 11 de febrero del 2005 gan\u00f3 el t\u00edtulo mundial UMB al vencer por KO en 6 asaltos a Michael G\u00f3mez, en Manchester (Inglaterra).<\/p>\n<p><strong>1979\u00a0<\/strong>\/ Jos\u00e9 de la Corte es consagrado presidente de Hind\u00fa Club. Lo acompa\u00f1an como vice Ricardo Molina, secretario \u00c1ngel Carballo, prosecretario C\u00e9sar Chiesa, secretario de actas Carlos Broner, tesorero Eduardo Ledesma y protesorero Nicanor Garc\u00eda. Bajo su mando el club tuvo un crecimiento extraordinario destac\u00e1ndose el polideportivo de la Nicol\u00e1s Avellaneda.<\/p>\n<p><strong>2000\u00a0<\/strong>\/ El equipo de Jos\u00e9 Mar\u00eda Paz (El Nacional), cosech\u00f3 su primer punto desde su incursi\u00f3n en la Liga Chaque\u00f1a de F\u00fatbol, m\u00e1s precisamente en la divisional \u201cB\u201d. El resultado final fue 3 a 3 y el rival de turno fue Defensores de Vilelas, en partido correspondiente a la quinta fecha de la categor\u00eda. As\u00ed form\u00f3 Jos\u00e9 Mar\u00eda Paz: Troisi; Trejo (St 39\u2019 Daniel Gim\u00e9nez), Guidini, Paiva y Guasti; Garc\u00eda Ojeda, Jorge Jim\u00e9nez (St 72\u2019 Esquivel) y Ricardone; Voiquevichi, Garc\u00eda Arias y Chait. D.T: Marcos Goicochea. Suplente: Gonz\u00e1lez. Los goles fueron convertidos por Paiva, Ricardone y Garc\u00eda Arias.<\/p>\n<p>&nbsp;<\/p>\n<p><strong>Foto portada con Jos\u00e9 de la Corte con el trofeo en sus manos<\/strong><\/p>\n<p style=\"text-align: center;\"><img loading=\"lazy\" decoding=\"async\" class=\"alignnone size-medium wp-image-19475\" src=\"https:\/\/www.sportchaco.com.ar\/wp-content\/uploads\/2025\/05\/Banners-creditos-otorgados-al-campo_300x600-150x300.gif\" alt=\"\" width=\"150\" height=\"300\" srcset=\"https:\/\/www.sportchaco.com.ar\/wp-content\/uploads\/2025\/05\/Banners-creditos-otorgados-al-campo_300x600-150x300.gif 150w, https:\/\/www.sportchaco.com.ar\/wp-content\/uploads\/2025\/05\/Banners-creditos-otorgados-al-campo_300x600-512x1024.gif 512w\" sizes=\"auto, (max-width: 150px) 100vw, 150px\" \/>04<\/p>\n<\/div>\n<\/article>\n<\/div>\n<\/div>\n<\/div>\n","protected":false},"excerpt":{"rendered":"<p>Esta es la Efem\u00e9rides del Deporte en el Chaco de un 20 de mayo del periodista Luis Dar\u00edo Molodezky. &nbsp; &nbsp; 1949\u00a0\/ Naci\u00f3 en Villa \u00c1ngela, Segundo Benicio Sosa, Kid Gallito. Fue campe\u00f3n argentino de los gallos. En su carrera gan\u00f3 61 peleas (28KO), perdi\u00f3 16 (6ko) y empat\u00f3 6 combates. 1977\u00a0\/ Naci\u00f3 en Resistencia &hellip;<\/p>\n","protected":false},"author":2,"featured_media":19503,"comment_status":"open","ping_status":"open","sticky":false,"template":"","format":"standard","meta":{"footnotes":""},"categories":[45,35],"tags":[],"class_list":["post-19502","post","type-post","status-publish","format-standard","has-post-thumbnail","hentry","category-efemerides-dia-por-dia","category-mayo"],"_links":{"self":[{"href":"https:\/\/www.sportchaco.com.ar\/index.php?rest_route=\/wp\/v2\/posts\/19502","targetHints":{"allow":["GET"]}}],"collection":[{"href":"https:\/\/www.sportchaco.com.ar\/index.php?rest_route=\/wp\/v2\/posts"}],"about":[{"href":"https:\/\/www.sportchaco.com.ar\/index.php?rest_route=\/wp\/v2\/types\/post"}],"author":[{"embeddable":true,"href":"https:\/\/www.sportchaco.com.ar\/index.php?rest_route=\/wp\/v2\/users\/2"}],"replies":[{"embeddable":true,"href":"https:\/\/www.sportchaco.com.ar\/index.php?rest_route=%2Fwp%2Fv2%2Fcomments&post=19502"}],"version-history":[{"count":3,"href":"https:\/\/www.sportchaco.com.ar\/index.php?rest_route=\/wp\/v2\/posts\/19502\/revisions"}],"predecessor-version":[{"id":19513,"href":"https:\/\/www.sportchaco.com.ar\/index.php?rest_route=\/wp\/v2\/posts\/19502\/revisions\/19513"}],"wp:featuredmedia":[{"embeddable":true,"href":"https:\/\/www.sportchaco.com.ar\/index.php?rest_route=\/wp\/v2\/media\/19503"}],"wp:attachment":[{"href":"https:\/\/www.sportchaco.com.ar\/index.php?rest_route=%2Fwp%2Fv2%2Fmedia&parent=19502"}],"wp:term":[{"taxonomy":"category","embeddable":true,"href":"https:\/\/www.sportchaco.com.ar\/index.php?rest_route=%2Fwp%2Fv2%2Fcategories&post=19502"},{"taxonomy":"post_tag","embeddable":true,"href":"https:\/\/www.sportchaco.com.ar\/index.php?rest_route=%2Fwp%2Fv2%2Ftags&post=19502"}],"curies":[{"name":"wp","href":"https:\/\/api.w.org\/{rel}","templated":true}]}}