{"id":19528,"date":"2025-05-20T23:25:20","date_gmt":"2025-05-21T02:25:20","guid":{"rendered":"https:\/\/www.sportchaco.com.ar\/?p=19528"},"modified":"2025-05-20T23:24:45","modified_gmt":"2025-05-21T02:24:45","slug":"efemerides-del-21-de-mayo","status":"publish","type":"post","link":"https:\/\/www.sportchaco.com.ar\/?p=19528","title":{"rendered":"Efem\u00e9rides del 21 de mayo"},"content":{"rendered":"<div class=\"container fullwidth-entry-title-wrapper\">\n<div class=\"container-wrapper fullwidth-entry-title\">\n<header class=\"entry-header-outer\">\n<div class=\"entry-header\">\n<h1 class=\"post-title entry-title\"><\/h1>\n<\/div>\n<\/header>\n<\/div>\n<\/div>\n<div id=\"content\" class=\"site-content container\">\n<div id=\"main-content-row\" class=\"tie-row main-content-row\">\n<div class=\"main-content tie-col-md-8 tie-col-xs-12\" role=\"main\">\n<article id=\"the-post\" class=\"container-wrapper post-content tie-standard\">\n<div class=\"featured-area\">\n<div class=\"featured-area-inner\"><\/div>\n<\/div>\n<div class=\"entry-content entry clearfix\">\n<h4><strong>Esta es la Efem\u00e9rides del Deporte en el Chaco de un 21 de mayo del periodista Luis Dar\u00edo Molodezky.<\/strong><\/h4>\n<p>&nbsp;<\/p>\n<p style=\"text-align: center;\"><img loading=\"lazy\" decoding=\"async\" class=\"alignnone size-full wp-image-19412\" src=\"https:\/\/www.sportchaco.com.ar\/wp-content\/uploads\/2025\/05\/Luis-2025-marzo-3-300x229-3.jpg\" alt=\"\" width=\"300\" height=\"229\" \/>04<\/p>\n<p>&nbsp;<\/p>\n<p><strong>1928\u00a0<\/strong>\/ Naci\u00f3 en Vera, Santa Fe, el periodista Ra\u00fal Delfino Berneri, aunque muy chico se radic\u00f3 en Charadai con su padre ferroviario. En 1941 se incorpor\u00f3 a El Territorio en la secci\u00f3n deportes. En 1956 fue nombrado jefe de la Agencia T\u00e9lam. En 1948 se sum\u00f3 a LT5 para transmitir automovilismo, para incorporase inmediatamente como Jefe de informativo hasta 1963. Colabor\u00f3 luego con la provincia, Norte y El Diario, y tambi\u00e9n en TV, aunque ya fuera del deporte. Falleci\u00f3 en marzo del 2000 con el r\u00f3tulo del Decano de los periodistas chaque\u00f1os.<\/p>\n<p>&nbsp;<\/p>\n<p><strong>2007\u00a0<\/strong>\/ El Seleccionado de Nordeste de Rugby, perdi\u00f3 el ascenso en la \u00fanica plaza disponible, al perder por 21 puntos en Mar del Plata. En la ida gan\u00f3 18 a 12 y en la vuelta cay\u00f3 31 a 10.<\/p>\n<\/div>\n<p><img loading=\"lazy\" decoding=\"async\" class=\"alignnone size-medium wp-image-19521 aligncenter\" src=\"https:\/\/www.sportchaco.com.ar\/wp-content\/uploads\/2025\/05\/Banners-creditos-otorgados-al-campo_300x600-2-150x300.gif\" alt=\"\" width=\"150\" height=\"300\" srcset=\"https:\/\/www.sportchaco.com.ar\/wp-content\/uploads\/2025\/05\/Banners-creditos-otorgados-al-campo_300x600-2-150x300.gif 150w, https:\/\/www.sportchaco.com.ar\/wp-content\/uploads\/2025\/05\/Banners-creditos-otorgados-al-campo_300x600-2-512x1024.gif 512w\" sizes=\"auto, (max-width: 150px) 100vw, 150px\" \/><\/p>\n<div class=\"entry-content entry clearfix\">\n<p>&nbsp;<\/p>\n<\/div>\n<\/article>\n<\/div>\n<\/div>\n<\/div>\n","protected":false},"excerpt":{"rendered":"<p>Esta es la Efem\u00e9rides del Deporte en el Chaco de un 21 de mayo del periodista Luis Dar\u00edo Molodezky. &nbsp; 04 &nbsp; 1928\u00a0\/ Naci\u00f3 en Vera, Santa Fe, el periodista Ra\u00fal Delfino Berneri, aunque muy chico se radic\u00f3 en Charadai con su padre ferroviario. En 1941 se incorpor\u00f3 a El Territorio en la secci\u00f3n deportes. &hellip;<\/p>\n","protected":false},"author":2,"featured_media":19529,"comment_status":"open","ping_status":"open","sticky":false,"template":"","format":"standard","meta":{"footnotes":""},"categories":[45,35],"tags":[],"class_list":["post-19528","post","type-post","status-publish","format-standard","has-post-thumbnail","hentry","category-efemerides-dia-por-dia","category-mayo"],"_links":{"self":[{"href":"https:\/\/www.sportchaco.com.ar\/index.php?rest_route=\/wp\/v2\/posts\/19528","targetHints":{"allow":["GET"]}}],"collection":[{"href":"https:\/\/www.sportchaco.com.ar\/index.php?rest_route=\/wp\/v2\/posts"}],"about":[{"href":"https:\/\/www.sportchaco.com.ar\/index.php?rest_route=\/wp\/v2\/types\/post"}],"author":[{"embeddable":true,"href":"https:\/\/www.sportchaco.com.ar\/index.php?rest_route=\/wp\/v2\/users\/2"}],"replies":[{"embeddable":true,"href":"https:\/\/www.sportchaco.com.ar\/index.php?rest_route=%2Fwp%2Fv2%2Fcomments&post=19528"}],"version-history":[{"count":2,"href":"https:\/\/www.sportchaco.com.ar\/index.php?rest_route=\/wp\/v2\/posts\/19528\/revisions"}],"predecessor-version":[{"id":19556,"href":"https:\/\/www.sportchaco.com.ar\/index.php?rest_route=\/wp\/v2\/posts\/19528\/revisions\/19556"}],"wp:featuredmedia":[{"embeddable":true,"href":"https:\/\/www.sportchaco.com.ar\/index.php?rest_route=\/wp\/v2\/media\/19529"}],"wp:attachment":[{"href":"https:\/\/www.sportchaco.com.ar\/index.php?rest_route=%2Fwp%2Fv2%2Fmedia&parent=19528"}],"wp:term":[{"taxonomy":"category","embeddable":true,"href":"https:\/\/www.sportchaco.com.ar\/index.php?rest_route=%2Fwp%2Fv2%2Fcategories&post=19528"},{"taxonomy":"post_tag","embeddable":true,"href":"https:\/\/www.sportchaco.com.ar\/index.php?rest_route=%2Fwp%2Fv2%2Ftags&post=19528"}],"curies":[{"name":"wp","href":"https:\/\/api.w.org\/{rel}","templated":true}]}}