{"id":19534,"date":"2025-05-20T19:04:40","date_gmt":"2025-05-20T22:04:40","guid":{"rendered":"https:\/\/www.sportchaco.com.ar\/?p=19534"},"modified":"2025-05-20T19:07:33","modified_gmt":"2025-05-20T22:07:33","slug":"veiga-fuerte-banca-a-riquelme-y-palos-al-plantel","status":"publish","type":"post","link":"https:\/\/www.sportchaco.com.ar\/?p=19534","title":{"rendered":"Veiga: fuerte banca a Riquelme y palos al plantel"},"content":{"rendered":"<div class=\"nota__heading\">\n<h1 class=\"nota__heading__title\">20-05-2025<\/h1>\n<p class=\"nota__heading__subtitle\"><strong>Alejandro Veiga,\u00a0 prosecretario de Boca habl\u00f3 luego del mazazo ante Independiente: \u00abEl socio tiene toda la raz\u00f3n del mundo\u00bb. Fuerte banca a Riquelme y palos a los juygadores.<\/strong><\/p>\n<h1 class=\"nota__heading__title\" style=\"margin-top: 0px; line-height: 1.38462;\"><\/h1>\n<div class=\"nota__heading__author\">\n<p>&nbsp;<\/p>\n<p>&nbsp;<\/p>\n<\/div>\n<\/div>\n<div class=\"nota__main-media\">\n<div class=\"nota__image\"><img decoding=\"async\" src=\"https:\/\/www.elgrafico.com.ar\/media\/cache\/pub_news_details_large\/media\/i\/a0\/4f\/a04f5e73e7f2dcf13e5bf4c394bdca1cff3d891d.jpg\" \/><\/div>\n<div class=\"nota__main-media__legend\"><\/div>\n<\/div>\n<div class=\"nota__body\">\n<div class=\"container\">\n<div class=\"row\">\n<div class=\"eg-grid eg-grid--content\">\n<div class=\"eg-cell__1-1\">\n<div class=\"col-xs-24 col-sm-4 eg-social eg-social--vert\">\n<div class=\"addthis_sharing_toolbox nota_body_social\"><\/div>\n<\/div>\n<\/div>\n<div class=\"eg-cell__2-1\">\n<p><strong>BOCA a\u00fan sufre las r\u00e9plicas del golpe sufrido este lunes ante Independiente en La Bombonera.\u00a0La eliminaci\u00f3n en los cuartos de final del Torneo Apertura se sum\u00f3 a una seguidilla de frustraciones iniciada con el prematuro adi\u00f3s en la Copa Libertadores y\u00a0el hincha explot\u00f3: silbidos, insultos y c\u00e1nticos tanto contra el plantel como contra la dirigencia.<\/strong><\/p>\n<div class=\"nota__related\">\n<p>&nbsp;<\/p>\n<\/div>\n<p>&nbsp;<\/p>\n<p>Horas despu\u00e9s del mazazo se pronunci\u00f3 la primera voz oficial.\u00a0<em>\u00abEl socio est\u00e1 mal, angustiado porque el equipo no lo representa, tiene toda la raz\u00f3n del mundo\u00bb<\/em>, sostuvo\u00a0Alejandro Veiga, Prosecretario de la instituci\u00f3n, en di\u00e1logo con Boca de Selecci\u00f3n.<\/p>\n<p><em>\u00abAhora, a m\u00ed me parece que\u00a0<\/em><em>nuestro presidente ha bancado a los jugadores del plantel cuando fueron criticados y observados. El presidente siempre dio la cara por los jugadores, por el plantel y ya es hora de que ellos pongan la cara por el presidente\u00bb<\/em>, analiz\u00f3 respecto a la divisi\u00f3n de responsabilidades.<\/p>\n<p>Y en la misma l\u00ednea agreg\u00f3:\u00a0<em>\u00abBoca es un club muy particular, juega mal y la culpa la tiene el presidente. Obvio que tiene responsabilidad, pero ya es hora que el plantel d\u00e9 la cara por el presidente por las veces que el presidente dio la cara por el plantel\u00bb.<\/em><\/p>\n<p>Veiga profundiz\u00f3 su cr\u00edtica hacia los jugadores y les recrimin\u00f3 que\u00a0<em>\u00abdesde sus lugares, deben respaldar y sacar la cara por el presidente que los defendi\u00f3 un mont\u00f3n de veces\u00bb.<\/em><\/p>\n<p><em>\u00abDicen que Fabra no puede jugar m\u00e1s y el presidente va y lo banca. Dicen que Pol Fern\u00e1ndez no puede jugar m\u00e1s y el presidente lo banca.\u00a0<\/em><em>Es hora de que lo banquen al presidente, y dentro de la cancha, no con declaraciones y actitudes demag\u00f3gicas, dentro de la cancha, cosa que no est\u00e1 pasando\u00bb<\/em>, opin\u00f3.<\/p>\n<div class=\"nota__main-media\">\n<div class=\"nota__main-media__container\">\n<div id=\"video_96\" class=\"jwplayer jw-reset jw-state-idle jw-stretch-uniform jw-flag-aspect-mode jw-skin-bekle jw-breakpoint-3 jw-floating-dismissible jw-keep-thumbnail jw-flag-cast-available jw-flag-user-inactive\" tabindex=\"0\" role=\"application\" aria-label=\"Video Player\" aria-describedby=\"jw-video_96-shortcuts-tooltip-explanation\">\n<div class=\"jw-aspect jw-reset\"><\/div>\n<\/div>\n<\/div>\n<\/div>\n<p><em><strong>\u00abEl presidente es inteligente y si tiene que cambiar algo, lo va a hacer. Toma nota de todo lo que pasa. Est\u00e1 ah\u00ed en el palquito para que todos lo vean. Se hizo cargo de los reproches solo en el palco. No lo vas a ver en un shopping, no lo vas a ver en Miami de joda. Rom\u00e1n est\u00e1 24 horas laburando por Boca. Puede salir bien o mal, no es infalible, pero se hace cargo. Hay que bancar al presidente y dar la cara por \u00e9l\u00bb<\/strong><\/em>, cerr\u00f3 Veiga.<\/p>\n<p><strong>Foto portada: Alejandro Veiga (centro), Prosecretario de Boca. Fuente El Gr\u00e1fico<\/strong><\/p>\n<\/div>\n<p style=\"text-align: center;\"><img loading=\"lazy\" decoding=\"async\" class=\"alignnone size-medium wp-image-19473\" src=\"https:\/\/www.sportchaco.com.ar\/wp-content\/uploads\/2025\/05\/120x200-180x300.gif\" alt=\"\" width=\"180\" height=\"300\" \/> <img loading=\"lazy\" decoding=\"async\" class=\"alignnone size-medium wp-image-19471\" src=\"https:\/\/www.sportchaco.com.ar\/wp-content\/uploads\/2025\/05\/Banners-ruta-13_200x200-1-300x300.gif\" alt=\"\" width=\"300\" height=\"300\" srcset=\"https:\/\/www.sportchaco.com.ar\/wp-content\/uploads\/2025\/05\/Banners-ruta-13_200x200-1-300x300.gif 300w, https:\/\/www.sportchaco.com.ar\/wp-content\/uploads\/2025\/05\/Banners-ruta-13_200x200-1-150x150.gif 150w\" sizes=\"auto, (max-width: 300px) 100vw, 300px\" \/><\/p>\n<\/div>\n<\/div>\n<\/div>\n<\/div>\n","protected":false},"excerpt":{"rendered":"<p>20-05-2025 Alejandro Veiga,\u00a0 prosecretario de Boca habl\u00f3 luego del mazazo ante Independiente: \u00abEl socio tiene toda la raz\u00f3n del mundo\u00bb. Fuerte banca a Riquelme y palos a los juygadores. &nbsp; &nbsp; BOCA a\u00fan sufre las r\u00e9plicas del golpe sufrido este lunes ante Independiente en La Bombonera.\u00a0La eliminaci\u00f3n en los cuartos de final del Torneo Apertura &hellip;<\/p>\n","protected":false},"author":2,"featured_media":19536,"comment_status":"open","ping_status":"open","sticky":false,"template":"","format":"standard","meta":{"footnotes":""},"categories":[47],"tags":[],"class_list":["post-19534","post","type-post","status-publish","format-standard","has-post-thumbnail","hentry","category-nacionales"],"_links":{"self":[{"href":"https:\/\/www.sportchaco.com.ar\/index.php?rest_route=\/wp\/v2\/posts\/19534","targetHints":{"allow":["GET"]}}],"collection":[{"href":"https:\/\/www.sportchaco.com.ar\/index.php?rest_route=\/wp\/v2\/posts"}],"about":[{"href":"https:\/\/www.sportchaco.com.ar\/index.php?rest_route=\/wp\/v2\/types\/post"}],"author":[{"embeddable":true,"href":"https:\/\/www.sportchaco.com.ar\/index.php?rest_route=\/wp\/v2\/users\/2"}],"replies":[{"embeddable":true,"href":"https:\/\/www.sportchaco.com.ar\/index.php?rest_route=%2Fwp%2Fv2%2Fcomments&post=19534"}],"version-history":[{"count":3,"href":"https:\/\/www.sportchaco.com.ar\/index.php?rest_route=\/wp\/v2\/posts\/19534\/revisions"}],"predecessor-version":[{"id":19538,"href":"https:\/\/www.sportchaco.com.ar\/index.php?rest_route=\/wp\/v2\/posts\/19534\/revisions\/19538"}],"wp:featuredmedia":[{"embeddable":true,"href":"https:\/\/www.sportchaco.com.ar\/index.php?rest_route=\/wp\/v2\/media\/19536"}],"wp:attachment":[{"href":"https:\/\/www.sportchaco.com.ar\/index.php?rest_route=%2Fwp%2Fv2%2Fmedia&parent=19534"}],"wp:term":[{"taxonomy":"category","embeddable":true,"href":"https:\/\/www.sportchaco.com.ar\/index.php?rest_route=%2Fwp%2Fv2%2Fcategories&post=19534"},{"taxonomy":"post_tag","embeddable":true,"href":"https:\/\/www.sportchaco.com.ar\/index.php?rest_route=%2Fwp%2Fv2%2Ftags&post=19534"}],"curies":[{"name":"wp","href":"https:\/\/api.w.org\/{rel}","templated":true}]}}