{"id":19595,"date":"2025-05-22T23:38:34","date_gmt":"2025-05-23T02:38:34","guid":{"rendered":"https:\/\/www.sportchaco.com.ar\/?p=19595"},"modified":"2025-05-22T23:38:24","modified_gmt":"2025-05-23T02:38:24","slug":"efemerides-del-23-de-mayo-2","status":"publish","type":"post","link":"https:\/\/www.sportchaco.com.ar\/?p=19595","title":{"rendered":"Efem\u00e9rides del 23 de mayo"},"content":{"rendered":"<div class=\"container fullwidth-entry-title-wrapper\">\n<div class=\"container-wrapper fullwidth-entry-title\">\n<header class=\"entry-header-outer\">\n<div class=\"entry-header\">\n<div class=\"single-post-meta post-meta clearfix\">\n<div class=\"tie-alignright\"><\/div>\n<\/div>\n<\/div>\n<\/header>\n<\/div>\n<\/div>\n<div id=\"content\" class=\"site-content container\">\n<div id=\"main-content-row\" class=\"tie-row main-content-row\">\n<div class=\"main-content tie-col-md-8 tie-col-xs-12\" role=\"main\">\n<article id=\"the-post\" class=\"container-wrapper post-content tie-standard\">\n<div class=\"featured-area\">\n<div class=\"featured-area-inner\"><\/div>\n<\/div>\n<div class=\"entry-content entry clearfix\">\n<h4><strong>Esta es la Efem\u00e9rides del Deporte en el Chaco de un 23 de mayo del periodista Luis Dar\u00edo Molodezky.<\/strong><\/h4>\n<\/div>\n<\/article>\n<div class=\"container fullwidth-entry-title-wrapper\">\n<div class=\"container-wrapper fullwidth-entry-title\">\n<header class=\"entry-header-outer\">\n<div class=\"entry-header\">\n<h1 class=\"post-title entry-title\"><\/h1>\n<div class=\"single-post-meta post-meta clearfix\"><\/div>\n<\/div>\n<\/header>\n<\/div>\n<\/div>\n<div id=\"content\" class=\"site-content container\">\n<div id=\"main-content-row\" class=\"tie-row main-content-row\">\n<div class=\"main-content tie-col-md-8 tie-col-xs-12\" role=\"main\">\n<article id=\"the-post\" class=\"container-wrapper post-content tie-standard\">\n<div class=\"featured-area\">\n<div class=\"featured-area-inner\"><\/div>\n<\/div>\n<div class=\"entry-content entry clearfix\">\n<p><img loading=\"lazy\" decoding=\"async\" class=\"size-full wp-image-19412 aligncenter\" src=\"https:\/\/www.sportchaco.com.ar\/wp-content\/uploads\/2025\/05\/Luis-2025-marzo-3-300x229-3.jpg\" alt=\"\" width=\"300\" height=\"229\" \/><\/p>\n<p>&nbsp;<\/p>\n<\/div>\n<\/article>\n<\/div>\n<\/div>\n<\/div>\n<article id=\"the-post\" class=\"container-wrapper post-content tie-standard\">\n<div class=\"entry-content entry clearfix\">\n<p><strong>1925 \/\u00a0<\/strong>Nace en Roberts, Buenos Aires, Edgardo Valdez quien lleg\u00f3 a Barranqueras en 1940. Fue un destacado motociclista de la \u00e9poca de oro de ese deporte en el Chaco, mezcl\u00e1ndose con los mejores de la d\u00e9cada del 50. A fines de los cuarenta debut\u00f3 con una moto Royal Enfield de 350 cc, inglesa. Fue debut y gloria, en el circuito alrededor del Parque Per\u00f3n, hoy Parque 2 de Febrero. Durante cinco a\u00f1os gan\u00f3 m\u00faltiples copas y campeonatos corriendo en Corrientes, Misiones, norte de Santa Fe e interior del Chaco Fue m\u00fasico conformando el grupo de los Hermanos Valdez junto a Coco y Charles. Su m\u00fasica era variada como tangos, milongas, boleros, valses, m\u00fasica internacional, etc. y se pasea ron por los m\u00e1s renombrados clubes o pistas bailables, como et Club Social, el Progreso, la Italiana, la Espa\u00f1ola, Bar Les Bancos, El Prado Asturiano y Club de Regatas. Su otro oficio fue ser piloto de avi\u00f3n de la Ca Tabacalera Panda.<\/p>\n<p><strong>1986\u00a0<\/strong>\/ En su permanente crecimiento, Uni\u00f3n Progresista inaugura una moderna confiter\u00eda en su sede, que cumplir\u00e1 con uno de sus objetivos, que es la vida social.<\/p>\n<p><strong>1986\u00a0<\/strong>\/ Asume la presidencia de Chaco For Ever el empresario Juan Alberto Garc\u00eda, bajo cuya presidencia se inauguran las tribunas de cemento (18 de octubre de 1986) en el estadio que luego pas\u00f3 a tener su nombre. Lo acompa\u00f1an como vice Oscar Ojeda Farana y Abraham Rabinovich; secretario Ra\u00fal Portillo y tesorero Francisco Vescera.<\/p>\n<p><strong>2007\u00a0<\/strong>\/ La jugadora de Hurac\u00e1n Las Bre\u00f1as, M\u00f3nica Fr\u00edas, es convocada para los compromisos internacionales que realizar\u00e1 la Selecci\u00f3n Argentina Juvenil de v\u00f3leibol, entre el 4 al 10 de junio, por la provincia de Santa Fe, enfrentando a su similar de Puerto Rico. Dirige al conjunto nacional el profesor Oscar Romano.<\/p>\n<p><strong>23011\u00a0<\/strong>\/ En el marco del Proyecto Centenario, el Club Sarmiento inaugura obras: la tercera cancha de tenis con tribunas e iluminaci\u00f3n. El Gimnasio de Musculaci\u00f3n, Fitness y Spinning, con la presentaci\u00f3n de las modernas maquinarias. Tambi\u00e9n el segundo gimnasio cubierto, aleda\u00f1o al mini estadio Ra\u00fal Alejo Gronda. Tiene en su superficie total piso flotante, apto para la pr\u00e1ctica de b\u00e1squetbol, v\u00f3ley y handball, entre otros deportes. Finalmente se puso en marcha la FM Radio Sarmiento.<\/p>\n<p>&nbsp;<\/p>\n<p><strong>Foto portada de Juan Alberto Garc\u00eda<\/strong><\/p>\n<\/div>\n<p style=\"text-align: center;\"><img loading=\"lazy\" decoding=\"async\" class=\"alignnone size-medium wp-image-19475\" src=\"https:\/\/www.sportchaco.com.ar\/wp-content\/uploads\/2025\/05\/Banners-creditos-otorgados-al-campo_300x600-150x300.gif\" alt=\"\" width=\"150\" height=\"300\" srcset=\"https:\/\/www.sportchaco.com.ar\/wp-content\/uploads\/2025\/05\/Banners-creditos-otorgados-al-campo_300x600-150x300.gif 150w, https:\/\/www.sportchaco.com.ar\/wp-content\/uploads\/2025\/05\/Banners-creditos-otorgados-al-campo_300x600-512x1024.gif 512w\" sizes=\"auto, (max-width: 150px) 100vw, 150px\" \/>10<\/p>\n<\/article>\n<\/div>\n<\/div>\n<\/div>\n","protected":false},"excerpt":{"rendered":"<p>Esta es la Efem\u00e9rides del Deporte en el Chaco de un 23 de mayo del periodista Luis Dar\u00edo Molodezky. &nbsp; 1925 \/\u00a0Nace en Roberts, Buenos Aires, Edgardo Valdez quien lleg\u00f3 a Barranqueras en 1940. Fue un destacado motociclista de la \u00e9poca de oro de ese deporte en el Chaco, mezcl\u00e1ndose con los mejores de la &hellip;<\/p>\n","protected":false},"author":2,"featured_media":19597,"comment_status":"open","ping_status":"open","sticky":false,"template":"","format":"standard","meta":{"footnotes":""},"categories":[45,35],"tags":[],"class_list":["post-19595","post","type-post","status-publish","format-standard","has-post-thumbnail","hentry","category-efemerides-dia-por-dia","category-mayo"],"_links":{"self":[{"href":"https:\/\/www.sportchaco.com.ar\/index.php?rest_route=\/wp\/v2\/posts\/19595","targetHints":{"allow":["GET"]}}],"collection":[{"href":"https:\/\/www.sportchaco.com.ar\/index.php?rest_route=\/wp\/v2\/posts"}],"about":[{"href":"https:\/\/www.sportchaco.com.ar\/index.php?rest_route=\/wp\/v2\/types\/post"}],"author":[{"embeddable":true,"href":"https:\/\/www.sportchaco.com.ar\/index.php?rest_route=\/wp\/v2\/users\/2"}],"replies":[{"embeddable":true,"href":"https:\/\/www.sportchaco.com.ar\/index.php?rest_route=%2Fwp%2Fv2%2Fcomments&post=19595"}],"version-history":[{"count":2,"href":"https:\/\/www.sportchaco.com.ar\/index.php?rest_route=\/wp\/v2\/posts\/19595\/revisions"}],"predecessor-version":[{"id":19650,"href":"https:\/\/www.sportchaco.com.ar\/index.php?rest_route=\/wp\/v2\/posts\/19595\/revisions\/19650"}],"wp:featuredmedia":[{"embeddable":true,"href":"https:\/\/www.sportchaco.com.ar\/index.php?rest_route=\/wp\/v2\/media\/19597"}],"wp:attachment":[{"href":"https:\/\/www.sportchaco.com.ar\/index.php?rest_route=%2Fwp%2Fv2%2Fmedia&parent=19595"}],"wp:term":[{"taxonomy":"category","embeddable":true,"href":"https:\/\/www.sportchaco.com.ar\/index.php?rest_route=%2Fwp%2Fv2%2Fcategories&post=19595"},{"taxonomy":"post_tag","embeddable":true,"href":"https:\/\/www.sportchaco.com.ar\/index.php?rest_route=%2Fwp%2Fv2%2Ftags&post=19595"}],"curies":[{"name":"wp","href":"https:\/\/api.w.org\/{rel}","templated":true}]}}