{"id":19601,"date":"2025-05-22T10:16:19","date_gmt":"2025-05-22T13:16:19","guid":{"rendered":"https:\/\/www.sportchaco.com.ar\/?p=19601"},"modified":"2025-05-22T10:16:19","modified_gmt":"2025-05-22T13:16:19","slug":"rodich-escalante-y-diaz-citadas-para-el-sudamericano-de-lima","status":"publish","type":"post","link":"https:\/\/www.sportchaco.com.ar\/?p=19601","title":{"rendered":"Rodich, Escalante y D\u00edaz citadas para el Sudamericano de Lima"},"content":{"rendered":"<p><strong>22-05-2025<\/strong><\/p>\n<p><img loading=\"lazy\" decoding=\"async\" class=\"aligncenter wp-image-7249 size-large\" src=\"https:\/\/www.sportchaco.com.ar\/wp-content\/uploads\/2024\/03\/aviso-Impulsamos-turismo-1-1024x106.jpg\" sizes=\"auto, (max-width: 1024px) 100vw, 1024px\" srcset=\"https:\/\/www.sportchaco.com.ar\/wp-content\/uploads\/2024\/03\/aviso-Impulsamos-turismo-1-1024x106.jpg 1024w, https:\/\/www.sportchaco.com.ar\/wp-content\/uploads\/2024\/03\/aviso-Impulsamos-turismo-1-300x31.jpg 300w, https:\/\/www.sportchaco.com.ar\/wp-content\/uploads\/2024\/03\/aviso-Impulsamos-turismo-1-768x79.jpg 768w, https:\/\/www.sportchaco.com.ar\/wp-content\/uploads\/2024\/03\/aviso-Impulsamos-turismo-1.jpg 1366w\" alt=\"\" width=\"1024\" height=\"106\" \/><\/p>\n<p>Las jugadoras chaque\u00f1as Tal\u00eda Rodich, Cristal Escalante y Malena D\u00edaz fueron convocadas por Las Yaguaret\u00e9s para el participar del SAR 7s que se desarrollar\u00e1 en Lima, Per\u00fa el pr\u00f3ximo 24 y 25 de mayo.<\/p>\n<p>Tras tres d\u00edas de Concentraci\u00f3n Nacional, Las Yaguaret\u00e9s tienen definido el plantel de 12 jugadoras. All\u00ed, tendr\u00e1n como principal objetivo buscar la clasificaci\u00f3n al SVNS Divisi\u00f3n 3 de la pr\u00f3xima temporada (Challenger). Recordemos que el torneo sudamericano otorga 2 plazas, sin contar a Brasil, que ya est\u00e1 clasificado al SVNS Divisi\u00f3n 2. El campeonato contar\u00e1 con transmisi\u00f3n v\u00eda streaming (se confirmar\u00e1 el link m\u00e1s sobre la fecha).<\/p>\n<p><strong>Grupo A:<\/strong>\u00a0Argentina, Paraguay y Per\u00fa<br \/>\n<strong>Grupo B:<\/strong>\u00a0Brasil, Chile y Guatemala<br \/>\n<strong>Grupo C:<\/strong>\u00a0Colombia, Uruguay y Ecuador<\/p>\n<p><strong>Formato de competencia<br \/>\n<\/strong>Los nueve equipos participantes estar\u00e1n, inicialmente, divididos en tres grupos de tres, donde competir\u00e1n todos contra todos a suma de puntos.<\/p>\n<p>Una vez finalizada esa primera etapa y seg\u00fan las ubicaciones en la tabla de posiciones de cada grupo, se reagrupar\u00e1n nuevamente en tres grupos de tres equipos:<\/p>\n<p><strong>Grupo Cup 1:<\/strong> 1\u00ba Zona A, 2\u00ba Zona B y 2\u00ba Zona C<br \/>\n<strong>Grupo Cup 2:<\/strong> 1\u00ba Zona B, 1\u00ba Zona C y 2\u00ba Zona A<br \/>\n<strong>Grupo Desaf\u00edo:<\/strong> 3\u00ba Zona A, 3\u00ba Zona B, 3\u00ba Zona C<\/p>\n<p>En esta segunda etapa, competir\u00e1n todos contra todos a suma de puntos dentro del grupo. Seg\u00fan las ubicaciones finales de los Grupos 1 y 2, jugar\u00e1n un \u00faltimo partido: los primeros la final, los segundos por el tercer puesto y los terceros por el quinto puesto.<\/p>\n<p>Las \u00faltimas tres posiciones finales las determinar\u00e1 un triangular entre los integrantes del Grupo Desaf\u00edo.<\/p>\n<p>Los dos equipos mejor clasificados \u2013 sin contar a Brasil \u2013 participar\u00e1 del World Rugby 7s Challenger 2026.<\/p>\n<p><strong>Fixture<br \/>\nS\u00e1bado 24 de mayo<\/strong><br \/>\nArgentina vs Per\u00fa \u2013 14:48 hs<br \/>\nArgentina vs Paraguay \u2013 17:22 hs<\/p>\n<p>2\u00ba Zona B vs 2\u00ba Zona C\u00a0(Cup) \u2013 19:30<br \/>\n1\u00ba Zona C vs 2\u00ba Zona A\u00a0(Cup) \u2013 19:52<\/p>\n<p><strong>Domingo 25 de mayo<\/strong><br \/>\n1\u00ba Zona A vs 2\u00ba Zona C\u00a0(Cup) \u2013 12:50<br \/>\n1\u00ba Zona B vs 2\u00ba Zona A\u00a0(Cup) \u2013 13:12<br \/>\n3\u00ba Zona A vs 3\u00ba Zona C\u00a0(Desaf\u00edo) \u2013 13:34<br \/>\n1\u00ba Zona A vs 2\u00ba Zona B (Cup) \u2013 15:24<br \/>\n1\u00ba Zona B vs 1\u00ba Zona C\u00a0(Cup) \u2013 15:46<br \/>\n3\u00ba Zona A vs 3\u00ba Zona B (Desaf\u00edo) \u2013 16:08<br \/>\n3\u00ba Copa 1 vs 3\u00ba Copa 2\u00a0(Quinto puesto) \u2013 18:00<br \/>\n2\u00ba Copa 1 vs 2\u00ba Copa 2\u00a0(Tercer puesto) \u2013 18:50<br \/>\n1\u00ba Copa 1 vs 1\u00ba Copa 2 (Final) \u2013 19:40<\/p>\n<p>A continuaci\u00f3n, las 12 jugadoras convocadas para el SAR 7s de Lima:<\/p>\n<ol class=\"wp-block-list\" start=\"1\">\n<li><strong>BR\u00cdGIDO<\/strong>, Virginia \u2013 C\u00f3rdoba Athletic (Cordobesa)<\/li>\n<li><strong>DELGADO<\/strong>, Candela \u2013 Cardenales (Tucum\u00e1n)<\/li>\n<li><strong>D\u00cdAZ<\/strong>, Malena \u2013 Universitario de C\u00f3rdoba (Cordobesa)<\/li>\n<li><strong>ESCALANTE<\/strong>, Cristal \u2013 Las \u00c1guilas (Nordeste)<\/li>\n<li><strong>GONZ\u00c1LEZ<\/strong>, Sof\u00eda \u2013 Casa de Padua (URBA)<\/li>\n<li><strong>LECUONA,<\/strong>\u00a0Milagros \u2013 Centro Naval (URBA)<\/li>\n<li><strong>MEDINA,<\/strong>\u00a0Azul \u2013 Cardenales (Tucum\u00e1n)<\/li>\n<li><strong>MORENO<\/strong>, Andrea \u2013 Aguar\u00e1 Guaz\u00fa (Tucum\u00e1n)<\/li>\n<li><strong>PEDROZO<\/strong>, Paula \u2013 La Salle (URBA)<\/li>\n<li><strong>REDING<\/strong>, Antonella \u2013 C.A. Echag\u00fce (Entrerriana)<\/li>\n<li><strong>RODICH,<\/strong>\u00a0Tal\u00eda \u2013 Las \u00c1guilas (Nordeste)<\/li>\n<li><strong>TALADRID<\/strong>, Mar\u00eda \u2013 La Plata RC (URBA)<\/li>\n<\/ol>\n<p><em><strong>Fuente: UAR<\/strong><\/em><\/p>\n<p><img loading=\"lazy\" decoding=\"async\" class=\"aligncenter wp-image-16799 size-full\" src=\"https:\/\/www.sportchaco.com.ar\/wp-content\/uploads\/2025\/02\/aviso11-1.jpg\" sizes=\"auto, (max-width: 480px) 100vw, 480px\" srcset=\"https:\/\/www.sportchaco.com.ar\/wp-content\/uploads\/2025\/02\/aviso11-1.jpg 480w, https:\/\/www.sportchaco.com.ar\/wp-content\/uploads\/2025\/02\/aviso11-1-240x300.jpg 240w\" alt=\"\" width=\"480\" height=\"600\" \/><\/p>\n","protected":false},"excerpt":{"rendered":"<p>22-05-2025 Las jugadoras chaque\u00f1as Tal\u00eda Rodich, Cristal Escalante y Malena D\u00edaz fueron convocadas por Las Yaguaret\u00e9s para el participar del SAR 7s que se desarrollar\u00e1 en Lima, Per\u00fa el pr\u00f3ximo 24 y 25 de mayo. Tras tres d\u00edas de Concentraci\u00f3n Nacional, Las Yaguaret\u00e9s tienen definido el plantel de 12 jugadoras. All\u00ed, tendr\u00e1n como principal objetivo &hellip;<\/p>\n","protected":false},"author":3,"featured_media":17625,"comment_status":"open","ping_status":"open","sticky":false,"template":"","format":"standard","meta":{"footnotes":""},"categories":[7],"tags":[],"class_list":["post-19601","post","type-post","status-publish","format-standard","has-post-thumbnail","hentry","category-rugby"],"_links":{"self":[{"href":"https:\/\/www.sportchaco.com.ar\/index.php?rest_route=\/wp\/v2\/posts\/19601","targetHints":{"allow":["GET"]}}],"collection":[{"href":"https:\/\/www.sportchaco.com.ar\/index.php?rest_route=\/wp\/v2\/posts"}],"about":[{"href":"https:\/\/www.sportchaco.com.ar\/index.php?rest_route=\/wp\/v2\/types\/post"}],"author":[{"embeddable":true,"href":"https:\/\/www.sportchaco.com.ar\/index.php?rest_route=\/wp\/v2\/users\/3"}],"replies":[{"embeddable":true,"href":"https:\/\/www.sportchaco.com.ar\/index.php?rest_route=%2Fwp%2Fv2%2Fcomments&post=19601"}],"version-history":[{"count":1,"href":"https:\/\/www.sportchaco.com.ar\/index.php?rest_route=\/wp\/v2\/posts\/19601\/revisions"}],"predecessor-version":[{"id":19605,"href":"https:\/\/www.sportchaco.com.ar\/index.php?rest_route=\/wp\/v2\/posts\/19601\/revisions\/19605"}],"wp:featuredmedia":[{"embeddable":true,"href":"https:\/\/www.sportchaco.com.ar\/index.php?rest_route=\/wp\/v2\/media\/17625"}],"wp:attachment":[{"href":"https:\/\/www.sportchaco.com.ar\/index.php?rest_route=%2Fwp%2Fv2%2Fmedia&parent=19601"}],"wp:term":[{"taxonomy":"category","embeddable":true,"href":"https:\/\/www.sportchaco.com.ar\/index.php?rest_route=%2Fwp%2Fv2%2Fcategories&post=19601"},{"taxonomy":"post_tag","embeddable":true,"href":"https:\/\/www.sportchaco.com.ar\/index.php?rest_route=%2Fwp%2Fv2%2Ftags&post=19601"}],"curies":[{"name":"wp","href":"https:\/\/api.w.org\/{rel}","templated":true}]}}