{"id":19628,"date":"2025-05-22T18:27:04","date_gmt":"2025-05-22T21:27:04","guid":{"rendered":"https:\/\/www.sportchaco.com.ar\/?p=19628"},"modified":"2025-05-23T12:21:50","modified_gmt":"2025-05-23T15:21:50","slug":"vuelve-el-futbol-femenino","status":"publish","type":"post","link":"https:\/\/www.sportchaco.com.ar\/?p=19628","title":{"rendered":"Vuelve el f\u00fatbol femenino"},"content":{"rendered":"<p><strong>22-05-2025<\/strong><\/p>\n<p><img loading=\"lazy\" decoding=\"async\" class=\"aligncenter wp-image-11424 size-large\" src=\"https:\/\/www.sportchaco.com.ar\/wp-content\/uploads\/2024\/07\/gob-salud-fijo-marzo-1024x171.jpg\" sizes=\"auto, (max-width: 1024px) 100vw, 1024px\" srcset=\"https:\/\/www.sportchaco.com.ar\/wp-content\/uploads\/2024\/07\/gob-salud-fijo-marzo-1024x171.jpg 1024w, https:\/\/www.sportchaco.com.ar\/wp-content\/uploads\/2024\/07\/gob-salud-fijo-marzo-300x50.jpg 300w, https:\/\/www.sportchaco.com.ar\/wp-content\/uploads\/2024\/07\/gob-salud-fijo-marzo-768x128.jpg 768w, https:\/\/www.sportchaco.com.ar\/wp-content\/uploads\/2024\/07\/gob-salud-fijo-marzo.jpg 1200w\" alt=\"\" width=\"1024\" height=\"171\" \/><\/p>\n<p>La Liga Chaque\u00f1a de F\u00fatbol program\u00f3 una nueva fecha del campeonato Apertura del femenino. Lo ins\u00f3lito es que se jugar\u00e1 la 8\u00aa jornada antes que la 7\u00aa.<\/p>\n<p>Luego de un receso por elecciones y lluvias las chicas volver\u00e1n a competir. La \u00faltima fecha se hab\u00eda jugado el primer fin de semana de mayo y luego vinieron semanas de inactividad.<\/p>\n<p>Llamativamente, la \u00faltima jornada disputada fue la sexta y este fin de semana se disputar\u00e1 la octava.<\/p>\n<p>Adem\u00e1s, sali\u00f3 el fallo del partido entre Defensores de Vilelas y Atlas del Sur, que se le dio por ganado nom\u00e1s a las chicas del \u00abverde\u00bb.<\/p>\n<p><b>TODA LA 8\u00aa FECHA<br \/>\nS\u00e1bado<\/b> 24-05<br \/>\nA las 8, Indep. Tirol &#8211; V\u00e9lez<\/p>\n<p><b>Domingo 25-05<\/b><br \/>\nA las 8, Uni\u00f3n del Sur &#8211; Regional<br \/>\nA las 10, Dep. Luj\u00e1n &#8211; Don Orione<br \/>\nA las 10, Anunciaci\u00f3n &#8211; San Fernando, en V\u00e9lez<br \/>\nA las 10, C. E. de Comercio &#8211; Villa Alvear<br \/>\nA las 10, For Ever &#8211; Parque Independencia, en Uni\u00f3n del Sur<br \/>\nA las 10, Bariloche FC &#8211; Atlas del Sur, en Canallas del Sur<br \/>\nA las 10, Chaco Hebr\u00f3n &#8211; Sarmiento<\/p>\n<p><strong>Libre: <\/strong>Defensores<br \/>\n<b><\/b><\/p>\n<p><b>POSICIONES<\/b><br \/>\nVilla Alvear 15\u00a0<em>(a)<br \/>\n<\/em>Don Orione 13\u00a0<em>(a)<\/em><br \/>\nC. E. de Comercio 11<br \/>\nSarmiento 11\u00a0<em>(b)<\/em><br \/>\nParque Independencia 10\u00a0<em>(a)<\/em><br \/>\nUni\u00f3n del Sur 10<em><br \/>\n<\/em>San Fernando 9<em>\u00a0(a)<\/em><br \/>\nDefensores 8<br \/>\nV\u00e9lez 8<br \/>\nFor Ever 5\u00a0<em>(a)<\/em><br \/>\nIndep. Tirol 4\u00a0<em>(a) (b)<\/em><br \/>\nRegional 4<br \/>\nAtlas del Sur 3<br \/>\nDep. Luj\u00e1n 2\u00a0<em>(a)<\/em><br \/>\nBariloche FC 2<br \/>\nChaco Hebr\u00f3n 1\u00a0<em>(a)<\/em><br \/>\nAnunciaci\u00f3n 0\u00a0<em>(a)<\/em><em><br \/>\n(a) deben partidos de la 1\u00aa fecha<br \/>\n(b) deben partidos de la 6\u00aa fecha<\/em><\/p>\n<p><img loading=\"lazy\" decoding=\"async\" class=\"aligncenter wp-image-18156 size-full\" src=\"https:\/\/www.sportchaco.com.ar\/wp-content\/uploads\/2025\/04\/gobierno.jpg\" sizes=\"auto, (max-width: 600px) 100vw, 600px\" srcset=\"https:\/\/www.sportchaco.com.ar\/wp-content\/uploads\/2025\/04\/gobierno.jpg 600w, https:\/\/www.sportchaco.com.ar\/wp-content\/uploads\/2025\/04\/gobierno-300x169.jpg 300w, https:\/\/www.sportchaco.com.ar\/wp-content\/uploads\/2025\/04\/gobierno-390x220.jpg 390w\" alt=\"\" width=\"600\" height=\"338\" \/><\/p>\n","protected":false},"excerpt":{"rendered":"<p>22-05-2025 La Liga Chaque\u00f1a de F\u00fatbol program\u00f3 una nueva fecha del campeonato Apertura del femenino. Lo ins\u00f3lito es que se jugar\u00e1 la 8\u00aa jornada antes que la 7\u00aa. Luego de un receso por elecciones y lluvias las chicas volver\u00e1n a competir. La \u00faltima fecha se hab\u00eda jugado el primer fin de semana de mayo y &hellip;<\/p>\n","protected":false},"author":3,"featured_media":18659,"comment_status":"open","ping_status":"open","sticky":false,"template":"","format":"standard","meta":{"footnotes":""},"categories":[5],"tags":[],"class_list":["post-19628","post","type-post","status-publish","format-standard","has-post-thumbnail","hentry","category-futbol"],"_links":{"self":[{"href":"https:\/\/www.sportchaco.com.ar\/index.php?rest_route=\/wp\/v2\/posts\/19628","targetHints":{"allow":["GET"]}}],"collection":[{"href":"https:\/\/www.sportchaco.com.ar\/index.php?rest_route=\/wp\/v2\/posts"}],"about":[{"href":"https:\/\/www.sportchaco.com.ar\/index.php?rest_route=\/wp\/v2\/types\/post"}],"author":[{"embeddable":true,"href":"https:\/\/www.sportchaco.com.ar\/index.php?rest_route=\/wp\/v2\/users\/3"}],"replies":[{"embeddable":true,"href":"https:\/\/www.sportchaco.com.ar\/index.php?rest_route=%2Fwp%2Fv2%2Fcomments&post=19628"}],"version-history":[{"count":5,"href":"https:\/\/www.sportchaco.com.ar\/index.php?rest_route=\/wp\/v2\/posts\/19628\/revisions"}],"predecessor-version":[{"id":19672,"href":"https:\/\/www.sportchaco.com.ar\/index.php?rest_route=\/wp\/v2\/posts\/19628\/revisions\/19672"}],"wp:featuredmedia":[{"embeddable":true,"href":"https:\/\/www.sportchaco.com.ar\/index.php?rest_route=\/wp\/v2\/media\/18659"}],"wp:attachment":[{"href":"https:\/\/www.sportchaco.com.ar\/index.php?rest_route=%2Fwp%2Fv2%2Fmedia&parent=19628"}],"wp:term":[{"taxonomy":"category","embeddable":true,"href":"https:\/\/www.sportchaco.com.ar\/index.php?rest_route=%2Fwp%2Fv2%2Fcategories&post=19628"},{"taxonomy":"post_tag","embeddable":true,"href":"https:\/\/www.sportchaco.com.ar\/index.php?rest_route=%2Fwp%2Fv2%2Ftags&post=19628"}],"curies":[{"name":"wp","href":"https:\/\/api.w.org\/{rel}","templated":true}]}}