{"id":19646,"date":"2025-05-22T23:12:40","date_gmt":"2025-05-23T02:12:40","guid":{"rendered":"https:\/\/www.sportchaco.com.ar\/?p=19646"},"modified":"2025-05-22T23:12:40","modified_gmt":"2025-05-23T02:12:40","slug":"guardiola-explico-por-que-dejo-al-diablito-echeverri-afuera-del-ultimo-partido-del-city","status":"publish","type":"post","link":"https:\/\/www.sportchaco.com.ar\/?p=19646","title":{"rendered":"Guardiola explic\u00f3 por qu\u00e9 dej\u00f3 al Diablito Echeverri afuera del \u00faltimo partido del City"},"content":{"rendered":"<header class=\"article-header-wrapper\">\n<div class=\"article-header\">\n<h1 id=\"la-llamativa-frase-de-guardiola-para-explicar-por-que-dejo-al-diablito-echeverri-afuera-del-ultimo-partido-del-city\" class=\"display-block article-headline text_align_left\"><\/h1>\n<h2 class=\"article-subheadline text_align_left\">El entrenador Pep Guardiola tuvo elogiosas palabras para uno de los flamantes refuerzos que lleg\u00f3 esta temporada, aunque se\u00f1al\u00f3 la faceta en la que debe mejorar<\/h2>\n<\/div>\n<\/header>\n<article class=\"article\">\n<div class=\"sharebar-container display_flex\">\n<div class=\"sharebar-buttons-container display_flex\">\n<div class=\"sharebar-buttons button-save\" tabindex=\"0\" role=\"button\" aria-label=\"Guardar\"><\/div>\n<div class=\"sharebar-buttons-separator\"><\/div>\n<p><button class=\"sharemenu-buttons display_flex\" aria-label=\"Compartir en Telegram\"><\/button><button class=\"sharemenu-buttons display_flex\" aria-label=\"Compartir en Linkedin\"><\/button><button class=\"sharemenu-buttons display_flex\" aria-label=\"Compartir en Twitter\"><\/button><button class=\"sharemenu-buttons display_flex\" aria-label=\"Compartir en Whatsapp\"><\/button><button class=\"sharemenu-buttons display_flex\" aria-label=\"Compartir en Facebook\"><\/button><\/div>\n<\/div>\n<div class=\"body-article \">\n<div class=\"visual__image\"><picture><source srcset=\"https:\/\/www.infobae.com\/resizer\/v2\/MHL3L7CAKVB3DOJ6SQ2IMGO7EY.jpg?auth=454075d4b89fe7d5c4bef87c08850bb2b5a36044d800e48b636a2c554bd2fa4b&amp;smart=true&amp;width=992&amp;height=558&amp;quality=85\" media=\"(min-width: 1000px)\" \/><source srcset=\"https:\/\/www.infobae.com\/resizer\/v2\/MHL3L7CAKVB3DOJ6SQ2IMGO7EY.jpg?auth=454075d4b89fe7d5c4bef87c08850bb2b5a36044d800e48b636a2c554bd2fa4b&amp;smart=true&amp;width=768&amp;height=432&amp;quality=85\" media=\"(min-width: 768px)\" \/><source srcset=\"https:\/\/www.infobae.com\/resizer\/v2\/MHL3L7CAKVB3DOJ6SQ2IMGO7EY.jpg?auth=454075d4b89fe7d5c4bef87c08850bb2b5a36044d800e48b636a2c554bd2fa4b&amp;smart=true&amp;width=577&amp;height=325&amp;quality=85\" media=\"(min-width: 580px)\" \/><source srcset=\"https:\/\/www.infobae.com\/resizer\/v2\/MHL3L7CAKVB3DOJ6SQ2IMGO7EY.jpg?auth=454075d4b89fe7d5c4bef87c08850bb2b5a36044d800e48b636a2c554bd2fa4b&amp;smart=true&amp;width=420&amp;height=236&amp;quality=85\" media=\"(min-width: 350px)\" \/><source srcset=\"https:\/\/www.infobae.com\/resizer\/v2\/MHL3L7CAKVB3DOJ6SQ2IMGO7EY.jpg?auth=454075d4b89fe7d5c4bef87c08850bb2b5a36044d800e48b636a2c554bd2fa4b&amp;smart=true&amp;width=350&amp;height=197&amp;quality=85\" media=\"(min-width: 80px)\" \/><img loading=\"lazy\" decoding=\"async\" class=\"global-image\" src=\"https:\/\/www.infobae.com\/resizer\/v2\/MHL3L7CAKVB3DOJ6SQ2IMGO7EY.jpg?auth=454075d4b89fe7d5c4bef87c08850bb2b5a36044d800e48b636a2c554bd2fa4b&amp;smart=true&amp;width=350&amp;height=197&amp;quality=85\" alt=\"Pep Guardiola destac\u00f3 al Diablito\" width=\"1920\" height=\"1080\" \/><\/picture>Pep Guardiola destac\u00f3 al Diablito Echeverri, pero se\u00f1al\u00f3 que todav\u00eda debe continuar su crecimiento en Manchester City<\/div>\n<p class=\"paragraph\"><b>Claudio Echeverri<\/b>\u00a0se fue al\u00a0<b>Manchester City<\/b>\u00a0a principios de 2025, despu\u00e9s de una operaci\u00f3n millonaria con\u00a0<b>River Plate<\/b>\u00a0por un valor cercano a su cl\u00e1usula de salida: 25 millones de euros. El joven chaque\u00f1o, que el 2 de enero pasado cumpli\u00f3 19 a\u00f1os, demor\u00f3 su adaptaci\u00f3n en una temporada muy particular para los de Pep Guardiola, que cerr\u00f3 con un solo t\u00edtulo, anterior a la llegada de la promesa de las Inferiores de la\u00a0<i>Banda<\/i>\u00a0(<b>Community Shield 2024<\/b>).<\/p>\n<p class=\"paragraph\">El volante ofensivo tuvo una transici\u00f3n sin rodaje competitivo hasta el s\u00e1bado 17 de mayo, cuando Guardiola decidi\u00f3 darle sus primeros minutos como jugador\u00a0<i>Cityzen<\/i>\u00a0en la final de la\u00a0<b>FA Cup<\/b>, que termin\u00f3 con derrota frente al\u00a0<b>Crystal Palace<\/b>. Curiosamente, esa decisi\u00f3n ocurri\u00f3 a pocos d\u00edas de un lapidario informe del periodista\u00a0<i>Sam Lee,\u00a0<\/i>corresponsal del medio brit\u00e1nico\u00a0<i>The Athletic<\/i>, en su podcast\u00a0<i>Let Me Talk<\/i>: \u201c<a href=\"https:\/\/www.infobae.com\/deportes\/2025\/05\/15\/el-lapidario-informe-contra-el-diablito-echeverri-en-inglaterra-que-pone-en-duda-su-futuro-en-el-city-nunca-va-a-jugar\/\" target=\"_blank\" rel=\"noopener noreferrer\"><b>Nunca va a jugar<\/b>.<\/a>\u00a0<b>Creo que nunca estuvo en los planes para que jugara en el City al final de esta temporada<\/b>\u201c.<\/p>\n<p class=\"paragraph\">Su ingreso desde los 75 minutos en reemplazo del egipcio Omar Marmoush con el resultado 0-1 (as\u00ed termin\u00f3) tuvo la explosi\u00f3n del\u00a0<i>Diablito<\/i>\u00a0como marca distintiva, esa chispa mostrada en River Plate, y que lo sigui\u00f3 a Inglaterra. Una prueba clara de eso fue\u00a0<a href=\"https:\/\/www.infobae.com\/deportes\/2025\/05\/17\/el-diablito-echeverri-debuta-con-el-manchester-city-en-la-final-de-la-fa-cup-ante-crystal-palace\/\" target=\"_blank\" rel=\"noopener noreferrer\">una opci\u00f3n clara para igualar el partido a los pocos instantes de haber saltado al campo<\/a>. Incluso, registr\u00f3 otro disparo nuevamente bloqueado por la defensa de las\u00a0<i>\u00c1guilas<\/i>.<\/p>\n<p class=\"paragraph\">Su auspicioso bautismo llevaba a pensar que Echeverri pod\u00eda seguir sumando minutos, pero llam\u00f3 mucho la atenci\u00f3n verlo afuera de la convocatoria en el encuentro con victoria 3-1 sobre Bournemouth en el\u00a0<i>Estadio Ciudad de Manchester<\/i>\u00a0por la ante\u00faltima fecha de la Premier League, un cruce decisivo porque con ese marcador el conjunto ingl\u00e9s\u00a0<a href=\"https:\/\/www.infobae.com\/deportes\/2025\/05\/20\/manchester-city-gano-un-partido-clave-en-la-premier-y-arde-la-batalla-por-entrar-a-la-champions-asi-sera-la-apasionante-definicion\/\" target=\"_blank\" rel=\"noopener noreferrer\">dio un paso clave para quedar muy cerca de asegurar el pasaje a la pr\u00f3xima Champions League<\/a>.<\/p>\n<div class=\"rawHTML raw_html \">\n<div class=\"container-video\"><iframe class=\"responsive-iframe-video\" title=\"video-espn\" src=\"https:\/\/www.espn.com.ar\/core\/video\/iframe?id=15196434&amp;endcard=false&amp;omniReportSuite=wdgespge\" data-mce-fragment=\"1\"><\/iframe><\/div>\n<\/div>\n<p class=\"paragraph\"><i>*El partido del Diablito Echeverri en la final de la FA Cup<\/i><\/p>\n<p class=\"paragraph\">Esta decisi\u00f3n de\u00a0<b>Pep Guardiola<\/b>\u00a0fue motivo de consulta para el segundo entrenador m\u00e1s ganador de la historia con 39 t\u00edtulos, por detr\u00e1s de Sir Alex Ferguson (49). \u201c<b>Echeverri no est\u00e1 preparado para ese tipo de desaf\u00edo.<\/b>\u00a0O quiz\u00e1 s\u00ed lo est\u00e1, pero no me doy cuenta\u201d, lanz\u00f3 el ex DT del Barcelona y el Bayern M\u00fanich.<\/p>\n<p class=\"paragraph\">En sus argumentos, Guardiola profundiz\u00f3 en las diferencias entre los dos partidos en discusi\u00f3n y, en su comentario, tuvo elogios a uno de sus nuevos pupilos: \u201c<b>Echeverri es incre\u00edblemente bueno en espacios reducidos, cuando los equipos defienden tan atr\u00e1s como Southampton o Crystal Palace<\/b>\u201d. Con respecto al duelo por la fecha 37, defini\u00f3 al\u00a0<b>Bournemouth\u00a0<\/b>como un \u201cequipo que juega con transiciones r\u00e1pidas y abre el juego\u201d y, frente a esas caracter\u00edsticas, asegur\u00f3 que\u00a0<b>al\u00a0<\/b><i><b>Diablito<\/b><\/i><b>\u00a0todav\u00eda le falta para provocar una diferencia en esos duelos<\/b>. En este punto, hay una coincidencia con el an\u00e1lisis del cronista de\u00a0<i>The Athletic<\/i>, quien asegur\u00f3 que estaba \u201cmuy crudo\u201d despu\u00e9s de sus primeros meses en Europa.<\/p>\n<p class=\"paragraph\">Adem\u00e1s, el entrenador espa\u00f1ol de 54 a\u00f1os se hab\u00eda referido a Claudio Echeverri despu\u00e9s de su entrada en el\u00a0<i>Estadio Wembley<\/i>: \u201cPara ser sincero, no fue una mala decisi\u00f3n, con la forma de jugar y las ocasiones que tuvo&#8230;\u00a0<b>\u00a1Gener\u00f3 tres chances en espacios reducidos! Lo vi muy bien en los entrenamientos<\/b>\u201d. \u201cS\u00e9 que es especial para \u00e9l quiz\u00e1 porque es la final de la FA Cup, pero\u00a0<b>est\u00e1 jugando y movi\u00e9ndose muy bien en espacios muy reducidos, es muy creativo. Y, durante el partido, en los \u00faltimos minutos, pens\u00e9 que encontrar\u00eda algo en este tipo de partidos<\/b>\u201d, concluy\u00f3.<\/p>\n<div class=\"rawHTML raw_html \">\n<div class=\"container-video\"><iframe class=\"responsive-iframe-video\" title=\"video-espn\" src=\"https:\/\/www.espn.com.ar\/core\/video\/iframe?id=15196690&amp;endcard=false&amp;omniReportSuite=wdgespge\" allowfullscreen=\"allowfullscreen\" data-mce-fragment=\"1\"><\/iframe><\/div>\n<\/div>\n<p class=\"paragraph\"><i>*Las palabras de Bernardo Silva sobre el Diablito<\/i><\/p>\n<p class=\"paragraph\">Sus propios compa\u00f1eros en el Manchester City quedaron maravillados con el juvenil, quien brill\u00f3 el\u00a0<b>Sudamericano Sub 20 de 2025<\/b>\u00a0con la\u00a0<b>selecci\u00f3n argentina<\/b>. A\u00a0<b>Bernardo Silva<\/b>\u00a0se le dibuj\u00f3 una sonrisa cuando le mencionaron su nombre: \u201c<b>Es buen\u00edsimo<\/b>, se puede ver en los entrenamientos.\u00a0<a href=\"https:\/\/www.infobae.com\/deportes\/2025\/05\/17\/nos-quedamos-sorprendidos-los-elogios-de-una-figura-del-manchester-city-al-diablito-echeverri-tras-su-debut\/\" target=\"_blank\" rel=\"noopener noreferrer\">Cuando empez\u00f3 a entrenar con nosotros,\u00a0<b>nos quedamos muy sorprendidos<\/b><\/a>\u00a0porque no lo conoc\u00edamos y es muy bueno. Estoy seguro que tendr\u00e1 un gran futuro por delante\u201d.<\/p>\n<p class=\"paragraph\">Phil Foden se sum\u00f3 a los halagos: \u201cClaudio no ha tenido muchos minutos de juego todav\u00eda, pero\u00a0<b>vi\u00e9ndolo entrenar, es fant\u00e1stico<\/b>. Es muy joven y obviamente necesita tiempo para crecer dentro del equipo.\u00a0<b>Cuantos m\u00e1s minutos tenga, m\u00e1s se desarrollar\u00e1 como jugador<\/b>\u201d.<\/p>\n<p class=\"paragraph\">Claudio Echeverri podr\u00eda reaparecer este domingo desde las 12 (hora argentina), cuando Manchester City cierre el\u00a0<i>fixture<\/i>\u00a0de la Premier League contra Fulham en\u00a0<i>Craven Cottage<\/i>, Londres. Tambi\u00e9n podr\u00eda ser de la partida en el Mundial de Clubes con vistas al grupo que los\u00a0<i>Ciudadanos<\/i> compartir\u00e1n con Wydad de Marruecos, Al Ain de Emiratos \u00c1rabes Unidos y Juventus de Italia.<br \/>\nFuente Infobae<\/p>\n<p><img loading=\"lazy\" decoding=\"async\" class=\"alignnone size-medium wp-image-19521 aligncenter\" src=\"https:\/\/www.sportchaco.com.ar\/wp-content\/uploads\/2025\/05\/Banners-creditos-otorgados-al-campo_300x600-2-150x300.gif\" alt=\"\" width=\"150\" height=\"300\" srcset=\"https:\/\/www.sportchaco.com.ar\/wp-content\/uploads\/2025\/05\/Banners-creditos-otorgados-al-campo_300x600-2-150x300.gif 150w, https:\/\/www.sportchaco.com.ar\/wp-content\/uploads\/2025\/05\/Banners-creditos-otorgados-al-campo_300x600-2-512x1024.gif 512w\" sizes=\"auto, (max-width: 150px) 100vw, 150px\" \/><\/p>\n<\/div>\n<\/article>\n","protected":false},"excerpt":{"rendered":"<p>El entrenador Pep Guardiola tuvo elogiosas palabras para uno de los flamantes refuerzos que lleg\u00f3 esta temporada, aunque se\u00f1al\u00f3 la faceta en la que debe mejorar Pep Guardiola destac\u00f3 al Diablito Echeverri, pero se\u00f1al\u00f3 que todav\u00eda debe continuar su crecimiento en Manchester City Claudio Echeverri\u00a0se fue al\u00a0Manchester City\u00a0a principios de 2025, despu\u00e9s de una operaci\u00f3n &hellip;<\/p>\n","protected":false},"author":2,"featured_media":19647,"comment_status":"open","ping_status":"open","sticky":false,"template":"","format":"standard","meta":{"footnotes":""},"categories":[6],"tags":[],"class_list":["post-19646","post","type-post","status-publish","format-standard","has-post-thumbnail","hentry","category-internacionales"],"_links":{"self":[{"href":"https:\/\/www.sportchaco.com.ar\/index.php?rest_route=\/wp\/v2\/posts\/19646","targetHints":{"allow":["GET"]}}],"collection":[{"href":"https:\/\/www.sportchaco.com.ar\/index.php?rest_route=\/wp\/v2\/posts"}],"about":[{"href":"https:\/\/www.sportchaco.com.ar\/index.php?rest_route=\/wp\/v2\/types\/post"}],"author":[{"embeddable":true,"href":"https:\/\/www.sportchaco.com.ar\/index.php?rest_route=\/wp\/v2\/users\/2"}],"replies":[{"embeddable":true,"href":"https:\/\/www.sportchaco.com.ar\/index.php?rest_route=%2Fwp%2Fv2%2Fcomments&post=19646"}],"version-history":[{"count":1,"href":"https:\/\/www.sportchaco.com.ar\/index.php?rest_route=\/wp\/v2\/posts\/19646\/revisions"}],"predecessor-version":[{"id":19648,"href":"https:\/\/www.sportchaco.com.ar\/index.php?rest_route=\/wp\/v2\/posts\/19646\/revisions\/19648"}],"wp:featuredmedia":[{"embeddable":true,"href":"https:\/\/www.sportchaco.com.ar\/index.php?rest_route=\/wp\/v2\/media\/19647"}],"wp:attachment":[{"href":"https:\/\/www.sportchaco.com.ar\/index.php?rest_route=%2Fwp%2Fv2%2Fmedia&parent=19646"}],"wp:term":[{"taxonomy":"category","embeddable":true,"href":"https:\/\/www.sportchaco.com.ar\/index.php?rest_route=%2Fwp%2Fv2%2Fcategories&post=19646"},{"taxonomy":"post_tag","embeddable":true,"href":"https:\/\/www.sportchaco.com.ar\/index.php?rest_route=%2Fwp%2Fv2%2Ftags&post=19646"}],"curies":[{"name":"wp","href":"https:\/\/api.w.org\/{rel}","templated":true}]}}