{"id":19658,"date":"2025-05-22T23:37:36","date_gmt":"2025-05-23T02:37:36","guid":{"rendered":"https:\/\/www.sportchaco.com.ar\/?p=19658"},"modified":"2025-05-22T23:37:36","modified_gmt":"2025-05-23T02:37:36","slug":"avanzo-newells-en-la-copa-argentina","status":"publish","type":"post","link":"https:\/\/www.sportchaco.com.ar\/?p=19658","title":{"rendered":"Avanz\u00f3 \u00d1ewell\u00b4s en la Copa Argentina"},"content":{"rendered":"<header class=\"article-header\" data-tadevel-template=\"web\/article-header\">\n<h4 class=\"article-title\">Newell\u2019s le gan\u00f3 a Defensa y Justicia por 2 a 0 y est\u00e1 en octavos de final de la Copa Argentina. La \u201cLepra\u201d enfrentar\u00e1 al ganador entre Belgrano de C\u00f3rdoba y Defensores de Belgrano.<\/h4>\n<div class=\"style-scope share-button-set\">\n<div class=\"wrapper style-scope share-button\" title=\"Compartir en Facebook\"><\/div>\n<div class=\"wrapper style-scope share-button\" title=\"Compartir en X (Twitter)\"><\/div>\n<div class=\"wrapper style-scope share-button\" title=\"Compartir en WhatsApp\"><\/div>\n<div class=\"wrapper style-scope share-button\" title=\"Escuchar el art\u00edculo\"><\/div>\n<\/div>\n<\/header>\n<div class=\"columns\" data-tadevel-template=\"web\/article-columns\">\n<div class=\"column-main\">\n<figure class=\"multimedia\" data-type=\"photo\" data-tadevel-template=\"web\/multimedia\">\n<div class=\"content\">\n<div class=\"sizer\" data-sizer=\"aspect-ratio\" data-tadevel-template=\"web\/aspect-ratio\">\n<div class=\"backdrop\" data-tadevel-template=\"web\/picture\"><\/div>\n<picture data-tadevel-template=\"web\/picture\"><source srcset=\"https:\/\/alpha-assets.tadevel-cdn.com\/682fd82093eaa65678c20bd0\/180.webp 174w, https:\/\/alpha-assets.tadevel-cdn.com\/682fd82093eaa65678c20bd0\/360.webp 348w, https:\/\/alpha-assets.tadevel-cdn.com\/682fd82093eaa65678c20bd0\/720.webp 695w\" type=\"image\/webp\" sizes=\"(min-device-width: 768px) 768px, 200px\" \/><source srcset=\"https:\/\/alpha-assets.tadevel-cdn.com\/682fd82093eaa65678c20bd0\/720.jpeg 695w\" type=\"image\/jpeg\" sizes=\"(min-device-width: 768px) 768px, 200px\" \/><\/picture><\/div>\n<\/div><figcaption class=\"caption\">\n<div class=\"attribution\"><\/div>\n<\/figcaption><\/figure>\n<div class=\"article-body\" data-tadevel-template=\"web\/article-body\">\n<div class=\"article-body-content\">\n<p>Newell\u2019s\u00a0derrot\u00f3 a\u00a0Defensa y Justicia\u00a0por 2 a 0 en el partido que disputaron esta noche, en el estadio \u00danico de San Nicol\u00e1s, por los 16avos de final de la\u00a0Copa Argentina 2025.<\/p>\n<p>Los goles fueron convertidos por el delantero\u00a0Luciano Herrera, en 38 minutos de la primera etapa, y el volante\u00a0Gonzalo Maroni, en el segundo minuto del complemento.<\/p>\n<p>Con el triunfo, el equipo de\u00a0Cristian \u201cOgro\u201d Fabbiani\u00a0clasific\u00f3 a los octavos de final de la copa nacional, instancia en la que enfrentar\u00e1 al ganador entre\u00a0Belgrano de C\u00f3rdoba\u00a0y\u00a0Defensores de Belgrano, en un partido con fecha, hora y sede a confirmar.<\/p>\n<p>&nbsp;<\/p>\n<h4>S\u00edntesis:<\/h4>\n<p><strong>Copa Argentina 2025. <\/strong>16avos de final.<\/p>\n<p><strong>Defensa y Justicia 0-2 Newell\u2019s.<\/strong><\/p>\n<p>Estadio: \u00danico de San Nicol\u00e1s. \u00c1rbitro: Pablo D\u00f3valo.<\/p>\n<p><strong>Defensa y Justicia<\/strong>: Enrique Bologna; Ezequiel Cannavo, Emanuel Aguilera, Rafael Delgado, Alexis Soto; C\u00e9sar P\u00e9rez, Kevin Guti\u00e9rrez, Lucas Gonz\u00e1lez; Francisco Gonz\u00e1lez, Abiel Osorio, Gast\u00f3n Togni. DT: Tob\u00edas Kohan.<\/p>\n<p><strong>Newell\u2019s<\/strong>: Keylor Navas; Alejo Montero, Luciano Lollo, V\u00edctor Cuesta, \u00c1ngelo Martino; Gonzalo Maroni, Tom\u00e1s Jacob, Ever Banega, Luciano Herrera; Juan Manuel Garc\u00eda, Carlos Gonz\u00e1lez. DT: Cristian Fabbiani.<\/p>\n<p>Gol en el primer tiempo: 38m. Luciano Herrera (N). Gol en el segundo tiempo: 2m. Gonzalo Maroni (D).<\/p>\n<p>Cambios en el segundo tiempo: al inicio. Aaron Molinas por C\u00e9sar P\u00e9rez (D); 13m. Fernando Cardozo por Juan Manuel Garc\u00eda (N); Mat\u00edas Miranda por Lucas Gonz\u00e1lez (D) y Mat\u00edas Ram\u00edrez por Francisco Gonz\u00e1lez (D); 22m. Valentino Acu\u00f1a por Luciano Herrera (N); 32m. Juan Miritello por Abiel Osorio (D), 38m. Gast\u00f3n Gonz\u00e1lez por Alexis Soto (D); 40m. Sa\u00fal Salcedo por Alejo Montero (N) y Andrew Pereira por Gonzalo Maroni (N).<\/p>\n<\/div>\n<p><strong>Foto:\u00a0 Los jugadores de Newell\u00b4s festejan el primer gol de Luciano Herrera.<\/strong><\/p>\n<\/div>\n<p style=\"text-align: center;\"><img loading=\"lazy\" decoding=\"async\" class=\"alignnone size-medium wp-image-19655\" src=\"https:\/\/www.sportchaco.com.ar\/wp-content\/uploads\/2025\/05\/Banners-creditos-otorgados-al-campo_1080x1350-1-240x300.gif\" alt=\"\" width=\"240\" height=\"300\" srcset=\"https:\/\/www.sportchaco.com.ar\/wp-content\/uploads\/2025\/05\/Banners-creditos-otorgados-al-campo_1080x1350-1-240x300.gif 240w, https:\/\/www.sportchaco.com.ar\/wp-content\/uploads\/2025\/05\/Banners-creditos-otorgados-al-campo_1080x1350-1-819x1024.gif 819w, https:\/\/www.sportchaco.com.ar\/wp-content\/uploads\/2025\/05\/Banners-creditos-otorgados-al-campo_1080x1350-1-768x960.gif 768w, https:\/\/www.sportchaco.com.ar\/wp-content\/uploads\/2025\/05\/Banners-creditos-otorgados-al-campo_1080x1350-1-1229x1536.gif 1229w, https:\/\/www.sportchaco.com.ar\/wp-content\/uploads\/2025\/05\/Banners-creditos-otorgados-al-campo_1080x1350-1-1639x2048.gif 1639w\" sizes=\"auto, (max-width: 240px) 100vw, 240px\" \/><\/p>\n<\/div>\n<\/div>\n","protected":false},"excerpt":{"rendered":"<p>Newell\u2019s le gan\u00f3 a Defensa y Justicia por 2 a 0 y est\u00e1 en octavos de final de la Copa Argentina. La \u201cLepra\u201d enfrentar\u00e1 al ganador entre Belgrano de C\u00f3rdoba y Defensores de Belgrano. Newell\u2019s\u00a0derrot\u00f3 a\u00a0Defensa y Justicia\u00a0por 2 a 0 en el partido que disputaron esta noche, en el estadio \u00danico de San Nicol\u00e1s, &hellip;<\/p>\n","protected":false},"author":2,"featured_media":19659,"comment_status":"open","ping_status":"open","sticky":false,"template":"","format":"standard","meta":{"footnotes":""},"categories":[47],"tags":[],"class_list":["post-19658","post","type-post","status-publish","format-standard","has-post-thumbnail","hentry","category-nacionales"],"_links":{"self":[{"href":"https:\/\/www.sportchaco.com.ar\/index.php?rest_route=\/wp\/v2\/posts\/19658","targetHints":{"allow":["GET"]}}],"collection":[{"href":"https:\/\/www.sportchaco.com.ar\/index.php?rest_route=\/wp\/v2\/posts"}],"about":[{"href":"https:\/\/www.sportchaco.com.ar\/index.php?rest_route=\/wp\/v2\/types\/post"}],"author":[{"embeddable":true,"href":"https:\/\/www.sportchaco.com.ar\/index.php?rest_route=\/wp\/v2\/users\/2"}],"replies":[{"embeddable":true,"href":"https:\/\/www.sportchaco.com.ar\/index.php?rest_route=%2Fwp%2Fv2%2Fcomments&post=19658"}],"version-history":[{"count":1,"href":"https:\/\/www.sportchaco.com.ar\/index.php?rest_route=\/wp\/v2\/posts\/19658\/revisions"}],"predecessor-version":[{"id":19660,"href":"https:\/\/www.sportchaco.com.ar\/index.php?rest_route=\/wp\/v2\/posts\/19658\/revisions\/19660"}],"wp:featuredmedia":[{"embeddable":true,"href":"https:\/\/www.sportchaco.com.ar\/index.php?rest_route=\/wp\/v2\/media\/19659"}],"wp:attachment":[{"href":"https:\/\/www.sportchaco.com.ar\/index.php?rest_route=%2Fwp%2Fv2%2Fmedia&parent=19658"}],"wp:term":[{"taxonomy":"category","embeddable":true,"href":"https:\/\/www.sportchaco.com.ar\/index.php?rest_route=%2Fwp%2Fv2%2Fcategories&post=19658"},{"taxonomy":"post_tag","embeddable":true,"href":"https:\/\/www.sportchaco.com.ar\/index.php?rest_route=%2Fwp%2Fv2%2Ftags&post=19658"}],"curies":[{"name":"wp","href":"https:\/\/api.w.org\/{rel}","templated":true}]}}