{"id":19663,"date":"2025-05-23T10:59:46","date_gmt":"2025-05-23T13:59:46","guid":{"rendered":"https:\/\/www.sportchaco.com.ar\/?p=19663"},"modified":"2025-05-23T10:59:46","modified_gmt":"2025-05-23T13:59:46","slug":"el-primer-contacto-con-monaco-de-la-colapinto-en-f-1","status":"publish","type":"post","link":"https:\/\/www.sportchaco.com.ar\/?p=19663","title":{"rendered":"El primer contacto con M\u00f3naco de la Colapinto en F-1"},"content":{"rendered":"<div class=\"row\">\n<div class=\"col-12\">\n<article id=\"detail-header\" class=\"article-header\">\n<div class=\"article-top\">\n<div class=\"article-title\">\n<h4 class=\"title\"><\/h4>\n<\/div>\n<div class=\"article-sub-title \">\n<h4 class=\"ignore-parser\">Franco Colapinto tuvo su primera sesi\u00f3n de entrenamientos libres en el GP de M\u00f3naco de F\u00f3rmula 1 y se ubic\u00f3 en el puesto 19.<\/h4>\n<\/div>\n<div class=\"autor-y-compartir-wrapper\">\n<div class=\"author-wrapper d-flex flex-row align-items-center\"><\/div>\n<p>&nbsp;<\/p>\n<\/div>\n<\/div>\n<\/article>\n<div class=\"banner\"><\/div>\n<div class=\"banner-libre\"><\/div>\n<\/div>\n<\/div>\n<div class=\"row\">\n<div class=\"col-12 col-lg-8\">\n<div class=\"detail-gallery\">\n<div class=\"detail-gallery__slide-wrapper\">\n<div class=\"detail-gallery__slide\">\n<figure class=\"detail-gallery__figure\"><img loading=\"lazy\" decoding=\"async\" class=\"detail-gallery__figure-img img-fluid\" title=\"Colapinto ya arranc\u00f3 el GP de M\u00f3naco.\" src=\"https:\/\/media.diariouno.com.ar\/p\/f8b6b907c9e5139d8ba688b534eeead8\/adjuntos\/298\/imagenes\/009\/558\/0009558253\/1200x0\/smart\/colapinto-monaco-1jpg.jpg\" alt=\"Colapinto ya arranc\u00f3 el GP de M\u00f3naco.\" width=\"835\" height=\"470\" \/><\/p>\n<div class=\"detail-gallery__nav\"><\/div>\n<\/figure>\n<\/div>\n<div class=\"detail-gallery__caption\">\n<p>Colapinto ya arranc\u00f3 el GP de M\u00f3naco.<\/p>\n<\/div>\n<\/div>\n<\/div>\n<article class=\"article-body first\">\n<div class=\"article-content\">\n<div class=\"cuerpo\" data-twitter-link=\"\">\n<p><span style=\"color: #000000;\"><a style=\"color: #000000;\" href=\"https:\/\/www.diariouno.com.ar\/colapinto-a213252\" target=\"_blank\" rel=\"follow noopener\">Franco Colapinto<\/a>\u00a0tuvo su primera sesi\u00f3n de entrenamientos libres en el\u00a0GP de M\u00f3naco\u00a0de\u00a0F\u00f3rmula 1\u00a0y se ubic\u00f3 en el puesto 19 buscando adaptarse con el\u00a0Alpine\u00a0a las condiciones en vistas de lo que ser\u00e1 la clasificaci\u00f3n de este s\u00e1bado y la carrera del domingo.<\/span><\/p>\n<\/div>\n<\/div>\n<\/article>\n<article class=\"article-body\">\n<div class=\"article-content\">\n<div class=\"cuerpo\" data-twitter-link=\"\">\n<p><span style=\"color: #000000;\">El argentino apunt\u00f3 a sumar kil\u00f3metros en un circuito que se sabe es muy trabado y con un auto que present\u00f3 modificaciones respecto de las carreras anteriores.<\/span><\/p>\n<div id=\"1623898-Libre-531063943_wrap\" class=\"embed_cont type_imagen\" contenteditable=\"false\">\n<div id=\"1623898-Libre-531063943_content\" class=\"embed_content\"><img decoding=\"async\" id=\"1623898-Libre-531063943_embed\" title=\"Franco Colapinto y su Alpine en una de las tradicionales curvas del GP de M&amp;oacute;naco de F&amp;oacute;rmula 1.\" src=\"https:\/\/media.diariouno.com.ar\/p\/b901fe5c7c34616d2100889663814fe3\/adjuntos\/298\/imagenes\/009\/558\/0009558236\/1200x0\/smart\/colapinto-monacojpg.jpg\" alt=\"Franco Colapinto y su Alpine en una de las tradicionales curvas del GP de M&amp;oacute;naco de F&amp;oacute;rmula 1.\" width=\"1200\" height=\"undefined\" data-td-src-property=\"https:\/\/media.diariouno.com.ar\/p\/b901fe5c7c34616d2100889663814fe3\/adjuntos\/298\/imagenes\/009\/558\/0009558236\/1200x0\/smart\/colapinto-monacojpg.jpg\" \/><\/div>\n<div id=\"1623898-Libre-531063943_epigrafe\" class=\"embed_epigrafe\">\n<p>Franco Colapinto y su Alpine en una de las tradicionales curvas del GP de M\u00f3naco de F\u00f3rmula 1.<\/p>\n<\/div>\n<div id=\"1623898-Libre-531063943_copyright\" class=\"embed_copyright\"><\/div>\n<\/div>\n<p>Con modificaciones en la suspensi\u00f3n delantera y el aler\u00f3n trasero superior e inferior, los Alpine iniciaron la FP1 y a los pocos minutos, sin que hayan registrado tiempos, un choque entre Leclerc (Ferrari) y Stroll (Aston Martin) hizo aparecer la bandera roja cuando Hamilton, con la otra Ferrari, hab\u00eda marcado el mejor tiempo.<\/p>\n<\/div>\n<\/div>\n<\/article>\n<article class=\"article-body third-p\">\n<div class=\"article-content\">\n<div class=\"cuerpo\" data-twitter-link=\"\">\n<p>R\u00e1pidamente los McLaren de Norris y Piastri, en ese orden, empezaron a establecer diferencias sobre el resto, mientras Gasly, con el otro Alpine, se meti\u00f3 inicialmente en el top 10 y Colapinto mejor\u00f3 el ritmo, pero sin salir a\u00fan del puesto 20.<\/p>\n<div id=\"embed9247_wrap\" class=\"embed_cont type_freetext\" contenteditable=\"false\" data-provider=\"Twitter\">\n<div id=\"embed9247_content\" class=\"embed_content\">\n<div id=\"embed9247_embed\">\n<div class=\"twitter-tweet twitter-tweet-rendered\"><\/div>\n<\/div>\n<\/div>\n<div id=\"embed9247_epigrafe\" class=\"embed_epigrafe\"><\/div>\n<div id=\"embed9247_copyright\" class=\"embed_copyright\"><\/div>\n<\/div>\n<p>Colapinto marc\u00f3 1&#8217;15&#8243;683, a m\u00e1s de un segundo y medio de Gasly, y aunque subi\u00f3 al puesto 19 su trabajo estuvo enfocado en probar el ritmo de carrera, los neum\u00e1ticos duros y tuvo algunas dificultades para tomar la chicana del puerto.<\/p>\n<p>Mientras Leclerc subi\u00f3 al primer puesto, los Alpine salieron con gomas blandas, Gasly se ubic\u00f3 13 y Colapinto qued\u00f3 transitoriamente 17 (con 1&#8217;14&#8243;250) superando a Ocon (Haas), Bortoleto (Sauber) y Stroll (Aston Martin).<\/p>\n<div id=\"embed2119_wrap\" class=\"embed_cont type_freetext\" contenteditable=\"false\" data-provider=\"Twitter\">\n<div id=\"embed2119_content\" class=\"embed_content\">\n<div id=\"embed2119_embed\">\n<div class=\"twitter-tweet twitter-tweet-rendered\"><\/div>\n<\/div>\n<\/div>\n<div id=\"embed2119_epigrafe\" class=\"embed_epigrafe\"><\/div>\n<div id=\"embed2119_copyright\" class=\"embed_copyright\"><\/div>\n<\/div>\n<p>En el cierre, Lawson y Bortoleto superaron al argentino que se conform\u00f3 con el puesto 19 y la informaci\u00f3n acumulada pensando en la FP2, mientras su compa\u00f1ero Gasly fue octavo y el top 5 qued\u00f3 conformado por Leclerc, Verstappen (Red Bull), Norris, Albon (Williams) y Piastri.<\/p>\n<h2>Franco Colapinto y el GP de M\u00f3naco<\/h2>\n<p>Este viernes Franco Colapinto afrontar\u00e1 con su Alpine la segunda pr\u00e1ctica libre de 12 a 13, hora argentina.<\/p>\n<p>El s\u00e1bado 24 de mayo se realizar\u00e1 una pr\u00e1ctica libre m\u00e1s &#8211; la tercera &#8211; entre las 7.30 y las 8.30 para luego realizarse la clasificaci\u00f3n entre las 11 y 12.<\/p>\n<p>Finalmente el Gran Premio de M\u00f3naco se llevar\u00e1 a cabo el domingo 25 de mayo a partir de las 10 con TV en vivo por Fox y Disney Plus Premium.<\/p>\n<\/div>\n<p><img loading=\"lazy\" decoding=\"async\" class=\"alignnone size-medium wp-image-19653 aligncenter\" src=\"https:\/\/www.sportchaco.com.ar\/wp-content\/uploads\/2025\/05\/250x250-300x300.gif\" alt=\"\" width=\"300\" height=\"300\" srcset=\"https:\/\/www.sportchaco.com.ar\/wp-content\/uploads\/2025\/05\/250x250-300x300.gif 300w, https:\/\/www.sportchaco.com.ar\/wp-content\/uploads\/2025\/05\/250x250-150x150.gif 150w\" sizes=\"auto, (max-width: 300px) 100vw, 300px\" \/><\/p>\n<\/div>\n<\/article>\n<\/div>\n<\/div>\n","protected":false},"excerpt":{"rendered":"<p>Franco Colapinto tuvo su primera sesi\u00f3n de entrenamientos libres en el GP de M\u00f3naco de F\u00f3rmula 1 y se ubic\u00f3 en el puesto 19. &nbsp; Colapinto ya arranc\u00f3 el GP de M\u00f3naco. Franco Colapinto\u00a0tuvo su primera sesi\u00f3n de entrenamientos libres en el\u00a0GP de M\u00f3naco\u00a0de\u00a0F\u00f3rmula 1\u00a0y se ubic\u00f3 en el puesto 19 buscando adaptarse con el\u00a0Alpine\u00a0a &hellip;<\/p>\n","protected":false},"author":2,"featured_media":19664,"comment_status":"open","ping_status":"open","sticky":false,"template":"","format":"standard","meta":{"footnotes":""},"categories":[2],"tags":[],"class_list":["post-19663","post","type-post","status-publish","format-standard","has-post-thumbnail","hentry","category-automovilismo"],"_links":{"self":[{"href":"https:\/\/www.sportchaco.com.ar\/index.php?rest_route=\/wp\/v2\/posts\/19663","targetHints":{"allow":["GET"]}}],"collection":[{"href":"https:\/\/www.sportchaco.com.ar\/index.php?rest_route=\/wp\/v2\/posts"}],"about":[{"href":"https:\/\/www.sportchaco.com.ar\/index.php?rest_route=\/wp\/v2\/types\/post"}],"author":[{"embeddable":true,"href":"https:\/\/www.sportchaco.com.ar\/index.php?rest_route=\/wp\/v2\/users\/2"}],"replies":[{"embeddable":true,"href":"https:\/\/www.sportchaco.com.ar\/index.php?rest_route=%2Fwp%2Fv2%2Fcomments&post=19663"}],"version-history":[{"count":1,"href":"https:\/\/www.sportchaco.com.ar\/index.php?rest_route=\/wp\/v2\/posts\/19663\/revisions"}],"predecessor-version":[{"id":19665,"href":"https:\/\/www.sportchaco.com.ar\/index.php?rest_route=\/wp\/v2\/posts\/19663\/revisions\/19665"}],"wp:featuredmedia":[{"embeddable":true,"href":"https:\/\/www.sportchaco.com.ar\/index.php?rest_route=\/wp\/v2\/media\/19664"}],"wp:attachment":[{"href":"https:\/\/www.sportchaco.com.ar\/index.php?rest_route=%2Fwp%2Fv2%2Fmedia&parent=19663"}],"wp:term":[{"taxonomy":"category","embeddable":true,"href":"https:\/\/www.sportchaco.com.ar\/index.php?rest_route=%2Fwp%2Fv2%2Fcategories&post=19663"},{"taxonomy":"post_tag","embeddable":true,"href":"https:\/\/www.sportchaco.com.ar\/index.php?rest_route=%2Fwp%2Fv2%2Ftags&post=19663"}],"curies":[{"name":"wp","href":"https:\/\/api.w.org\/{rel}","templated":true}]}}