{"id":19666,"date":"2025-05-23T11:11:18","date_gmt":"2025-05-23T14:11:18","guid":{"rendered":"https:\/\/www.sportchaco.com.ar\/?p=19666"},"modified":"2025-05-23T11:11:18","modified_gmt":"2025-05-23T14:11:18","slug":"dura-sancion-al-jugador-de-gimnasia-j-que-quebro-al-de-nueva-chicago","status":"publish","type":"post","link":"https:\/\/www.sportchaco.com.ar\/?p=19666","title":{"rendered":"Dura sanci\u00f3n al jugador de Gimnasia (J) que quebr\u00f3 al de Nueva Chicago"},"content":{"rendered":"<header class=\"article-header\" data-tadevel-template=\"web\/article-header\">\n<h1 class=\"article-title\"><\/h1>\n<h2 class=\"article-deck\">El Tribunal de Disciplina de AFA decidi\u00f3 suspender por seis meses a Perales por la grave lesi\u00f3n que provoc\u00f3 sobre Callegari<\/h2>\n<div class=\"style-scope share-button-set\">\n<div class=\"wrapper style-scope share-button\" title=\"Compartir en Facebook\"><\/div>\n<div class=\"wrapper style-scope share-button\" title=\"Compartir en X (Twitter)\"><\/div>\n<div class=\"wrapper style-scope share-button\" title=\"Compartir en WhatsApp\"><\/div>\n<div class=\"wrapper style-scope share-button\" title=\"Escuchar el art\u00edculo\"><\/div>\n<\/div>\n<\/header>\n<div class=\"columns\" data-tadevel-template=\"web\/article-columns\">\n<div class=\"column-main\">\n<figure class=\"multimedia\" data-type=\"photo\" data-tadevel-template=\"web\/multimedia\">\n<div class=\"content\">\n<div class=\"sizer\" data-sizer=\"aspect-ratio\" data-tadevel-template=\"web\/aspect-ratio\">\n<div class=\"backdrop\" data-tadevel-template=\"web\/picture\">\n<div class=\"item is-12\">\n<h1 class=\"tituloNota\">Una sanci\u00f3n ejemplar: fractur\u00f3 a un exAldosivi y fue suspendido por seis meses<\/h1>\n<h2 class=\"intro\">No es habitual que se haga esto. Sin embargo, AFA fue contundente y castig\u00f3 de manera ejemplificadora al jugador de Gimnasia de Jujuy que lesion\u00f3 a St\u00e9fano Callegari.<\/h2>\n<\/div>\n<div class=\"item is-8\">\n<div class=\"media\">\n<figure class=\"video-wrapper\"><\/figure>\n<div class=\"pie-media\">\n<div class=\"pie-foto\">\n<p class=\"epigrafe_mustang\">Foto portada; Callegari, desde el piso y ya fracturado, tiene el impulso de agarrar a su agresor.<\/p>\n<\/div>\n<div class=\"compartir\">\n<div class=\"iconos-compartir\">\n<div class=\"iconos-compartir-item\"><\/div>\n<div class=\"iconos-compartir-item\"><\/div>\n<div class=\"iconos-compartir-item\"><\/div>\n<div class=\"iconos-compartir-item\"><\/div>\n<\/div>\n<\/div>\n<\/div>\n<\/div>\n<div class=\"grid info-compartir\">\n<div class=\"item is-12\">\n<div class=\"autor\">\n<div class=\"firmantes\">\n<div class=\"nombre-firmante\">\n<p class=\"info\">\n<\/div>\n<\/div>\n<\/div>\n<\/div>\n<\/div>\n<div class=\"cuerpo\">\n<p><span style=\"color: #000000;\">La\u00a0<span class=\"text_bold\">Asociaci\u00f3n del F\u00fatbol Argentino (AFA)\u00a0<\/span>decidi\u00f3 sancionar duramente al\u00a0<span class=\"text_bold\">delantero de Gimnasia y Esgrima de Jujuy Jerem\u00edas Perales\u00a0<\/span>por la dura patada que deriv\u00f3 en la\u00a0<a class=\"link\" style=\"color: #000000;\" href=\"https:\/\/www.0223.com.ar\/nota\/2025-5-10-22-19-0-la-impactante-lesion-de-un-exaldosivi-que-conmociono-el-futbol-de-ascenso\"><span class=\"text_bold\">grave lesi\u00f3n del defensor de Nueva Chicago Stefano Callegari.<\/span><\/a><\/span><\/p>\n<div class=\"publiamp\" data-tipo=\"tipo_desktop \" data-pos=\"AMP_P1\"><\/div>\n<p>Doce d\u00edas despu\u00e9s de la luxo-fractura de tobillo izquierdo que sufri\u00f3 el zaguero central del conjunto verdinegro, el cual debi\u00f3 ser intervenido quir\u00fargicamente, el\u00a0<span class=\"text_bold\">Tribunal de Disciplina suspendi\u00f3 por seis meses al atacante de 24 a\u00f1os por \u201cjuego brusco grave con lesi\u00f3n\u201d, estipulado en el \u00abart\u00edculo 13 inciso 1 en su apartado e\u00bb.<\/span><\/p>\n<p>Adem\u00e1s,\u00a0<span class=\"text_bold\">la contundente sanci\u00f3n podr\u00eda ser extendida ya que estar\u00e1 supeditada al tiempo de recuperaci\u00f3n de Perales<\/span>, quien tuvo que ser trasladado inmediatamente en ambulancia el pasado 10 de mayo.<\/p>\n<p>Ambos equipos se enfrentaban por la decimocuarta fecha de la Primera Nacional, segunda divisi\u00f3n del f\u00fatbol argentino, y fue el \u201cLobo Juje\u00f1o\u201d el que logr\u00f3 imponerse por 2-1 como local, aunque el duelo estuvo marcado por la lamentable lesi\u00f3n del defensor central del cuadro de Mataderos.\n<\/p><\/div>\n<\/div>\n<\/div>\n<picture data-tadevel-template=\"web\/picture\"><source srcset=\"https:\/\/alpha-assets.tadevel-cdn.com\/682fdcf293eaa65678c26646\/180.webp 144w, https:\/\/alpha-assets.tadevel-cdn.com\/682fdcf293eaa65678c26646\/360.webp 288w, https:\/\/alpha-assets.tadevel-cdn.com\/682fdcf293eaa65678c26646\/720.webp 576w\" type=\"image\/webp\" sizes=\"(min-device-width: 768px) 768px, 200px\" \/><source srcset=\"https:\/\/alpha-assets.tadevel-cdn.com\/682fdcf293eaa65678c26646\/720.jpeg 576w\" type=\"image\/jpeg\" sizes=\"(min-device-width: 768px) 768px, 200px\" \/><\/picture><\/div>\n<\/div><figcaption class=\"caption\">\n<div class=\"description\"><\/div>\n<div class=\"attribution\"><\/div>\n<\/figcaption><\/figure>\n<div class=\"article-body\" data-tadevel-template=\"web\/article-body\">\n<div class=\"article-body-content\">\n<p>La Asociaci\u00f3n del F\u00fatbol Argentino (AFA) decidi\u00f3 sancionar duramente al delantero de Gimnasia y Esgrima de Jujuy Jerem\u00edas Perales por la dura patada que deriv\u00f3 en la grave lesi\u00f3n del defensor de Nueva Chicago Stefano Callegari.<\/p>\n<p>Doce d\u00edas despu\u00e9s de la lux\u00f3-fractura de tobillo izquierdo que sufri\u00f3 el zaguero central del conjunto verdinegro, el cual debi\u00f3 ser intervenido quir\u00fargicamente, el Tribunal de Disciplina suspendi\u00f3 por seis meses al atacante de 24 a\u00f1os por \u201cjuego brusco grave con lesi\u00f3n\u201d, estipulado en el \u00abart\u00edculo 13 inciso 1 en su apartado e\u00bb.<\/p>\n<figure class=\"multimedia\" data-type=\"photo\" data-tadevel-template=\"web\/multimedia\">\n<div class=\"content\">\n<div class=\"sizer\" data-sizer=\"aspect-ratio\" data-tadevel-template=\"web\/aspect-ratio\">\n<div><\/div>\n<\/div>\n<\/div>\n<\/figure>\n<p>Adem\u00e1s, la contundente sanci\u00f3n podr\u00eda ser extendida ya que estar\u00e1 supeditada al tiempo de recuperaci\u00f3n de Perales, quien tuvo que ser trasladado inmediatamente en ambulancia el pasado 10 de mayo.<\/p>\n<figure class=\"multimedia\" data-type=\"video\" data-tadevel-template=\"web\/multimedia\">\n<div class=\"content\">\n<div class=\"sizer\" data-sizer=\"aspect-ratio\" data-tadevel-template=\"web\/aspect-ratio\">\n<div class=\"video-wrapper\">\n<div class=\"backdrop\">\n<div class=\"spinner\" data-tadevel-template=\"web\/x-loader\">\n<div class=\"rect1\"><\/div>\n<div class=\"rect2\"><\/div>\n<div class=\"rect3\">https:\/\/youtu.be\/dS7_xZzJyzM?si=biIcGF08EOnyqAfz<\/div>\n<div><\/div>\n<div class=\"rect4\"><\/div>\n<div class=\"rect5\"><\/div>\n<\/div>\n<\/div>\n<div class=\"mouse-curtain style-scope x-player\">\n<div class=\"touch-curtain style-scope x-player\">\n<div class=\"overlay style-scope x-player\"><\/div>\n<div id=\"sliderContainer\" class=\"style-scope paper-slider\">\n<div class=\"bar-container style-scope paper-slider\">\n<div id=\"progressContainer\" class=\"style-scope paper-progress\">\n<div id=\"secondaryProgress\" class=\"style-scope paper-progress\"><\/div>\n<div id=\"primaryProgress\" class=\"style-scope paper-progress\"><img loading=\"lazy\" decoding=\"async\" class=\"alignnone size-medium wp-image-19653 aligncenter\" src=\"https:\/\/www.sportchaco.com.ar\/wp-content\/uploads\/2025\/05\/250x250-300x300.gif\" alt=\"\" width=\"300\" height=\"300\" srcset=\"https:\/\/www.sportchaco.com.ar\/wp-content\/uploads\/2025\/05\/250x250-300x300.gif 300w, https:\/\/www.sportchaco.com.ar\/wp-content\/uploads\/2025\/05\/250x250-150x150.gif 150w\" sizes=\"auto, (max-width: 300px) 100vw, 300px\" \/><\/div>\n<\/div>\n<\/div>\n<div id=\"sliderKnob\" class=\"slider-knob style-scope paper-slider\">\n<div class=\"slider-knob-inner style-scope paper-slider\"><\/div>\n<\/div>\n<\/div>\n<div class=\"wrapper style-scope x-player-controls\">\n<div class=\"volume-container style-scope x-player-controls\">\n<div id=\"sliderContainer\" class=\"style-scope paper-slider\">\n<div class=\"bar-container style-scope paper-slider\">\n<div id=\"progressContainer\" class=\"style-scope paper-progress\"><\/div>\n<\/div>\n<\/div>\n<\/div>\n<div class=\"actions style-scope x-player-controls\"><\/div>\n<\/div>\n<div id=\"spinnerContainer\" class=\"  style-scope paper-spinner-lite\">\n<div class=\"spinner-layer style-scope paper-spinner-lite\">\n<div class=\"circle-clipper left style-scope paper-spinner-lite\">\n<div class=\"circle style-scope paper-spinner-lite\"><\/div>\n<\/div>\n<div class=\"circle-clipper right style-scope paper-spinner-lite\">\n<div class=\"circle style-scope paper-spinner-lite\"><\/div>\n<\/div>\n<\/div>\n<\/div>\n<div id=\"container\" class=\"style-scope x-player-ima\"><\/div>\n<\/div>\n<\/div>\n<\/div>\n<\/div>\n<\/div>\n<\/figure>\n<p>Ambos equipos se enfrentaban por la decimocuarta fecha de la Primera Nacional, segunda divisi\u00f3n del f\u00fatbol argentino, y fue el \u201cLobo Juje\u00f1o\u201d el que logr\u00f3 imponerse por 2-1 como local, aunque el duelo estuvo marcado por la lamentable lesi\u00f3n del defensor central del cuadro de Mataderos.<\/p>\n<\/div>\n<\/div>\n<\/div>\n<\/div>\n","protected":false},"excerpt":{"rendered":"<p>El Tribunal de Disciplina de AFA decidi\u00f3 suspender por seis meses a Perales por la grave lesi\u00f3n que provoc\u00f3 sobre Callegari Una sanci\u00f3n ejemplar: fractur\u00f3 a un exAldosivi y fue suspendido por seis meses No es habitual que se haga esto. Sin embargo, AFA fue contundente y castig\u00f3 de manera ejemplificadora al jugador de Gimnasia &hellip;<\/p>\n","protected":false},"author":2,"featured_media":19667,"comment_status":"open","ping_status":"open","sticky":false,"template":"","format":"standard","meta":{"footnotes":""},"categories":[47],"tags":[],"class_list":["post-19666","post","type-post","status-publish","format-standard","has-post-thumbnail","hentry","category-nacionales"],"_links":{"self":[{"href":"https:\/\/www.sportchaco.com.ar\/index.php?rest_route=\/wp\/v2\/posts\/19666","targetHints":{"allow":["GET"]}}],"collection":[{"href":"https:\/\/www.sportchaco.com.ar\/index.php?rest_route=\/wp\/v2\/posts"}],"about":[{"href":"https:\/\/www.sportchaco.com.ar\/index.php?rest_route=\/wp\/v2\/types\/post"}],"author":[{"embeddable":true,"href":"https:\/\/www.sportchaco.com.ar\/index.php?rest_route=\/wp\/v2\/users\/2"}],"replies":[{"embeddable":true,"href":"https:\/\/www.sportchaco.com.ar\/index.php?rest_route=%2Fwp%2Fv2%2Fcomments&post=19666"}],"version-history":[{"count":1,"href":"https:\/\/www.sportchaco.com.ar\/index.php?rest_route=\/wp\/v2\/posts\/19666\/revisions"}],"predecessor-version":[{"id":19668,"href":"https:\/\/www.sportchaco.com.ar\/index.php?rest_route=\/wp\/v2\/posts\/19666\/revisions\/19668"}],"wp:featuredmedia":[{"embeddable":true,"href":"https:\/\/www.sportchaco.com.ar\/index.php?rest_route=\/wp\/v2\/media\/19667"}],"wp:attachment":[{"href":"https:\/\/www.sportchaco.com.ar\/index.php?rest_route=%2Fwp%2Fv2%2Fmedia&parent=19666"}],"wp:term":[{"taxonomy":"category","embeddable":true,"href":"https:\/\/www.sportchaco.com.ar\/index.php?rest_route=%2Fwp%2Fv2%2Fcategories&post=19666"},{"taxonomy":"post_tag","embeddable":true,"href":"https:\/\/www.sportchaco.com.ar\/index.php?rest_route=%2Fwp%2Fv2%2Ftags&post=19666"}],"curies":[{"name":"wp","href":"https:\/\/api.w.org\/{rel}","templated":true}]}}