{"id":19673,"date":"2025-05-23T12:29:17","date_gmt":"2025-05-23T15:29:17","guid":{"rendered":"https:\/\/www.sportchaco.com.ar\/?p=19673"},"modified":"2025-05-23T16:12:57","modified_gmt":"2025-05-23T19:12:57","slug":"gonzalo-corbalan-me-imagino-jugando-el-mundial","status":"publish","type":"post","link":"https:\/\/www.sportchaco.com.ar\/?p=19673","title":{"rendered":"Gonzalo Corbal\u00e1n: \u00abMe imagino jugando el Mundial\u00bb"},"content":{"rendered":"<div id=\"node-103595\" class=\"node node-openpublish-video node-promoted node-sticky node-full clearfix\">\n<div class=\"content clearfix\">\n<div class=\"field field-name-body field-type-text-with-summary field-label-hidden\">\n<div class=\"field-items\">\n<div class=\"field-item even\">\n<p><strong>23-05-2025<\/strong><\/p>\n<p><img loading=\"lazy\" decoding=\"async\" class=\"aligncenter wp-image-19476 size-full\" src=\"https:\/\/www.sportchaco.com.ar\/wp-content\/uploads\/2025\/05\/Banners-creditos-otorgados-al-campo_940x90.gif\" alt=\"\" width=\"1958\" height=\"187\" \/><\/p>\n<p>Como todos los a\u00f1os, Basquet Pluss\u00a0 viaj\u00f3 a cubrir la Final Four de la Euroliga, siendo el \u00fanico medio argentino, y aprovechamos para recorrer Espa\u00f1a, entrevistando en la previa a <strong>Gonzalo Corbal\u00e1n<\/strong> en Burgos. Adem\u00e1s, te contamos toda la previa de la F4 con Huevo S\u00e1nchez como analista especial. Un video imperdible.<\/p>\n<\/div>\n<\/div>\n<\/div>\n<\/div>\n<\/div>\n<div id=\"node-103603\" class=\"node node-openpublish-article node-promoted node-sticky node-full clearfix\">\n<div class=\"content clearfix\">\n<div class=\"field field-name-field-op-main-image field-type-image field-label-hidden\">\n<div class=\"field-items\">\n<div class=\"field-item even\">\n<div id=\"flexslider-1\" class=\"flexslider optionset-default flexslider-processed\">\n<ul class=\"slides\">\n<li class=\"flex-active-slide\"><img decoding=\"async\" title=\"\" draggable=\"false\" src=\"https:\/\/basquetplus.com\/sites\/default\/files\/main\/articles\/IMAGE%20-%202025-05-22T152829.881%20%281%29.png\" alt=\"\" \/><\/li>\n<\/ul>\n<\/div>\n<\/div>\n<\/div>\n<\/div>\n<div class=\"field field-name-body field-type-text-with-summary field-label-hidden\">\n<div class=\"field-items\">\n<div class=\"field-item even\">\n<h4>Gonzalo Corbal\u00e1n es un nombre al que se tendr\u00e1n que acostumbrar tanto los seguidores de la Selecci\u00f3n Argentina y como los de la Liga ACB en Espa\u00f1a. Sin dudas, lleg\u00f3 para quedarse. El chaque\u00f1o de 23 a\u00f1os tuvo la mejor temporada de su carrera esta ahora, fue la figura del San Pablo Burgos que vuelve a primera y se acent\u00f3 en la rotaci\u00f3n del equipo nacional. B\u00e1squet Plus lo entrevist\u00f3 en Burgos y habl\u00f3 de lo que se viene, Ventanas, nueva generaci\u00f3n en la Selecci\u00f3n y sus pr\u00f3ximos pasos en clubes entre m\u00e1s temas:<\/h4>\n<p><strong>&#8211; Estamos en las puertas de otra vez una ventana para un Mundial, donde a\u00fan est\u00e1 en la retina el partido con Dominicana en Mar del Plata, que no se pudo ganar y quedamos afuera. En tu sensaci\u00f3n, m\u00e1s all\u00e1 de querer la clasificaci\u00f3n para el torneo, \u00bfTe pones ya objetivos, metas o alguna idea de lo que puede ser ese Mundial?<\/strong><\/p>\n<p>. No, porque falta mucho. No s\u00e9, yo personalmente me lo imagino y me imagino jugarlo, me imagino hasta ganarlo o llegar a una final o una semifinal. Pero, es que ahora tenemos otras metas. Tenemos que estar enfocados en jugar la Ventana, partido a partido. Creo que es clave ganar todos los partidos, estar tranquilo en un \u00faltimo partido, no estar dependiendo de jugar ese \u00faltimo partido para clasificar.<\/p>\n<p><strong>&#8211; \u00bfEstudiaste un poquito el sorteo (de la clasificatoria)?<\/strong><\/p>\n<p>. S\u00ed, bastante bien el grupo yo creo, tenemos bastantes chances de jugar bien y de pasar a la siguiente ronda as\u00ed que ser\u00e1 clave la primera ronda, para despu\u00e9s estar mejor posicionado en la segunda. Creo que es m\u00e1s partido a partido. Ahora creo que se vio, que llegar al \u00faltimo partido al \u00faltimo momento no favorece mucho a hacer un buen torneo. Entonces creo que es clave empezar bien las Ventanas as\u00ed pod\u00e9s terminar m\u00e1s tranquilo. Pero, ahora m\u00e1s que nada tengo que ver si puedo estar en el equipo de la Americup, de ah\u00ed ver si puedo estar en el equipo de las Ventanas para jugar y ah\u00ed ganar ese partido y seguir ganando los partidos de las Ventanas.<\/p>\n<p data-rt-id=\"bM7PO7\" data-rt-kind=\"1\" data-rt-type=\"Paragraph\" data-segment-label=\"00:00\" data-start=\"0\" data-type=\"Segment\"><strong>&#8211; Ya que sos de los m\u00e1s j\u00f3venes, \u00bfa vos c\u00f3mo c\u00f3mo te pegan las ventanas? En cuanto a el viaje, lo f\u00edsico, los pocos entrenamientos, imagino que en eso es muy importante ya tener la idea del entrenador acumulada a partir de ventanas anteriores, eso tambi\u00e9n fue cambiando.<\/strong><\/p>\n<p data-rt-id=\"bM7PO8\" data-rt-kind=\"1\" data-rt-type=\"Paragraph\" data-segment-label=\"00:20\" data-start=\"20.92\" data-type=\"Segment\">. S\u00ed, fue cambiando porque antes por ah\u00ed hab\u00eda menos tiempo para entrenar, ahora se cambi\u00f3 un poco, te dan un poquito m\u00e1s de tiempo, pero es clave eso que dijiste de ya ir con una misma mentalidad de tener los sistemas ya incorporados, de saber c\u00f3mo jugamos, de saber lo que queremos, de saber con el rival que vamos a jugar, tambi\u00e9n porque el scouting tambi\u00e9n te da muy poco tiempo, el viaje que para nosotros es largo.<\/p>\n<p data-rt-id=\"bM7PO8\" data-rt-kind=\"1\" data-rt-type=\"Paragraph\" data-segment-label=\"00:20\" data-start=\"20.92\" data-type=\"Segment\"><strong>&#8211; \u00bfC\u00f3mo te pega el viaje puntualmente?<\/strong><\/p>\n<p data-rt-id=\"bM7PO9\" data-rt-kind=\"1\" data-rt-type=\"Paragraph\" data-segment-label=\"00:50\" data-start=\"50.68\" data-type=\"Segment\">. Bien, o sea es largo, pero bueno, es lo que hay. Hay que ir, es verdad que te cansa, es cansador. Pero bueno, a los otros jugadores tambi\u00e9n les cansa.<\/p>\n<p data-rt-id=\"bM7PO9\" data-rt-kind=\"1\" data-rt-type=\"Paragraph\" data-segment-label=\"00:50\" data-start=\"50.68\" data-type=\"Segment\"><strong>&#8211; Muchas veces en la Liga haces 14&#8242; en colectivo y despu\u00e9s jugar, \u00bfno?<\/strong><\/p>\n<p data-rt-id=\"bM7PO9\" data-rt-kind=\"1\" data-rt-type=\"Paragraph\" data-segment-label=\"00:50\" data-start=\"50.68\" data-type=\"Segment\">. Claro, s\u00ed. Hay peores, hay peores. Nosotros viajamos c\u00f3modos. Por ah\u00ed el tiempo es lo \u00fanico que que afecta un poco m\u00e1s, pero bueno, es lo que hay. No vamos a dejarnos caer por eso, no es excusa. Entonces hay que estar tranquilo, ir all\u00e1, jugar y ganar.<\/p>\n<p data-rt-id=\"bM7PO9\" data-rt-kind=\"1\" data-rt-type=\"Paragraph\" data-segment-label=\"00:50\" data-start=\"50.68\" data-type=\"Segment\"><strong>&#8211; \u00bfUstedes tienen mucho o vos, por lo menos, en la cabeza el tema de si van a estar los de Euroliga? \u00bfO de eso hay un poco que olvidarse?<\/strong><\/p>\n<p data-rt-id=\"bM7PO9\" data-rt-kind=\"1\" data-rt-type=\"Paragraph\" data-segment-label=\"00:50\" data-start=\"50.68\" data-type=\"Segment\">. No, yo creo que es clave tambi\u00e9n para los chicos olvidarse de eso. A ver, si al final si est\u00e1s en el equipo cuando ellos est\u00e1n, mucho mejor para vos.\u00a0Y aparte la competencia, el sentimiento interno de decir: \u00abEstoy compitiendo con un jugador que jug\u00f3 NBA, est\u00e1 en Euroliga, juega las m\u00e1ximas competencias. Estoy compitiendo con \u00e9l y me gan\u00e9 un lugar en el equipo con ellos\u00bb, eso creo que mentalmente te tiene que ayudar mucho para mejorar y para ser mejor jugador. Es verdad que nos ayuda a nosotros para tener m\u00e1s minutos por ah\u00ed cuando ellos no est\u00e1n, pero no, yo preferir\u00eda que que ellos esten siempre.<\/p>\n<p data-rt-id=\"bM7PO9\" data-rt-kind=\"1\" data-rt-type=\"Paragraph\" data-segment-label=\"00:50\" data-start=\"50.68\" data-type=\"Segment\"><strong>&#8211; \u00bfCu\u00e1n preparados est\u00e1n para tomar la posta de la siguiente generaci\u00f3n? \u00bfO les falta todav\u00eda?<\/strong><\/p>\n<p data-rt-id=\"bM7POd\" data-rt-kind=\"1\" data-rt-type=\"Paragraph\" data-segment-label=\"02:27\" data-start=\"147.96\" data-type=\"Segment\">. No, obviamente falta, falta un poco, pero mentalmente creo que vamos por el buen camino de que sabemos que en alg\u00fan momento vamos a tener que que agarrar nosotros, pero por ahora tranquilos. Nos falta bastante experiencia con la selecci\u00f3n tambi\u00e9n.\u00a0Todav\u00eda no jugamos un torneo los j\u00f3venes, por ah\u00ed algunos s\u00ed, obviamente; Juan Fern\u00e1ndez jug\u00f3; Gonza Bressan s\u00ed; C\u00e1ffaro jug\u00f3; Tom\u00e1s Chapero jug\u00f3 tambi\u00e9n. Entonces, creo que nos falta a nosotros los exteriores, por el tema de que hay jugadores tremendos en en nuestras posiciones, tener esa confianza, pero bueno, hay que hay que estar tranquilo que vamos por el buen camino.<\/p>\n<p data-rt-id=\"bM7POe\" data-rt-kind=\"1\" data-rt-type=\"Paragraph\" data-segment-label=\"02:52\" data-start=\"172.36\" data-type=\"Segment\"><strong>&#8211; Bueno, viene la ACB, eh despu\u00e9s de tu debut cortito (22 segundos) hace unos a\u00f1os, imagino que no debe ser f\u00e1cil mantener la ansiedad, \u00bfno?<\/strong><\/p>\n<p data-rt-id=\"bM7POe\" data-rt-kind=\"1\" data-rt-type=\"Paragraph\" data-segment-label=\"02:52\" data-start=\"172.36\" data-type=\"Segment\">. S\u00ed, con muchas ansias de competir. Estuve esperando esto desde que vine al San Pablo, porque al final yo vine cuando el club estaba en ACB tocav\u00eda. Ten\u00eda esa mentalidad de estar un a\u00f1o, el pr\u00f3ximo a\u00f1o ya entrenar y ya jugar. Pero bueno, se dieron las cosas as\u00ed. Creo que me toca en un buen momento personalmente estar preparado ya para jugar y llegar ah\u00ed, demostrar que estoy a nivel.<\/p>\n<p data-rt-id=\"bM7POe\" data-rt-kind=\"1\" data-rt-type=\"Paragraph\" data-segment-label=\"02:52\" data-start=\"172.36\" data-type=\"Segment\"><strong>&#8211; \u00bfQu\u00e9 ves cuando miras un partido ACB en relaci\u00f3n a tu actualidad?<\/strong><\/p>\n<p data-rt-id=\"bM7POe\" data-rt-kind=\"1\" data-rt-type=\"Paragraph\" data-segment-label=\"02:52\" data-start=\"172.36\" data-type=\"Segment\">. Veo que que el ritmo de juego es mentalmente muy dif\u00edcil. O sea, ten\u00e9s que estar preparado todo el d\u00eda, no puedes descansar. Creo que eso va a ser clave para m\u00ed, sea en defensa o en ataque. Pero bueno, son cosas que se mejoran con el juego, con el ritmo. Me falta tambi\u00e9n por madurar, as\u00ed que el a\u00f1o que viene creo que va a ser clave para m\u00ed para qu\u00e9 clase de jugador puedo llegar a ser.<\/p>\n<p data-rt-id=\"bM7POe\" data-rt-kind=\"1\" data-rt-type=\"Paragraph\" data-segment-label=\"02:52\" data-start=\"172.36\" data-type=\"Segment\"><strong>&#8211; Ah\u00ed tiene que ver lo que dec\u00edas antes de la defensa, porque vas a defender a todos jugadores top en tu posici\u00f3n, picantes, con mucha muchas alternativas de gol y quiz\u00e1 sea un desaf\u00edo mayor que el de poder anotar.<\/strong><\/p>\n<p data-rt-id=\"bM7POe\" data-rt-kind=\"1\" data-rt-type=\"Paragraph\" data-segment-label=\"02:52\" data-start=\"172.36\" data-type=\"Segment\">. S\u00ed, lo bueno es que tengo esa oportunidad de probarme. Entonces, estoy feliz por eso por poder jugar con jugadores buenos o muy buenos porque ya tambi\u00e9n hay Euroliga y bueno, poder medirme con ellos me da el indicio de que estoy haciendo las cosas bien y estar tranquilo de que tengo por aprender y tengo la suerte de poder aprender con los de mi posici\u00f3n, los mejores.<\/p>\n<p data-rt-id=\"bM7POe\" data-rt-kind=\"1\" data-rt-type=\"Paragraph\" data-segment-label=\"02:52\" data-start=\"172.36\" data-type=\"Segment\"><strong>&#8211; \u00bfQu\u00e9 qu\u00e9 rol o qu\u00e9 importancia tiene Bruno Savignani en tu a\u00f1o y en lo que viene?<\/strong><\/p>\n<p data-rt-id=\"bM7POe\" data-rt-kind=\"1\" data-rt-type=\"Paragraph\" data-segment-label=\"02:52\" data-start=\"172.36\" data-type=\"Segment\">Bueno, \u00e9l lo hizo muy bien en el equipo. Necesit\u00e1bamos un entrenador que sea firme, m\u00e1s en el San Pablo porque vinimos de a\u00f1os de cambiar de entrenador todos los a\u00f1os, m\u00e1s en ACB que se cambiaron tres veces entrenador. Entonces yo nunca tuve un entrenador que se quede todo el a\u00f1o, yo no sab\u00eda lo que era.\u00a0Y creo que eso lo hizo muy bien el club de decir, bueno, se queda, no importa los resultados juegan mucho, pero creo que lo hizo muy bien, supo controlar el equipo muy bien, porque al final es un equipo de Primera FEB, pero tambi\u00e9n con jugadores que jugaron en Euroliga, ACB muchos a\u00f1os Entonces, creo que \u00e9l supo controlar muy bien y personalmente desde el principio me dio el indicio de que quer\u00eda que yo mejore. Entonces, eso me ayud\u00f3 bastante para poder mejorar cada partido, cada entrenamiento.<\/p>\n<p data-rt-id=\"bM7POl\" data-rt-kind=\"1\" data-rt-type=\"Paragraph\" data-segment-label=\"05:52\" data-start=\"352.58\" data-type=\"Segment\"><strong>&#8211; Y ahora \u00e9l sigue, despu\u00e9s de alg\u00fan rumor por ah\u00ed de que no iba a seguir, pero sigue en el equipo, para vos supongo que es importante eso, \u00bfte imagin\u00e1s un rol distinto en este primer a\u00f1o en la ACB o o c\u00f3mo lo ves?<\/strong><\/p>\n<p data-rt-id=\"bM7POl\" data-rt-kind=\"1\" data-rt-type=\"Paragraph\" data-segment-label=\"05:52\" data-start=\"352.58\" data-type=\"Segment\">. No s\u00e9, la verdad. Porque el equipo imagino lo van a tratar de de potenciar un poco.<\/p>\n<p data-rt-id=\"bM7POn\" data-rt-kind=\"1\" data-rt-type=\"Paragraph\" data-segment-label=\"06:49\" data-start=\"409.46\" data-type=\"Segment\"><strong>&#8211; S\u00ed, obviamente, porque qued\u00f3 demostrado que si no lo potencias te vas, ves al Granada, ves al Lleida<\/strong><\/p>\n<p data-rt-id=\"bM7POn\" data-rt-kind=\"1\" data-rt-type=\"Paragraph\" data-segment-label=\"06:49\" data-start=\"409.46\" data-type=\"Segment\">. S\u00ed, pero nada, depende todo de c\u00f3mo arme el equipo. Yo personalmente voy a intentar hacerlo mejor de lo que hice este a\u00f1o, espero en ACB. Ese creo que es mi mi reto del a\u00f1o que viene.<\/p>\n<p data-rt-id=\"bM7POn\" data-rt-kind=\"1\" data-rt-type=\"Paragraph\" data-segment-label=\"06:49\" data-start=\"409.46\" data-type=\"Segment\"><strong>&#8211; La ciudad est\u00e1 entusiasmada, \u00bfno?<\/strong><\/p>\n<p data-rt-id=\"bM7POo\" data-rt-kind=\"1\" data-rt-type=\"Paragraph\" data-segment-label=\"07:16\" data-start=\"436.38\" data-type=\"Segment\">. S\u00ed, muy porque ya estaban esperando esto hace 3 a\u00f1os. B\u00e1sicamente, desde que perdimos la final, la gente quer\u00eda jugar a ACB de vuelta. Aparte ac\u00e1, al menos que lo siguen much\u00edsimo. Bueno, ten\u00e9s de hecho ten\u00e9s otro equipo m\u00e1s, pero en el Coliseo creo que promediamos 9000 personas por por partido, una locura. Y la la gente est\u00e1 muy feliz y yo personalmente estoy muy feliz porque pude contribuir a estar en\u00a0 ACB hoy en d\u00eda con el San Pablo, as\u00ed que ellos tambi\u00e9n se merecen estar ah\u00ed porque yo creo que la la mejor hinchada es la de San Pablo, s\u00ed o s\u00ed.<\/p>\n<p><strong>&#8211; \u00bfY te sent\u00eds que sos ya un poco un chico del club? O sea, no voy a decir una marca, pero s\u00ed un\u00a0representante muy importante de de que es el club por la cantidad de a\u00f1os que llev\u00e1s y haber estado en las buenas, en las malas y ahora otra vez en las buenas.<\/strong><\/p>\n<p>S\u00ed, bueno, ahora en las buenas, antes eran malas, solamente. Eso era como un talism\u00e1n m\u00e1s o menos. S\u00ed, pasaban malas, malas, malas, malas y este a\u00f1o por fin fueron las buenas. Pero s\u00ed, me siento un chico del club por el tema de que jugu\u00e9 en la filial.\u00a0El primer a\u00f1o me hice muchos amigos, de los chicos de ac\u00e1 de Burgos porque jugamos juntos.<\/p>\n<p><strong>&#8211; \u00bfPero queda alguien de tu \u00e9poca?<\/strong><\/p>\n<p>. No queda ninguno. \u00c1lex (Barrera), pero justo este a\u00f1o ya se va, se retir\u00f3. Entonces s\u00ed, de los que m\u00e1s a\u00f1os jug\u00f3 en el club. \u00c9l obviamente saca a todos muchos a\u00f1os porque est\u00e1 hace 8 a\u00f1os en el club, 8 temporadas.Pero bueno, s\u00ed, me siento m\u00e1s que nada por eso, por el tema de que jugu\u00e9 en la filial, s\u00e9 como se maneja el club, conozco a la gente de las oficinas y todo eso. As\u00ed que s\u00ed, me siento un jugador del club.<\/p>\n<p><strong>&#8211; La frase es f\u00e1cil pero dif\u00edcil de cumplir \u00abAscienden para quedarse.\u00bb<\/strong>\u00a0<strong>Esa es la idea de evitar en todo lo posible los riesgos de volver a estar abajo.<\/strong><\/p>\n<p>. S\u00ed, adem\u00e1s San Pablo ya estuvo en competencia europea, yo creo que tambi\u00e9n se apuntar\u00e1 a eso, espero porque porque est\u00e1 bueno tambi\u00e9n no jugar para no descender. Creo que siempre hay que apuntar a m\u00e1s, obviamente hay que estar tranquilo porque muchas veces los equipos que ascienden vuelven al a\u00f1o que viene, as\u00ed que s\u00ed. Hay que estar tranquilo de que ahora subimos, hay que armar un buen equipo y jugar para competir no jugar para no descender.<\/p>\n<p>&nbsp;<\/p>\n<\/div>\n<\/div>\n<\/div>\n<\/div>\n<\/div>\n<p><iframe loading=\"lazy\" title=\"B\u00e1squet Plus en Abu Dhabi: primer programa especial desde Emiratos\" width=\"500\" height=\"281\" src=\"https:\/\/www.youtube.com\/embed\/Lyl9BC1G638?feature=oembed\" frameborder=\"0\" allow=\"accelerometer; autoplay; clipboard-write; encrypted-media; gyroscope; picture-in-picture; web-share\" referrerpolicy=\"strict-origin-when-cross-origin\" allowfullscreen><\/iframe><\/p>\n<p><img loading=\"lazy\" decoding=\"async\" class=\"alignnone size-medium wp-image-19655 aligncenter\" src=\"https:\/\/www.sportchaco.com.ar\/wp-content\/uploads\/2025\/05\/Banners-creditos-otorgados-al-campo_1080x1350-1-240x300.gif\" alt=\"\" width=\"240\" height=\"300\" srcset=\"https:\/\/www.sportchaco.com.ar\/wp-content\/uploads\/2025\/05\/Banners-creditos-otorgados-al-campo_1080x1350-1-240x300.gif 240w, https:\/\/www.sportchaco.com.ar\/wp-content\/uploads\/2025\/05\/Banners-creditos-otorgados-al-campo_1080x1350-1-819x1024.gif 819w, https:\/\/www.sportchaco.com.ar\/wp-content\/uploads\/2025\/05\/Banners-creditos-otorgados-al-campo_1080x1350-1-768x960.gif 768w, https:\/\/www.sportchaco.com.ar\/wp-content\/uploads\/2025\/05\/Banners-creditos-otorgados-al-campo_1080x1350-1-1229x1536.gif 1229w, https:\/\/www.sportchaco.com.ar\/wp-content\/uploads\/2025\/05\/Banners-creditos-otorgados-al-campo_1080x1350-1-1639x2048.gif 1639w\" sizes=\"auto, (max-width: 240px) 100vw, 240px\" \/><\/p>\n","protected":false},"excerpt":{"rendered":"<p>23-05-2025 Como todos los a\u00f1os, Basquet Pluss\u00a0 viaj\u00f3 a cubrir la Final Four de la Euroliga, siendo el \u00fanico medio argentino, y aprovechamos para recorrer Espa\u00f1a, entrevistando en la previa a Gonzalo Corbal\u00e1n en Burgos. Adem\u00e1s, te contamos toda la previa de la F4 con Huevo S\u00e1nchez como analista especial. Un video imperdible. Gonzalo Corbal\u00e1n &hellip;<\/p>\n","protected":false},"author":2,"featured_media":19674,"comment_status":"open","ping_status":"open","sticky":false,"template":"","format":"standard","meta":{"footnotes":""},"categories":[3],"tags":[],"class_list":["post-19673","post","type-post","status-publish","format-standard","has-post-thumbnail","hentry","category-basquetbol"],"_links":{"self":[{"href":"https:\/\/www.sportchaco.com.ar\/index.php?rest_route=\/wp\/v2\/posts\/19673","targetHints":{"allow":["GET"]}}],"collection":[{"href":"https:\/\/www.sportchaco.com.ar\/index.php?rest_route=\/wp\/v2\/posts"}],"about":[{"href":"https:\/\/www.sportchaco.com.ar\/index.php?rest_route=\/wp\/v2\/types\/post"}],"author":[{"embeddable":true,"href":"https:\/\/www.sportchaco.com.ar\/index.php?rest_route=\/wp\/v2\/users\/2"}],"replies":[{"embeddable":true,"href":"https:\/\/www.sportchaco.com.ar\/index.php?rest_route=%2Fwp%2Fv2%2Fcomments&post=19673"}],"version-history":[{"count":4,"href":"https:\/\/www.sportchaco.com.ar\/index.php?rest_route=\/wp\/v2\/posts\/19673\/revisions"}],"predecessor-version":[{"id":19683,"href":"https:\/\/www.sportchaco.com.ar\/index.php?rest_route=\/wp\/v2\/posts\/19673\/revisions\/19683"}],"wp:featuredmedia":[{"embeddable":true,"href":"https:\/\/www.sportchaco.com.ar\/index.php?rest_route=\/wp\/v2\/media\/19674"}],"wp:attachment":[{"href":"https:\/\/www.sportchaco.com.ar\/index.php?rest_route=%2Fwp%2Fv2%2Fmedia&parent=19673"}],"wp:term":[{"taxonomy":"category","embeddable":true,"href":"https:\/\/www.sportchaco.com.ar\/index.php?rest_route=%2Fwp%2Fv2%2Fcategories&post=19673"},{"taxonomy":"post_tag","embeddable":true,"href":"https:\/\/www.sportchaco.com.ar\/index.php?rest_route=%2Fwp%2Fv2%2Ftags&post=19673"}],"curies":[{"name":"wp","href":"https:\/\/api.w.org\/{rel}","templated":true}]}}