{"id":19695,"date":"2025-05-23T23:38:00","date_gmt":"2025-05-24T02:38:00","guid":{"rendered":"https:\/\/www.sportchaco.com.ar\/?p=19695"},"modified":"2025-05-23T23:39:31","modified_gmt":"2025-05-24T02:39:31","slug":"formula-1-franco-colapinto-en-la-clasificacion-del-gran-premio-de-monaco","status":"publish","type":"post","link":"https:\/\/www.sportchaco.com.ar\/?p=19695","title":{"rendered":"F\u00f3rmula 1: Franco Colapinto en la clasificaci\u00f3n del Gran Premio de M\u00f3naco"},"content":{"rendered":"<h1 class=\"page-header\"><\/h1>\n<p class=\"publicadoel\"><strong>Viernes 23 de Mayo de 2025<\/strong><\/p>\n<div class=\"pull-left col-md-6 fotos-containers\">\n<p><a class=\"galeria_fotos_nota\" href=\"https:\/\/www.contextotucuman.com\/\/uploads\/2025\/05\/23\/71798_568.jpg\" rel=\"prettyPhoto[pp_gal]\"><img decoding=\"async\" class=\"img-responsive\" src=\"https:\/\/www.contextotucuman.com\/\/uploads\/2025\/05\/23\/71798_568.jpg\" border=\"0\" \/><\/a>Con su Alpine, el argentino busca mejorar los tiempos que tuvo en los primeros entrenamientos y conseguir un buena posici\u00f3n para la carrera principal.<\/p>\n<div class=\"container-fluid noPadding galeria_fotos_nota\">\n<div class=\"\"><\/div>\n<\/div>\n<\/div>\n<p><b>Franco Colapinto disputar\u00e1 el Gran Premio de M\u00f3naco, la que ser\u00e1 su segunda carrera con Alpine en su regreso a la F\u00f3rmula 1. El argentino no tuvo buenos rendimientos en las primeras dos pr\u00e1cticas y buscar\u00e1 mejorar su tiempo en el \u00faltimo entrenamiento, antes de la prueba de clasificaci\u00f3n.<\/b><\/p>\n<p>Colapinto prob\u00f3 todos los compuestos de neum\u00e1ticos y funcion\u00f3 mejor con los medios. Sin embargo, termin\u00f3 19 y 20 en las dos primeras sesiones<\/p>\n<p>.\u00a0<img decoding=\"async\" class=\"img-responsive\" src=\"https:\/\/tn.com.ar\/resizer\/v2\/franco-colapinto-cerro-la-segunda-prueba-libre-y-termino-en-el-puesto-20-en-el-gran-premio-de-monaco-foto-ap-QLEK3OM2ORCUHBU575S5GMPFKU.jpg?auth=f2f63833572aa0d20f980c52db769c36744bac8b164f1b46ed806bd42700ab28&amp;width=1440\" width=\"600\" \/><\/p>\n<p>\u201cEs un circuito complicado, (que necesita) de mucha confianza. En las vueltas que hicimos con goma blanda y media no pude hacer casi ni una vuelta con las banderas amarillas, las banderas rojas. Es complicado ah\u00ed\u201c, expres\u00f3 Colapinto en Fox Sports.<\/p>\n<p>Y agreg\u00f3: \u201cCreo que hay que seguir mejorando. Obviamente, es el primer d\u00eda en una pista muy dif\u00edcil. El Alpine es un auto que en curva lenta nos cuesta, as\u00ed que hay que trabajar\u201d.<\/p>\n<p><b>Cronograma del Gran Premio de M\u00f3naco<\/b><\/p>\n<p><b><u>S\u00e1bado 24 de mayo<\/u><\/b><\/p>\n<ul>\n<li>Pr\u00e1ctica libre 3: 7:30 \u2013 8:30<\/li>\n<li>Clasificaci\u00f3n: 11:00 \u2013 12:00<\/li>\n<\/ul>\n<p><b><u>Domingo 25 de mayo<\/u><\/b><\/p>\n<ul>\n<li>Carrera: 10:00<\/li>\n<\/ul>\n<p><i><b>*Horarios de Argentina.<\/b><\/i><\/p>\n<p style=\"text-align: center;\"><img loading=\"lazy\" decoding=\"async\" class=\"alignnone size-medium wp-image-19655\" src=\"https:\/\/www.sportchaco.com.ar\/wp-content\/uploads\/2025\/05\/Banners-creditos-otorgados-al-campo_1080x1350-1-240x300.gif\" alt=\"\" width=\"240\" height=\"300\" srcset=\"https:\/\/www.sportchaco.com.ar\/wp-content\/uploads\/2025\/05\/Banners-creditos-otorgados-al-campo_1080x1350-1-240x300.gif 240w, https:\/\/www.sportchaco.com.ar\/wp-content\/uploads\/2025\/05\/Banners-creditos-otorgados-al-campo_1080x1350-1-819x1024.gif 819w, https:\/\/www.sportchaco.com.ar\/wp-content\/uploads\/2025\/05\/Banners-creditos-otorgados-al-campo_1080x1350-1-768x960.gif 768w, https:\/\/www.sportchaco.com.ar\/wp-content\/uploads\/2025\/05\/Banners-creditos-otorgados-al-campo_1080x1350-1-1229x1536.gif 1229w, https:\/\/www.sportchaco.com.ar\/wp-content\/uploads\/2025\/05\/Banners-creditos-otorgados-al-campo_1080x1350-1-1639x2048.gif 1639w\" sizes=\"auto, (max-width: 240px) 100vw, 240px\" \/> <img loading=\"lazy\" decoding=\"async\" class=\"alignnone size-medium wp-image-19653\" src=\"https:\/\/www.sportchaco.com.ar\/wp-content\/uploads\/2025\/05\/250x250-300x300.gif\" alt=\"\" width=\"300\" height=\"300\" srcset=\"https:\/\/www.sportchaco.com.ar\/wp-content\/uploads\/2025\/05\/250x250-300x300.gif 300w, https:\/\/www.sportchaco.com.ar\/wp-content\/uploads\/2025\/05\/250x250-150x150.gif 150w\" sizes=\"auto, (max-width: 300px) 100vw, 300px\" \/><\/p>\n","protected":false},"excerpt":{"rendered":"<p>Viernes 23 de Mayo de 2025 Con su Alpine, el argentino busca mejorar los tiempos que tuvo en los primeros entrenamientos y conseguir un buena posici\u00f3n para la carrera principal. Franco Colapinto disputar\u00e1 el Gran Premio de M\u00f3naco, la que ser\u00e1 su segunda carrera con Alpine en su regreso a la F\u00f3rmula 1. El argentino &hellip;<\/p>\n","protected":false},"author":2,"featured_media":19696,"comment_status":"open","ping_status":"open","sticky":false,"template":"","format":"standard","meta":{"footnotes":""},"categories":[2],"tags":[],"class_list":["post-19695","post","type-post","status-publish","format-standard","has-post-thumbnail","hentry","category-automovilismo"],"_links":{"self":[{"href":"https:\/\/www.sportchaco.com.ar\/index.php?rest_route=\/wp\/v2\/posts\/19695","targetHints":{"allow":["GET"]}}],"collection":[{"href":"https:\/\/www.sportchaco.com.ar\/index.php?rest_route=\/wp\/v2\/posts"}],"about":[{"href":"https:\/\/www.sportchaco.com.ar\/index.php?rest_route=\/wp\/v2\/types\/post"}],"author":[{"embeddable":true,"href":"https:\/\/www.sportchaco.com.ar\/index.php?rest_route=\/wp\/v2\/users\/2"}],"replies":[{"embeddable":true,"href":"https:\/\/www.sportchaco.com.ar\/index.php?rest_route=%2Fwp%2Fv2%2Fcomments&post=19695"}],"version-history":[{"count":2,"href":"https:\/\/www.sportchaco.com.ar\/index.php?rest_route=\/wp\/v2\/posts\/19695\/revisions"}],"predecessor-version":[{"id":19698,"href":"https:\/\/www.sportchaco.com.ar\/index.php?rest_route=\/wp\/v2\/posts\/19695\/revisions\/19698"}],"wp:featuredmedia":[{"embeddable":true,"href":"https:\/\/www.sportchaco.com.ar\/index.php?rest_route=\/wp\/v2\/media\/19696"}],"wp:attachment":[{"href":"https:\/\/www.sportchaco.com.ar\/index.php?rest_route=%2Fwp%2Fv2%2Fmedia&parent=19695"}],"wp:term":[{"taxonomy":"category","embeddable":true,"href":"https:\/\/www.sportchaco.com.ar\/index.php?rest_route=%2Fwp%2Fv2%2Fcategories&post=19695"},{"taxonomy":"post_tag","embeddable":true,"href":"https:\/\/www.sportchaco.com.ar\/index.php?rest_route=%2Fwp%2Fv2%2Ftags&post=19695"}],"curies":[{"name":"wp","href":"https:\/\/api.w.org\/{rel}","templated":true}]}}