{"id":19699,"date":"2025-05-23T23:44:37","date_gmt":"2025-05-24T02:44:37","guid":{"rendered":"https:\/\/www.sportchaco.com.ar\/?p=19699"},"modified":"2025-05-23T23:44:37","modified_gmt":"2025-05-24T02:44:37","slug":"xavi-alonso-quiere-a-nico-fernandez-nico-paz-y-mastantuono","status":"publish","type":"post","link":"https:\/\/www.sportchaco.com.ar\/?p=19699","title":{"rendered":"Xavi Alonso quiere a Nico Fern\u00e1ndez, Nico Paz y Mastantuono"},"content":{"rendered":"<header class=\"article-header-wrapper\">\n<div class=\"article-header\">\n<h1 id=\"los-3-argentinos-que-real-madrid-tiene-en-carpeta-para-reforzar-el-equipo-de-xabi-alonso\" class=\"display-block article-headline text_align_left\">Los 3 argentinos que Real Madrid tiene en carpeta para reforzar el equipo de Xabi Alonso son Enzo Fern\u00e1ndez, Nico Paz y Mastantuono. El Merengue busca renovar su zona media luego de anunciar la salida de Luka Modric<\/h1>\n<\/div>\n<\/header>\n<article class=\"article\">\n<div class=\"sharebar-container display_flex\">\n<div class=\"sharebar-buttons-container display_flex\">\n<div class=\"sharebar-buttons button-save\" tabindex=\"0\" role=\"button\" aria-label=\"Guardar\"><\/div>\n<div class=\"sharebar-buttons-separator\"><\/div>\n<p><button class=\"sharemenu-buttons display_flex\" aria-label=\"Compartir en Telegram\"><\/button><button class=\"sharemenu-buttons display_flex\" aria-label=\"Compartir en Linkedin\"><\/button><button class=\"sharemenu-buttons display_flex\" aria-label=\"Compartir en Twitter\"><\/button><button class=\"sharemenu-buttons display_flex\" aria-label=\"Compartir en Whatsapp\"><\/button><button class=\"sharemenu-buttons display_flex\" aria-label=\"Compartir en Facebook\"><\/button><\/div>\n<\/div>\n<div class=\"body-article \">\n<div class=\"visual__image\"><picture><source srcset=\"https:\/\/www.infobae.com\/resizer\/v2\/7WBF6PEA7ZCPNFC2F6N32HB7VQ.com?auth=2a87d5d718c1f5132126a31710df7eb605f822cda1c12d481de26f71003d409d&amp;smart=true&amp;width=992&amp;height=558&amp;quality=85\" media=\"(min-width: 1000px)\" \/><source srcset=\"https:\/\/www.infobae.com\/resizer\/v2\/7WBF6PEA7ZCPNFC2F6N32HB7VQ.com?auth=2a87d5d718c1f5132126a31710df7eb605f822cda1c12d481de26f71003d409d&amp;smart=true&amp;width=768&amp;height=432&amp;quality=85\" media=\"(min-width: 768px)\" \/><source srcset=\"https:\/\/www.infobae.com\/resizer\/v2\/7WBF6PEA7ZCPNFC2F6N32HB7VQ.com?auth=2a87d5d718c1f5132126a31710df7eb605f822cda1c12d481de26f71003d409d&amp;smart=true&amp;width=577&amp;height=325&amp;quality=85\" media=\"(min-width: 580px)\" \/><source srcset=\"https:\/\/www.infobae.com\/resizer\/v2\/7WBF6PEA7ZCPNFC2F6N32HB7VQ.com?auth=2a87d5d718c1f5132126a31710df7eb605f822cda1c12d481de26f71003d409d&amp;smart=true&amp;width=420&amp;height=236&amp;quality=85\" media=\"(min-width: 350px)\" \/><source srcset=\"https:\/\/www.infobae.com\/resizer\/v2\/7WBF6PEA7ZCPNFC2F6N32HB7VQ.com?auth=2a87d5d718c1f5132126a31710df7eb605f822cda1c12d481de26f71003d409d&amp;smart=true&amp;width=350&amp;height=197&amp;quality=85\" media=\"(min-width: 80px)\" \/><img loading=\"lazy\" decoding=\"async\" class=\"global-image\" src=\"https:\/\/www.infobae.com\/resizer\/v2\/7WBF6PEA7ZCPNFC2F6N32HB7VQ.com?auth=2a87d5d718c1f5132126a31710df7eb605f822cda1c12d481de26f71003d409d&amp;smart=true&amp;width=350&amp;height=197&amp;quality=85\" alt=\"El entrenador espa\u00f1ol Xabi Alonso\" width=\"3868\" height=\"2176\" \/><\/picture>El entrenador espa\u00f1ol Xabi Alonso ser\u00e1 el reemplazante de Carlo Ancelotti en el banco de suplentes del Real Madrid (REUTERS\/Thilo Schmuelgen)<\/div>\n<p class=\"paragraph\">Con la salida de Toni Kroos hace un a\u00f1o y el reciente adi\u00f3s de Luka Modric,\u00a0<b>el Real Madrid se encuentra ante uno de los desaf\u00edos m\u00e1s complejos de los \u00faltimos a\u00f1os: reestructurar su mediocampo\u00a0<\/b>para sostener la competitividad del proyecto que ahora liderar\u00e1 Xabi Alonso desde el banquillo. En este contexto, la entidad blanca ha reactivado su radar de fichajes y, entre las m\u00faltiples opciones que baraja,\u00a0<b>destacan tres nombres argentinos con perfiles diferentes pero potencial para encajar en el nuevo esquema<\/b>, seg\u00fan inform\u00f3 el diario\u00a0<i>Marca<\/i>.<\/p>\n<div class=\"headline-wrapper\">\n<h3 class=\"header headline-class-h3\">Enzo Fern\u00e1ndez:<\/h3>\n<\/div>\n<div class=\"visual__image\"><picture><source srcset=\"https:\/\/www.infobae.com\/resizer\/v2\/VLSS3HPFDBG3FIZBLBU7PMD2WM.jpg?auth=c7b1eeefdb6133029263396c3f0fbb3813eba6da60ae056902735dbe67dc684b&amp;smart=true&amp;width=992&amp;height=661&amp;quality=85\" media=\"(min-width: 1000px)\" \/><source srcset=\"https:\/\/www.infobae.com\/resizer\/v2\/VLSS3HPFDBG3FIZBLBU7PMD2WM.jpg?auth=c7b1eeefdb6133029263396c3f0fbb3813eba6da60ae056902735dbe67dc684b&amp;smart=true&amp;width=768&amp;height=512&amp;quality=85\" media=\"(min-width: 768px)\" \/><source srcset=\"https:\/\/www.infobae.com\/resizer\/v2\/VLSS3HPFDBG3FIZBLBU7PMD2WM.jpg?auth=c7b1eeefdb6133029263396c3f0fbb3813eba6da60ae056902735dbe67dc684b&amp;smart=true&amp;width=577&amp;height=385&amp;quality=85\" media=\"(min-width: 580px)\" \/><source srcset=\"https:\/\/www.infobae.com\/resizer\/v2\/VLSS3HPFDBG3FIZBLBU7PMD2WM.jpg?auth=c7b1eeefdb6133029263396c3f0fbb3813eba6da60ae056902735dbe67dc684b&amp;smart=true&amp;width=420&amp;height=280&amp;quality=85\" media=\"(min-width: 350px)\" \/><source srcset=\"https:\/\/www.infobae.com\/resizer\/v2\/VLSS3HPFDBG3FIZBLBU7PMD2WM.jpg?auth=c7b1eeefdb6133029263396c3f0fbb3813eba6da60ae056902735dbe67dc684b&amp;smart=true&amp;width=350&amp;height=233&amp;quality=85\" media=\"(min-width: 80px)\" \/><img loading=\"lazy\" decoding=\"async\" class=\"global-image\" src=\"https:\/\/www.infobae.com\/resizer\/v2\/VLSS3HPFDBG3FIZBLBU7PMD2WM.jpg?auth=c7b1eeefdb6133029263396c3f0fbb3813eba6da60ae056902735dbe67dc684b&amp;smart=true&amp;width=350&amp;height=233&amp;quality=85\" alt=\"Enzo Fern\u00e1ndez, una de las\" width=\"7664\" height=\"5018\" \/><\/picture>Enzo Fern\u00e1ndez, una de las principales figuras del Chelsea (REUTERS\/David Klein)<\/div>\n<p class=\"paragraph\">El mediocampista del Chelsea, Enzo Fern\u00e1ndez, es uno de los nombres que aparece con mayor fuerza en la agenda blanca. Con 24 a\u00f1os y una Copa del Mundo en su haber, el ex River Plate combina dinamismo, capacidad de asociaci\u00f3n y una lectura t\u00e1ctica que le permite ofrecer soluciones tanto ofensivas como defensivas.<\/p>\n<p class=\"paragraph\">Aunque no se trata de un organizador cl\u00e1sico, su capacidad para distribuir el juego r\u00e1pidamente, detectar espacios para avanzar con bal\u00f3n controlado y su precisi\u00f3n en los desplazamientos largos le dan una proyecci\u00f3n interesante como interior o pivote. En defensa, su agresividad en la presi\u00f3n y tenacidad en los duelos lo convierten en un jugador completo, aunque el robo de bal\u00f3n no sea su mayor fortaleza.<\/p>\n<p class=\"paragraph\">Fern\u00e1ndez tiene contrato con el Chelsea, lo que obligar\u00eda a una negociaci\u00f3n compleja, aunque el rendimiento del argentino y su perfil internacional lo convierten en una de las alternativas m\u00e1s realistas.<\/p>\n<div class=\"headline-wrapper\">\n<h3 class=\"header headline-class-h3\">Nico Paz:<\/h3>\n<\/div>\n<div class=\"visual__image\"><picture><source srcset=\"https:\/\/www.infobae.com\/resizer\/v2\/NM565HBSAPTBPV2MST4H23YKTY.jpg?auth=3790c4177302d96329613edacddee6f28ed6495ea2f72bf1dcb21f01845dea5b&amp;smart=true&amp;width=992&amp;height=744&amp;quality=85\" media=\"(min-width: 1000px)\" \/><source srcset=\"https:\/\/www.infobae.com\/resizer\/v2\/NM565HBSAPTBPV2MST4H23YKTY.jpg?auth=3790c4177302d96329613edacddee6f28ed6495ea2f72bf1dcb21f01845dea5b&amp;smart=true&amp;width=768&amp;height=576&amp;quality=85\" media=\"(min-width: 768px)\" \/><source srcset=\"https:\/\/www.infobae.com\/resizer\/v2\/NM565HBSAPTBPV2MST4H23YKTY.jpg?auth=3790c4177302d96329613edacddee6f28ed6495ea2f72bf1dcb21f01845dea5b&amp;smart=true&amp;width=577&amp;height=433&amp;quality=85\" media=\"(min-width: 580px)\" \/><source srcset=\"https:\/\/www.infobae.com\/resizer\/v2\/NM565HBSAPTBPV2MST4H23YKTY.jpg?auth=3790c4177302d96329613edacddee6f28ed6495ea2f72bf1dcb21f01845dea5b&amp;smart=true&amp;width=420&amp;height=315&amp;quality=85\" media=\"(min-width: 350px)\" \/><source srcset=\"https:\/\/www.infobae.com\/resizer\/v2\/NM565HBSAPTBPV2MST4H23YKTY.jpg?auth=3790c4177302d96329613edacddee6f28ed6495ea2f72bf1dcb21f01845dea5b&amp;smart=true&amp;width=350&amp;height=263&amp;quality=85\" media=\"(min-width: 80px)\" \/><img loading=\"lazy\" decoding=\"async\" class=\"global-image\" src=\"https:\/\/www.infobae.com\/resizer\/v2\/NM565HBSAPTBPV2MST4H23YKTY.jpg?auth=3790c4177302d96329613edacddee6f28ed6495ea2f72bf1dcb21f01845dea5b&amp;smart=true&amp;width=350&amp;height=263&amp;quality=85\" alt=\"Nico Paz arm\u00f3 una verdadera\" width=\"3313\" height=\"2420\" \/><\/picture>Nico Paz arm\u00f3 una verdadera revoluci\u00f3n en el Como de Italia (REUTERS\/Claudia Greco)<\/div>\n<div>\n<p class=\"paragraph\">Formado en \u201cLa F\u00e1brica\u201d desde infantiles, Nico Paz es una opci\u00f3n que combina bajo costo con alto potencial. Su paso por el Como le ha permitido madurar lejos de los focos del Bernab\u00e9u, logrando continuidad y un rol protagonista.\u00a0<b>Su posible regreso al club implicar\u00eda un desembolso de apenas nueve millones de euros, lo que lo posiciona como la alternativa m\u00e1s accesible de toda la lista.<\/b><\/p>\n<p class=\"paragraph\">Zurdo, con capacidad para leer el juego y explotar espacios, destaca por su primer toque y su visi\u00f3n t\u00e1ctica. Leo Messi, que comparti\u00f3 entrenamientos con \u00e9l en la selecci\u00f3n argentina, no dud\u00f3 en elogiarlo: \u201cNico Paz tiene much\u00edsima calidad y entiende perfectamente el juego\u201d. Estas condiciones le otorgan un perfil que podr\u00eda integrarse sin sobresaltos al plan de Xabi Alonso, quien prioriza centrocampistas con inteligencia posicional y capacidad para combinar en corto.<\/p>\n<p class=\"paragraph\">No obstante, el interrogante sobre su rol persiste: el jugador desea m\u00e1s que un lugar en el banquillo. Su rendimiento y ambici\u00f3n determinar\u00e1n si est\u00e1 listo para asumir un papel relevante en el mediocampo madridista o si necesita un paso intermedio.<\/p>\n<div class=\"headline-wrapper\">\n<h3 class=\"header headline-class-h3\">Franco Mastantuono:<\/h3>\n<\/div>\n<div class=\"visual__image\"><picture><source srcset=\"https:\/\/www.infobae.com\/resizer\/v2\/FEY2FCCXDZDLHNO4VA4UXNJ63Y.jpg?auth=732cc7cff75863ab7e0a194bef5012338707abf2078059e750a813fdaf5c15b5&amp;smart=true&amp;width=992&amp;height=606&amp;quality=85\" media=\"(min-width: 1000px)\" \/><source srcset=\"https:\/\/www.infobae.com\/resizer\/v2\/FEY2FCCXDZDLHNO4VA4UXNJ63Y.jpg?auth=732cc7cff75863ab7e0a194bef5012338707abf2078059e750a813fdaf5c15b5&amp;smart=true&amp;width=768&amp;height=469&amp;quality=85\" media=\"(min-width: 768px)\" \/><source srcset=\"https:\/\/www.infobae.com\/resizer\/v2\/FEY2FCCXDZDLHNO4VA4UXNJ63Y.jpg?auth=732cc7cff75863ab7e0a194bef5012338707abf2078059e750a813fdaf5c15b5&amp;smart=true&amp;width=577&amp;height=353&amp;quality=85\" media=\"(min-width: 580px)\" \/><source srcset=\"https:\/\/www.infobae.com\/resizer\/v2\/FEY2FCCXDZDLHNO4VA4UXNJ63Y.jpg?auth=732cc7cff75863ab7e0a194bef5012338707abf2078059e750a813fdaf5c15b5&amp;smart=true&amp;width=420&amp;height=257&amp;quality=85\" media=\"(min-width: 350px)\" \/><source srcset=\"https:\/\/www.infobae.com\/resizer\/v2\/FEY2FCCXDZDLHNO4VA4UXNJ63Y.jpg?auth=732cc7cff75863ab7e0a194bef5012338707abf2078059e750a813fdaf5c15b5&amp;smart=true&amp;width=350&amp;height=214&amp;quality=85\" media=\"(min-width: 80px)\" \/><img loading=\"lazy\" decoding=\"async\" class=\"global-image\" src=\"https:\/\/www.infobae.com\/resizer\/v2\/FEY2FCCXDZDLHNO4VA4UXNJ63Y.jpg?auth=732cc7cff75863ab7e0a194bef5012338707abf2078059e750a813fdaf5c15b5&amp;smart=true&amp;width=350&amp;height=214&amp;quality=85\" alt=\"Franco Mastantuono, la joven promesa\" width=\"5000\" height=\"2925\" \/><\/picture>Franco Mastantuono, la joven promesa de River Plate<\/div>\n<p class=\"paragraph\">A sus 17 a\u00f1os, Franco Mastantuono representa la carta a futuro dentro del abanico argentino. Su perfil es el m\u00e1s vers\u00e1til: puede ocupar distintas zonas del mediocampo y tiene como principales atributos la conducci\u00f3n veloz, el car\u00e1cter competitivo y la inteligencia para resolver en espacios reducidos. Su dominio del bal\u00f3n parado y su capacidad para involucrarse en la presi\u00f3n lo destacan en un escenario donde el Madrid apuesta por talentos j\u00f3venes con proyecci\u00f3n a medio plazo.<\/p>\n<p class=\"paragraph\">Pese a no ser un organizador tradicional, su comprensi\u00f3n t\u00e1ctica del juego y su madurez competitiva anticipan una evoluci\u00f3n acelerada. Su juventud, sin embargo, lo sit\u00faa m\u00e1s como una inversi\u00f3n que como una soluci\u00f3n inmediata.<\/p>\n<div class=\"headline-wrapper\">\n<h3 class=\"header headline-class-h3\">Otras opciones en el radar:<\/h3>\n<\/div>\n<p class=\"paragraph\">M\u00e1s all\u00e1 de los argentinos, el rotativo espa\u00f1ol informa que Real Madrid tambi\u00e9n contempla nombres de alto calibre, aunque varios presentan obst\u00e1culos contractuales o econ\u00f3micos.<\/p>\n<ul class=\"list\" data-icon=\"\u2b24\">\n<li data-icon=\"\u2b24\"><b>Rodri (Manchester City)<\/b>\u00a0es el \u201cgran sue\u00f1o blanco\u201d. Con contrato hasta 2027 y figura clave en el esquema de Guardiola, su salida parece poco viable a corto plazo. Su dominio del juego, capacidad para dictar el ritmo y su fiabilidad posicional lo convierten en el heredero natural de Kroos, pero las condiciones de su club complican cualquier operaci\u00f3n.<\/li>\n<li data-icon=\"\u2b24\"><b>Vitinha (PSG)<\/b>\u00a0es considerado por la direcci\u00f3n deportiva como la opci\u00f3n que mejor emula el estilo de Kroos. Su precisi\u00f3n en el pase (93%), capacidad de conducci\u00f3n y llegada al \u00e1rea lo posicionan como un candidato ideal. Sin embargo, su v\u00ednculo con el PSG hasta 2029 lo convierte en una posibilidad lejana.<\/li>\n<li data-icon=\"\u2b24\"><b>Florian Wirtz<\/b>, estrella del Bayer Leverkusen, tambi\u00e9n ha sido mencionado, aunque su perfil ofensivo lo aleja del rol de organizador cl\u00e1sico.<\/li>\n<li data-icon=\"\u2b24\"><b>Tijjani Reijnders (Milan)<\/b>,\u00a0<b>Hugo Larsson (Eintracht Frankfurt)<\/b>,\u00a0<b>Angelo Stiller (Stuttgart)\u00a0<\/b>completan una lista diversa que el Madrid estudia con cautela.<\/li>\n<\/ul>\n<p class=\"paragraph\" style=\"text-align: center;\">La temporada posterior al retiro de Kroos dej\u00f3 al equipo sin rumbo claro en el centro del campo. Ahora, con el arribo de Xabi Alonso, se abre una nueva etapa en la que el club ha decidido actuar en el mercado. Seg\u00fan el mencionado medio, la presencia de jugadores como Jude Bellingham o Aur\u00e9lien Tchouam\u00e9ni no ha resuelto la necesidad de contar con un cerebro en el centro del campo, capaz de organizar, temporizar y dirigir.<\/p>\n<p class=\"paragraph\" style=\"text-align: center;\">Fuente Infobae<\/p>\n<p class=\"paragraph\" style=\"text-align: center;\"><img loading=\"lazy\" decoding=\"async\" class=\"alignnone size-medium wp-image-19655\" src=\"https:\/\/www.sportchaco.com.ar\/wp-content\/uploads\/2025\/05\/Banners-creditos-otorgados-al-campo_1080x1350-1-240x300.gif\" alt=\"\" width=\"240\" height=\"300\" srcset=\"https:\/\/www.sportchaco.com.ar\/wp-content\/uploads\/2025\/05\/Banners-creditos-otorgados-al-campo_1080x1350-1-240x300.gif 240w, https:\/\/www.sportchaco.com.ar\/wp-content\/uploads\/2025\/05\/Banners-creditos-otorgados-al-campo_1080x1350-1-819x1024.gif 819w, https:\/\/www.sportchaco.com.ar\/wp-content\/uploads\/2025\/05\/Banners-creditos-otorgados-al-campo_1080x1350-1-768x960.gif 768w, https:\/\/www.sportchaco.com.ar\/wp-content\/uploads\/2025\/05\/Banners-creditos-otorgados-al-campo_1080x1350-1-1229x1536.gif 1229w, https:\/\/www.sportchaco.com.ar\/wp-content\/uploads\/2025\/05\/Banners-creditos-otorgados-al-campo_1080x1350-1-1639x2048.gif 1639w\" sizes=\"auto, (max-width: 240px) 100vw, 240px\" \/><\/p>\n<\/div>\n<\/div>\n<\/article>\n","protected":false},"excerpt":{"rendered":"<p>Los 3 argentinos que Real Madrid tiene en carpeta para reforzar el equipo de Xabi Alonso son Enzo Fern\u00e1ndez, Nico Paz y Mastantuono. El Merengue busca renovar su zona media luego de anunciar la salida de Luka Modric El entrenador espa\u00f1ol Xabi Alonso ser\u00e1 el reemplazante de Carlo Ancelotti en el banco de suplentes del &hellip;<\/p>\n","protected":false},"author":2,"featured_media":19700,"comment_status":"open","ping_status":"open","sticky":false,"template":"","format":"standard","meta":{"footnotes":""},"categories":[6],"tags":[],"class_list":["post-19699","post","type-post","status-publish","format-standard","has-post-thumbnail","hentry","category-internacionales"],"_links":{"self":[{"href":"https:\/\/www.sportchaco.com.ar\/index.php?rest_route=\/wp\/v2\/posts\/19699","targetHints":{"allow":["GET"]}}],"collection":[{"href":"https:\/\/www.sportchaco.com.ar\/index.php?rest_route=\/wp\/v2\/posts"}],"about":[{"href":"https:\/\/www.sportchaco.com.ar\/index.php?rest_route=\/wp\/v2\/types\/post"}],"author":[{"embeddable":true,"href":"https:\/\/www.sportchaco.com.ar\/index.php?rest_route=\/wp\/v2\/users\/2"}],"replies":[{"embeddable":true,"href":"https:\/\/www.sportchaco.com.ar\/index.php?rest_route=%2Fwp%2Fv2%2Fcomments&post=19699"}],"version-history":[{"count":2,"href":"https:\/\/www.sportchaco.com.ar\/index.php?rest_route=\/wp\/v2\/posts\/19699\/revisions"}],"predecessor-version":[{"id":20596,"href":"https:\/\/www.sportchaco.com.ar\/index.php?rest_route=\/wp\/v2\/posts\/19699\/revisions\/20596"}],"wp:featuredmedia":[{"embeddable":true,"href":"https:\/\/www.sportchaco.com.ar\/index.php?rest_route=\/wp\/v2\/media\/19700"}],"wp:attachment":[{"href":"https:\/\/www.sportchaco.com.ar\/index.php?rest_route=%2Fwp%2Fv2%2Fmedia&parent=19699"}],"wp:term":[{"taxonomy":"category","embeddable":true,"href":"https:\/\/www.sportchaco.com.ar\/index.php?rest_route=%2Fwp%2Fv2%2Fcategories&post=19699"},{"taxonomy":"post_tag","embeddable":true,"href":"https:\/\/www.sportchaco.com.ar\/index.php?rest_route=%2Fwp%2Fv2%2Ftags&post=19699"}],"curies":[{"name":"wp","href":"https:\/\/api.w.org\/{rel}","templated":true}]}}