{"id":1972,"date":"2023-10-19T11:35:06","date_gmt":"2023-10-19T14:35:06","guid":{"rendered":"https:\/\/www.sportchaco.com.ar\/?p=1972"},"modified":"2023-10-19T11:37:21","modified_gmt":"2023-10-19T14:37:21","slug":"peligra-la-continuidad-de-verstappen-en-red-bull","status":"publish","type":"post","link":"https:\/\/www.sportchaco.com.ar\/?p=1972","title":{"rendered":"Peligra la continuidad de Verstappen en Red Bull"},"content":{"rendered":"<p id=\"titulo_cable\" class=\"title\">a<\/p>\n<div id=\"div_cuerpo\" class=\"content cable-content\">\n<p>El neerland\u00e9s Max Verstappen, tricampe\u00f3n mundial de la F\u00f3rmula 1, podr\u00eda dejar Red Bull a ra\u00edz de un conflicto interno entre dos de los principales dirigentes de esa escuder\u00eda con la que tiene contrato hasta el 2028.<\/p>\n<p>El conflicto interno en Red Bull surge a partir de las diferencias entre Helmut Marko -ex piloto y asesor de la escuder\u00eda austr\u00edaca- y Christian Horner, el jefe del equipo del \u00abToro Rojo\u00bb quien, seg\u00fan el diario Mundo Deportivo, inici\u00f3 un \u00abgolpe de estado\u00bb contra Marko.<\/p>\n<p>La discusi\u00f3n tendr\u00eda origen en que Horner pretende estar a cargo tambi\u00e9n de Alpha Tauri, la escuder\u00eda perif\u00e9rica de Red Bull, para poder elegir cuales ser\u00e1n los pilotos que podr\u00edan firmar futuros contratos y para lograr ese objetivo debe \u00absacar del camino a Marko\u00bb, quien fue la \u00abmano derecha\u00bb del fallecido Dietrich Mateschitz, fundador de la compa\u00f1\u00eda.<\/p>\n<p>A partir del deceso de Mateschitz, Horner habr\u00eda encontrado el motivo indicado para ir \u00aben contra\u00bb de Marko, aunque \u00e9ste parece \u00abinamovible\u00bb en la estructura.<\/p>\n<p>\u00abSi Helmut (por Marko) tuviera que irse, Max (por Verstappen) tambi\u00e9n se ir\u00eda\u00bb, dijo Oliver Minttzlaff, fuerte inversor de la escuder\u00eda austriaca al sitio &#8216;Insider F-1&#8217;.<\/p>\n<p>Verstappen y Marko se conocen desde que el piloto neerland\u00e9s se sum\u00f3 al proyecto de desarrollo de pilotos de Red Bull a los 16 a\u00f1os cuando el actual tricampe\u00f3n mundial a\u00fan corr\u00eda en karting.<\/p>\n<\/div>\n<div><\/div>\n<div>Foto de Max Verstappen<\/div>\n","protected":false},"excerpt":{"rendered":"<p>a El neerland\u00e9s Max Verstappen, tricampe\u00f3n mundial de la F\u00f3rmula 1, podr\u00eda dejar Red Bull a ra\u00edz de un conflicto interno entre dos de los principales dirigentes de esa escuder\u00eda con la que tiene contrato hasta el 2028. El conflicto interno en Red Bull surge a partir de las diferencias entre Helmut Marko -ex piloto &hellip;<\/p>\n","protected":false},"author":2,"featured_media":1975,"comment_status":"open","ping_status":"open","sticky":false,"template":"","format":"standard","meta":{"footnotes":""},"categories":[2],"tags":[],"class_list":["post-1972","post","type-post","status-publish","format-standard","has-post-thumbnail","hentry","category-automovilismo"],"_links":{"self":[{"href":"https:\/\/www.sportchaco.com.ar\/index.php?rest_route=\/wp\/v2\/posts\/1972","targetHints":{"allow":["GET"]}}],"collection":[{"href":"https:\/\/www.sportchaco.com.ar\/index.php?rest_route=\/wp\/v2\/posts"}],"about":[{"href":"https:\/\/www.sportchaco.com.ar\/index.php?rest_route=\/wp\/v2\/types\/post"}],"author":[{"embeddable":true,"href":"https:\/\/www.sportchaco.com.ar\/index.php?rest_route=\/wp\/v2\/users\/2"}],"replies":[{"embeddable":true,"href":"https:\/\/www.sportchaco.com.ar\/index.php?rest_route=%2Fwp%2Fv2%2Fcomments&post=1972"}],"version-history":[{"count":2,"href":"https:\/\/www.sportchaco.com.ar\/index.php?rest_route=\/wp\/v2\/posts\/1972\/revisions"}],"predecessor-version":[{"id":1976,"href":"https:\/\/www.sportchaco.com.ar\/index.php?rest_route=\/wp\/v2\/posts\/1972\/revisions\/1976"}],"wp:featuredmedia":[{"embeddable":true,"href":"https:\/\/www.sportchaco.com.ar\/index.php?rest_route=\/wp\/v2\/media\/1975"}],"wp:attachment":[{"href":"https:\/\/www.sportchaco.com.ar\/index.php?rest_route=%2Fwp%2Fv2%2Fmedia&parent=1972"}],"wp:term":[{"taxonomy":"category","embeddable":true,"href":"https:\/\/www.sportchaco.com.ar\/index.php?rest_route=%2Fwp%2Fv2%2Fcategories&post=1972"},{"taxonomy":"post_tag","embeddable":true,"href":"https:\/\/www.sportchaco.com.ar\/index.php?rest_route=%2Fwp%2Fv2%2Ftags&post=1972"}],"curies":[{"name":"wp","href":"https:\/\/api.w.org\/{rel}","templated":true}]}}