{"id":19736,"date":"2025-05-24T21:22:23","date_gmt":"2025-05-25T00:22:23","guid":{"rendered":"https:\/\/www.sportchaco.com.ar\/?p=19736"},"modified":"2025-05-24T21:22:23","modified_gmt":"2025-05-25T00:22:23","slug":"modric-y-ancelotti-se-despidieron-del-real-madrid","status":"publish","type":"post","link":"https:\/\/www.sportchaco.com.ar\/?p=19736","title":{"rendered":"Modric y Ancelotti se despidieron del Real Madrid"},"content":{"rendered":"<div class=\"row\">\n<div class=\"col-12 \">\n<section class=\"mod-opening\">\n<div class=\"content-media\">\n<section id=\"CXHCDPRQAVGWDKCYB7SYXP5TPQ\" class=\"mod-media   \" role=\"button\">\n<figure class=\"mod-figure --horizontal\" role=\"button\">\n<h2 class=\"h3 ff-20px-w400\">24-05-2025<\/h2><figcaption class=\"mod-figcaption\"><strong><span class=\"com-text --caption --twoxs\">Foto portada: Son leyenda: Carlo Ancelotti y Luka Modric se despiden de Real Madrid en el 2-0 a Real Sociedad por la \u00faltima fecha de la liga de Espa\u00f1a.<\/span><\/strong><span class=\"com-text --credit --twoxs\"><span class=\"com-text --credit --twoxs\"><strong>Cesar Cebolla<\/p>\n<p><\/strong><br \/>\n<\/span><\/span><\/p>\n<div class=\"section-2-col article-header\">\n<div class=\"col 2-col\">\n<h2 class=\"h3 ff-20px-w400\">El equipo blanco se impuso 2-0 a Real Sociedad con dos goles de Mbapp\u00e9 en el \u00faltimo partido del mediocampista y el entrenador italiano en el Bernab\u00e9u.<\/h2>\n<div class=\"author\">\n<div class=\"author-inner\"><\/div>\n<\/div>\n<\/div>\n<\/div>\n<div class=\"section-2-col article-main-image\">\n<div class=\"col 1-col hide-on-mobile\">\n<div class=\"article-info \">\n<div class=\"sidebar-separator\"><\/div>\n<p>&nbsp;<\/p>\n<\/div>\n<\/div>\n<div class=\"col 2-col\">\n<div class=\"article-main-media-image__container\">\n<div class=\"image-wrapper\">\n<figure><picture><source style=\"box-sizing: inherit;\" srcset=\"https:\/\/images.pagina12.com.ar\/styles\/focal_3_2_700x467\/public\/2025-05\/940154-23p2-afp-0.jpg?h=c6980913&amp;itok=si1oSpKR\" media=\"(width &gt; 768px)\" \/><source srcset=\"https:\/\/images.pagina12.com.ar\/styles\/focal_3_2_470x313\/public\/2025-05\/940154-23p2-afp-0.jpg?h=c6980913&amp;itok=sozUjAQi\" media=\"(width &lt;= 768px)\" \/><img decoding=\"async\" class=\" image\" src=\"https:\/\/images.pagina12.com.ar\/styles\/focal_3_2_470x313\/public\/2025-05\/940154-23p2-afp-0.jpg?h=c6980913&amp;itok=sozUjAQi\" alt=\"Modric, al aire en brazos de sus compa\u00f1eros\" \/><\/picture><figcaption>Modric, al aire en brazos de sus compa\u00f1eros. Imagen: AFP<\/figcaption><\/figure>\n<\/div>\n<\/div>\n<\/div>\n<\/div>\n<div class=\"section-2-col article-main-content\">\n<div class=\"col 1-col cxense-articles\"><\/div>\n<div class=\"col 2-col\">\n<div class=\"article-main-content article-text  \">\n<p><b>Real Madrid<\/b>\u00a0vivi\u00f3 una jornada repleta de emociones en su estadio\u00a0<b>Santiago Bernabeu\u00a0<\/b>con las despedidas del croata\u00a0<b>Luka Modric<\/b>\u00a0como jugador y del italiano\u00a0<b>Carlo Ancelotti<\/b>\u00a0como director t\u00e9cnico. Adem\u00e1s, en un partido por la \u00faltima fecha de la Liga espa\u00f1ola, el equipo merengue derrot\u00f3 por 2 a 0\u00a0\u00a0<b>Real Sociedad<\/b>\u00a0por 2-0, con dos nuevos tantos del franc\u00e9s<b>\u00a0Kylian Mbappe,<\/b>\u00a0quien se consagr\u00f3 goleador m\u00e1ximo de la temporada con 31 goles.<\/p>\n<div><iframe src=\"https:\/\/www.youtube.com\/embed\/_4bpK2JNP0E\" frameborder=\"0\" allowfullscreen=\"allowfullscreen\" data-mce-fragment=\"1\"><\/iframe><\/div>\n<div id=\"talkFireEvent\"><\/div>\n<p>Si bien desde antes del encuentro hubo muestras de afecto y reconocimiento para ambos, con banderas y hasta una camiseta gigantesca del croata en el centro del campo de juego,<b>\u00a0los momentos m\u00e1s especiales se vivieron en el final<\/b>. El primero de ellos fue la sustituci\u00f3n del mediocampista. Ancelotti el ingreso de<b>\u00a0Chema Andr\u00e9s<\/b>\u00a0para reemplazar a\u00a0<b>Modric\u00a0<\/b>a cinco minutos del cierre. Con todo el estadio de pie, el croata camin\u00f3 entre l\u00e1grimas<b>\u00a0por el pasillo que hab\u00edan formado los jugadores de ambos equipos\u00a0<\/b>y al final del trayecto lo esperaba<b>\u00a0Toni Kroos<\/b>, un invitado sorpresa.<\/p>\n<div class=\"slot-available\"><\/div>\n<div><iframe src=\"https:\/\/www.youtube.com\/embed\/f-o3uzRHunM\" frameborder=\"0\" allowfullscreen=\"allowfullscreen\" data-mce-fragment=\"1\"><\/iframe><\/div>\n<p>El crack alem\u00e1n, amigo personal y con quien\u00a0<b>Modric comparti\u00f3 la conquista de cinco Champions League en el Real Madrid<\/b>,\u00a0<b>lo esper\u00f3 con los brazos abiertos para fundirse en un abrazo\u00a0<\/b>que provoc\u00f3 la explosi\u00f3n de los simpatizantes merengues. Al lado del campo de juego tambi\u00e9n estaban la mujer y los hijos del futbolista croata quien\u00a0<b>recien dejar\u00e1 de jugar en el equipo luego del Mundial de Clubes, bajo la direcci\u00f3n t\u00e9cnica de Xabi Alonso.\u00a0<\/b><\/p>\n<div><iframe src=\"https:\/\/www.youtube.com\/embed\/XY_EMoic_6M\" frameborder=\"0\" allowfullscreen=\"allowfullscreen\" data-mce-fragment=\"1\"><\/iframe><\/div>\n<div class=\"slot-available\"><\/div>\n<p>Con el final del partido, las luces del estadio disminuyeron y dieron lugar a dos videos para homenajear a\u00a0<b>Modric y Ancelotti, quien alz\u00f3 tres veces \u00abla Orejona\u00bb en el Madrid en dos ciclos diferentes y\u00a0<\/b><b>asumir\u00e1 la pr\u00f3xima semana como nuevo entrenador del seleccionado de Brasil.<\/b>\u00a0Los grandes protagonistas de la jornada tomaron el micr\u00f3fono para dedicar unas palabras y luego\u00a0<b>el plantel los lanz\u00f3 por el aire<\/b>\u00a0en el tradicional agasajo que se suele hacer en las despedidas.<\/p>\n<\/div>\n<\/div>\n<\/div>\n<\/figcaption><\/figure>\n<\/section>\n<\/div>\n<\/section>\n<\/div>\n<\/div>\n<section class=\"cuerpo__nota\">\n<div class=\"row\">\n<div class=\"col-12 col-desksm-1\">\n<div class=\"mod-share-container py-12 mb-16 mb-0_l border border-bottom border-thin border-neutral-light-100 border-0_l --no-app sticky float-l_l z-101 transition transition-all transition-duration-250 top-73_min1024\">\n<div class=\"mod-share flex mb-0 p-0_l\">\n<div id=\"v-share\" class=\"share flex relative z-100 flex-column_l bg-light-0 pb-16_l pt-8_l px-8_l\">\n<div id=\"first-button-group\" class=\"first-buttons-group flex gap-16 pr-8_max1023 pb-16_l flex-column_l\"><\/div>\n<\/div>\n<\/div>\n<\/div>\n<\/div>\n<div class=\"col-deskxl-10 offset-deskxl-1 col-desksm-11\">\n<div class=\"row\">\n<div class=\"col-12\">\n<div class=\"content-media\">\n<section class=\"mod-media --zoom  \" role=\"button\">\n<figure class=\"mod-figure \" role=\"button\">\n<div class=\"placeholder \">\n<div class=\"com-image\"><img loading=\"lazy\" decoding=\"async\" class=\"alignnone size-medium wp-image-19655 aligncenter\" src=\"https:\/\/www.sportchaco.com.ar\/wp-content\/uploads\/2025\/05\/Banners-creditos-otorgados-al-campo_1080x1350-1-240x300.gif\" alt=\"\" width=\"240\" height=\"300\" srcset=\"https:\/\/www.sportchaco.com.ar\/wp-content\/uploads\/2025\/05\/Banners-creditos-otorgados-al-campo_1080x1350-1-240x300.gif 240w, https:\/\/www.sportchaco.com.ar\/wp-content\/uploads\/2025\/05\/Banners-creditos-otorgados-al-campo_1080x1350-1-819x1024.gif 819w, https:\/\/www.sportchaco.com.ar\/wp-content\/uploads\/2025\/05\/Banners-creditos-otorgados-al-campo_1080x1350-1-768x960.gif 768w, https:\/\/www.sportchaco.com.ar\/wp-content\/uploads\/2025\/05\/Banners-creditos-otorgados-al-campo_1080x1350-1-1229x1536.gif 1229w, https:\/\/www.sportchaco.com.ar\/wp-content\/uploads\/2025\/05\/Banners-creditos-otorgados-al-campo_1080x1350-1-1639x2048.gif 1639w\" sizes=\"auto, (max-width: 240px) 100vw, 240px\" \/><\/div>\n<\/div>\n<\/figure>\n<\/section>\n<\/div>\n<\/div>\n<\/div>\n<\/div>\n<\/div>\n<\/section>\n","protected":false},"excerpt":{"rendered":"<p>24-05-2025Foto portada: Son leyenda: Carlo Ancelotti y Luka Modric se despiden de Real Madrid en el 2-0 a Real Sociedad por la \u00faltima fecha de la liga de Espa\u00f1a.Cesar Cebolla El equipo blanco se impuso 2-0 a Real Sociedad con dos goles de Mbapp\u00e9 en el \u00faltimo partido del mediocampista y el entrenador italiano en &hellip;<\/p>\n","protected":false},"author":2,"featured_media":19737,"comment_status":"open","ping_status":"open","sticky":false,"template":"","format":"standard","meta":{"footnotes":""},"categories":[6],"tags":[],"class_list":["post-19736","post","type-post","status-publish","format-standard","has-post-thumbnail","hentry","category-internacionales"],"_links":{"self":[{"href":"https:\/\/www.sportchaco.com.ar\/index.php?rest_route=\/wp\/v2\/posts\/19736","targetHints":{"allow":["GET"]}}],"collection":[{"href":"https:\/\/www.sportchaco.com.ar\/index.php?rest_route=\/wp\/v2\/posts"}],"about":[{"href":"https:\/\/www.sportchaco.com.ar\/index.php?rest_route=\/wp\/v2\/types\/post"}],"author":[{"embeddable":true,"href":"https:\/\/www.sportchaco.com.ar\/index.php?rest_route=\/wp\/v2\/users\/2"}],"replies":[{"embeddable":true,"href":"https:\/\/www.sportchaco.com.ar\/index.php?rest_route=%2Fwp%2Fv2%2Fcomments&post=19736"}],"version-history":[{"count":1,"href":"https:\/\/www.sportchaco.com.ar\/index.php?rest_route=\/wp\/v2\/posts\/19736\/revisions"}],"predecessor-version":[{"id":19738,"href":"https:\/\/www.sportchaco.com.ar\/index.php?rest_route=\/wp\/v2\/posts\/19736\/revisions\/19738"}],"wp:featuredmedia":[{"embeddable":true,"href":"https:\/\/www.sportchaco.com.ar\/index.php?rest_route=\/wp\/v2\/media\/19737"}],"wp:attachment":[{"href":"https:\/\/www.sportchaco.com.ar\/index.php?rest_route=%2Fwp%2Fv2%2Fmedia&parent=19736"}],"wp:term":[{"taxonomy":"category","embeddable":true,"href":"https:\/\/www.sportchaco.com.ar\/index.php?rest_route=%2Fwp%2Fv2%2Fcategories&post=19736"},{"taxonomy":"post_tag","embeddable":true,"href":"https:\/\/www.sportchaco.com.ar\/index.php?rest_route=%2Fwp%2Fv2%2Ftags&post=19736"}],"curies":[{"name":"wp","href":"https:\/\/api.w.org\/{rel}","templated":true}]}}