{"id":19766,"date":"2025-05-25T22:52:32","date_gmt":"2025-05-26T01:52:32","guid":{"rendered":"https:\/\/www.sportchaco.com.ar\/?p=19766"},"modified":"2025-05-25T22:52:32","modified_gmt":"2025-05-26T01:52:32","slug":"efemerides-de-un-26-de-mayo","status":"publish","type":"post","link":"https:\/\/www.sportchaco.com.ar\/?p=19766","title":{"rendered":"Efem\u00e9rides de un 26 de mayo"},"content":{"rendered":"<div class=\"container fullwidth-entry-title-wrapper\">\n<div class=\"container-wrapper fullwidth-entry-title\">\n<header class=\"entry-header-outer\">\n<div class=\"entry-header\">\n<h1 class=\"post-title entry-title\">Efem\u00e9rides de un 26 de mayo<\/h1>\n<div class=\"single-post-meta post-meta clearfix\"><\/div>\n<\/div>\n<\/header>\n<\/div>\n<\/div>\n<div id=\"content\" class=\"site-content container\">\n<div id=\"main-content-row\" class=\"tie-row main-content-row\">\n<div class=\"main-content tie-col-md-8 tie-col-xs-12\" role=\"main\">\n<article id=\"the-post\" class=\"container-wrapper post-content tie-standard\">\n<div class=\"featured-area\">\n<div class=\"featured-area-inner\">\n<figure class=\"single-featured-image\"><\/figure>\n<\/div>\n<\/div>\n<div class=\"entry-content entry clearfix\">\n<p><strong>Esta es la Efem\u00e9rides del Deporte en el Chaco de un 26 de mayo del periodista Luis Dar\u00edo Molodezky.<\/strong><\/p>\n<p style=\"text-align: center;\"><img loading=\"lazy\" decoding=\"async\" class=\"alignnone size-medium wp-image-19768\" src=\"https:\/\/www.sportchaco.com.ar\/wp-content\/uploads\/2025\/05\/Molodezky-Luis-11-05-24-300x225.jpg\" alt=\"\" width=\"300\" height=\"225\" srcset=\"https:\/\/www.sportchaco.com.ar\/wp-content\/uploads\/2025\/05\/Molodezky-Luis-11-05-24-300x225.jpg 300w, https:\/\/www.sportchaco.com.ar\/wp-content\/uploads\/2025\/05\/Molodezky-Luis-11-05-24-1024x768.jpg 1024w, https:\/\/www.sportchaco.com.ar\/wp-content\/uploads\/2025\/05\/Molodezky-Luis-11-05-24-768x576.jpg 768w, https:\/\/www.sportchaco.com.ar\/wp-content\/uploads\/2025\/05\/Molodezky-Luis-11-05-24-1536x1153.jpg 1536w, https:\/\/www.sportchaco.com.ar\/wp-content\/uploads\/2025\/05\/Molodezky-Luis-11-05-24.jpg 1599w\" sizes=\"auto, (max-width: 300px) 100vw, 300px\" \/><\/p>\n<p><strong>1922 \/<\/strong>\u00a0Nacimiento de Deolindo Felipe Bittel, dirigente deportivo y pol\u00edtico, en la ciudad de Villa \u00c1ngela. Permanente colaborador de distintas instituciones en su ciudad natal, fue presidente del Club Chaco For Ever en Resistencia, entre 1969 y marzo de 1973, fecha en que pidi\u00f3 licencia para hacerse cargo de la gobernaci\u00f3n del Chaco. Fue reemplazado por el entonces vicepresidente Abraham Rabinovich, que luego permaneci\u00f3 en el cargo durante once a\u00f1os. En su mandato se logr\u00f3 el campeonato 71 de la Liga Chaque\u00f1a. Su gesti\u00f3n se caracteriz\u00f3 por la cautela y prudencia, y el club se mostraba s\u00f3lido y con una gran cantidad de dirigentes. Falleci\u00f3 el 23 de setiembre de 1997, siendo Senador de la Naci\u00f3n. Fue dos veces gobernador del Chaco, una vice, diputado y senador nacional, intendente local y candidato a vicepresidente de la Naci\u00f3n.<\/p>\n<p><strong>1935\u00a0<\/strong>\/ La Federaci\u00f3n Chaque\u00f1a de F\u00fatbol, bajo la presidencia del doctor Daniel Galdiz, decide el traslado de la secretar\u00eda al local de las calles Pirovano y Pellegrini.<\/p>\n<p><strong>1967 \/<\/strong>\u00a0Domingo \u201cGatiquita\u201d Casco de S\u00e1enz Pe\u00f1a se consagra en el Selectivo para el Panamericano de Winenipeg, Canada, venciendo en la final por puntos a Carlos Rivero de Mendoza. Debut\u00f3 en el profesionalismo con 22 a\u00f1os con triunfo frente a Felipe Br\u00edtez en el Luna Park, el 29 de agosto de 1970. Desde ah\u00ed edific\u00f3 una carrera que incluy\u00f3 50 combates, con 35 victorias (19 nocaut), 10 derrotas y 5 empates; hasta que se despidi\u00f3 de la actividad el 14 de marzo de 1980, frente a Hip\u00f3lito Segundo N\u00fa\u00f1ez. Falleci\u00f3 el 8 de abril de 2024.<\/p>\n<p><strong>2006\u00a0<\/strong>\/ La jovencita nadadora Daniela Gim\u00e9nez, de tan s\u00f3lo13 a\u00f1os, actu\u00f3 con singular \u00e9xito en el \u201cCircuito Paraol\u00edmpico Brasileiro\u201d en la ciudad de Sao Paulo al obtener dos medallas de oro, una de plata y otra de bronce, demostrando una vez m\u00e1s sus cualidades para la alta competencia con innegable proyecci\u00f3n, calificaci\u00f3n que obtuvo d\u00edas antes en Mar del Plata con varias preseas doradas.<\/p>\n<\/div>\n<p style=\"text-align: center;\"><img loading=\"lazy\" decoding=\"async\" class=\"alignnone size-medium wp-image-19712\" src=\"https:\/\/www.sportchaco.com.ar\/wp-content\/uploads\/2025\/05\/250x250-1-300x300.gif\" alt=\"\" width=\"300\" height=\"300\" srcset=\"https:\/\/www.sportchaco.com.ar\/wp-content\/uploads\/2025\/05\/250x250-1-300x300.gif 300w, https:\/\/www.sportchaco.com.ar\/wp-content\/uploads\/2025\/05\/250x250-1-150x150.gif 150w\" sizes=\"auto, (max-width: 300px) 100vw, 300px\" \/><\/p>\n<\/article>\n<\/div>\n<\/div>\n<\/div>\n","protected":false},"excerpt":{"rendered":"<p>Efem\u00e9rides de un 26 de mayo Esta es la Efem\u00e9rides del Deporte en el Chaco de un 26 de mayo del periodista Luis Dar\u00edo Molodezky. 1922 \/\u00a0Nacimiento de Deolindo Felipe Bittel, dirigente deportivo y pol\u00edtico, en la ciudad de Villa \u00c1ngela. Permanente colaborador de distintas instituciones en su ciudad natal, fue presidente del Club Chaco &hellip;<\/p>\n","protected":false},"author":2,"featured_media":19767,"comment_status":"open","ping_status":"open","sticky":false,"template":"","format":"standard","meta":{"footnotes":""},"categories":[45,35],"tags":[],"class_list":["post-19766","post","type-post","status-publish","format-standard","has-post-thumbnail","hentry","category-efemerides-dia-por-dia","category-mayo"],"_links":{"self":[{"href":"https:\/\/www.sportchaco.com.ar\/index.php?rest_route=\/wp\/v2\/posts\/19766","targetHints":{"allow":["GET"]}}],"collection":[{"href":"https:\/\/www.sportchaco.com.ar\/index.php?rest_route=\/wp\/v2\/posts"}],"about":[{"href":"https:\/\/www.sportchaco.com.ar\/index.php?rest_route=\/wp\/v2\/types\/post"}],"author":[{"embeddable":true,"href":"https:\/\/www.sportchaco.com.ar\/index.php?rest_route=\/wp\/v2\/users\/2"}],"replies":[{"embeddable":true,"href":"https:\/\/www.sportchaco.com.ar\/index.php?rest_route=%2Fwp%2Fv2%2Fcomments&post=19766"}],"version-history":[{"count":1,"href":"https:\/\/www.sportchaco.com.ar\/index.php?rest_route=\/wp\/v2\/posts\/19766\/revisions"}],"predecessor-version":[{"id":19769,"href":"https:\/\/www.sportchaco.com.ar\/index.php?rest_route=\/wp\/v2\/posts\/19766\/revisions\/19769"}],"wp:featuredmedia":[{"embeddable":true,"href":"https:\/\/www.sportchaco.com.ar\/index.php?rest_route=\/wp\/v2\/media\/19767"}],"wp:attachment":[{"href":"https:\/\/www.sportchaco.com.ar\/index.php?rest_route=%2Fwp%2Fv2%2Fmedia&parent=19766"}],"wp:term":[{"taxonomy":"category","embeddable":true,"href":"https:\/\/www.sportchaco.com.ar\/index.php?rest_route=%2Fwp%2Fv2%2Fcategories&post=19766"},{"taxonomy":"post_tag","embeddable":true,"href":"https:\/\/www.sportchaco.com.ar\/index.php?rest_route=%2Fwp%2Fv2%2Ftags&post=19766"}],"curies":[{"name":"wp","href":"https:\/\/api.w.org\/{rel}","templated":true}]}}