{"id":19824,"date":"2025-05-27T17:34:54","date_gmt":"2025-05-27T20:34:54","guid":{"rendered":"https:\/\/www.sportchaco.com.ar\/?p=19824"},"modified":"2025-05-27T17:34:54","modified_gmt":"2025-05-27T20:34:54","slug":"don-bosco-atraviesa-un-proceso-de-multiples-disciplinas-deportivas-con-objetivos-altos","status":"publish","type":"post","link":"https:\/\/www.sportchaco.com.ar\/?p=19824","title":{"rendered":"Don Bosco atraviesa un proceso de m\u00faltiples disciplinas deportivas con objetivos altos"},"content":{"rendered":"<p><strong>27-05-2025<\/strong><\/p>\n<p><img loading=\"lazy\" decoding=\"async\" class=\"alignnone wp-image-18962 size-full\" src=\"https:\/\/www.sportchaco.com.ar\/wp-content\/uploads\/2025\/05\/940x90-1-scaled.gif\" alt=\"\" width=\"2560\" height=\"246\" \/><\/p>\n<p>El pasado 14 de mayo, el Centro Deportivo Don Bosco cumpli\u00f3 79 a\u00f1os de vida. Ante esto, el actual presidente de la instituci\u00f3n \u201csalesiana\u201d, Iv\u00e1n Stoyanoff, analiz\u00f3 la actualidad de la instituci\u00f3n y este gran proceso que cuenta con diferentes propuestas deportivas para los socios y comunidad en general.<\/p>\n<p>\u201cEstamos en un muy buen momento, donde luego de haber cumplido 79 a\u00f1os como club nos agarra en pleno crecimiento en muchas de las disciplinas. El b\u00e1squet, disciplina emblema de la instituci\u00f3n, viene con una gran proyecci\u00f3n, tanto en la Primera como en las formativas y la categor\u00eda femenina.<\/p>\n<p>El objetivo es seguir en esta l\u00ednea de trabajo que venimos aplicando desde hace a\u00f1os, con la seriedad que merece est\u00e1 instituci\u00f3n\u201d, fueron las primeras palabras de Iv\u00e1n Stoyanoff, que asumi\u00f3 el cargo de presidente de la entidad en este 2025.<\/p>\n<figure class=\"wp-block-image size-full\"><a href=\"https:\/\/baskettotal.com.ar\/wp-content\/uploads\/2025\/05\/DB-3.jpg\"><img loading=\"lazy\" decoding=\"async\" class=\"lazy wp-image-27437 lazy-loaded\" src=\"https:\/\/baskettotal.com.ar\/wp-content\/uploads\/2025\/05\/DB-3.jpg\" sizes=\"auto, (max-width: 1000px) 100vw, 1000px\" srcset=\"https:\/\/baskettotal.com.ar\/wp-content\/uploads\/2025\/05\/DB-3.jpg 1000w, https:\/\/baskettotal.com.ar\/wp-content\/uploads\/2025\/05\/DB-3-300x180.jpg 300w, https:\/\/baskettotal.com.ar\/wp-content\/uploads\/2025\/05\/DB-3-768x461.jpg 768w, https:\/\/baskettotal.com.ar\/wp-content\/uploads\/2025\/05\/DB-3-400x240.jpg 400w\" alt=\"\" width=\"1000\" height=\"600\" data-lazy-type=\"image\" data-lazy-src=\"https:\/\/baskettotal.com.ar\/wp-content\/uploads\/2025\/05\/DB-3.jpg\" data-lazy-srcset=\"https:\/\/baskettotal.com.ar\/wp-content\/uploads\/2025\/05\/DB-3.jpg 1000w, https:\/\/baskettotal.com.ar\/wp-content\/uploads\/2025\/05\/DB-3-300x180.jpg 300w, https:\/\/baskettotal.com.ar\/wp-content\/uploads\/2025\/05\/DB-3-768x461.jpg 768w, https:\/\/baskettotal.com.ar\/wp-content\/uploads\/2025\/05\/DB-3-400x240.jpg 400w\" data-lazy-sizes=\"(max-width: 1000px) 100vw, 1000px\" \/><\/a><\/figure>\n<p>Adem\u00e1s de la disciplina emblema que es el b\u00e1squet, la entidad tambi\u00e9n pisa fuerte en otros deportes que le dan una gran vida social al club, tales como el v\u00f3ley, taekwondo, pat\u00edn art\u00edstico, danza art\u00edstica y danza modeladora.<\/p>\n<p>El presidente Iv\u00e1n Stoyanoff fue claro y se anim\u00f3 a so\u00f1ar: \u201cVenimos siendo protagonistas en el b\u00e1squet local, tanto en primera como en formativas y la expectativa es volver a jugar el Pre \u2013 Federal. Siempre est\u00e1 la idea de participar en un certamen nacional, pero es fundamental contar con un apoyo econ\u00f3mico importante por la erogaci\u00f3n de gastos que eso genera\u201d.<\/p>\n<p><img loading=\"lazy\" decoding=\"async\" class=\"aligncenter wp-image-19354 size-full\" src=\"https:\/\/www.sportchaco.com.ar\/wp-content\/uploads\/2025\/05\/BANNER-WEB-Qdenga-250x250-1.gif\" alt=\"\" width=\"521\" height=\"521\" \/><\/p>\n","protected":false},"excerpt":{"rendered":"<p>27-05-2025 El pasado 14 de mayo, el Centro Deportivo Don Bosco cumpli\u00f3 79 a\u00f1os de vida. Ante esto, el actual presidente de la instituci\u00f3n \u201csalesiana\u201d, Iv\u00e1n Stoyanoff, analiz\u00f3 la actualidad de la instituci\u00f3n y este gran proceso que cuenta con diferentes propuestas deportivas para los socios y comunidad en general. \u201cEstamos en un muy buen &hellip;<\/p>\n","protected":false},"author":3,"featured_media":19825,"comment_status":"open","ping_status":"open","sticky":false,"template":"","format":"standard","meta":{"footnotes":""},"categories":[3],"tags":[],"class_list":["post-19824","post","type-post","status-publish","format-standard","has-post-thumbnail","hentry","category-basquetbol"],"_links":{"self":[{"href":"https:\/\/www.sportchaco.com.ar\/index.php?rest_route=\/wp\/v2\/posts\/19824","targetHints":{"allow":["GET"]}}],"collection":[{"href":"https:\/\/www.sportchaco.com.ar\/index.php?rest_route=\/wp\/v2\/posts"}],"about":[{"href":"https:\/\/www.sportchaco.com.ar\/index.php?rest_route=\/wp\/v2\/types\/post"}],"author":[{"embeddable":true,"href":"https:\/\/www.sportchaco.com.ar\/index.php?rest_route=\/wp\/v2\/users\/3"}],"replies":[{"embeddable":true,"href":"https:\/\/www.sportchaco.com.ar\/index.php?rest_route=%2Fwp%2Fv2%2Fcomments&post=19824"}],"version-history":[{"count":1,"href":"https:\/\/www.sportchaco.com.ar\/index.php?rest_route=\/wp\/v2\/posts\/19824\/revisions"}],"predecessor-version":[{"id":19826,"href":"https:\/\/www.sportchaco.com.ar\/index.php?rest_route=\/wp\/v2\/posts\/19824\/revisions\/19826"}],"wp:featuredmedia":[{"embeddable":true,"href":"https:\/\/www.sportchaco.com.ar\/index.php?rest_route=\/wp\/v2\/media\/19825"}],"wp:attachment":[{"href":"https:\/\/www.sportchaco.com.ar\/index.php?rest_route=%2Fwp%2Fv2%2Fmedia&parent=19824"}],"wp:term":[{"taxonomy":"category","embeddable":true,"href":"https:\/\/www.sportchaco.com.ar\/index.php?rest_route=%2Fwp%2Fv2%2Fcategories&post=19824"},{"taxonomy":"post_tag","embeddable":true,"href":"https:\/\/www.sportchaco.com.ar\/index.php?rest_route=%2Fwp%2Fv2%2Ftags&post=19824"}],"curies":[{"name":"wp","href":"https:\/\/api.w.org\/{rel}","templated":true}]}}