{"id":19869,"date":"2025-05-29T23:19:52","date_gmt":"2025-05-30T02:19:52","guid":{"rendered":"https:\/\/www.sportchaco.com.ar\/?p=19869"},"modified":"2025-05-29T23:19:53","modified_gmt":"2025-05-30T02:19:53","slug":"efemerides-del-30-de-mayo","status":"publish","type":"post","link":"https:\/\/www.sportchaco.com.ar\/?p=19869","title":{"rendered":"Efem\u00e9rides del 30 de mayo"},"content":{"rendered":"<div class=\"container fullwidth-entry-title-wrapper\">\n<div class=\"container-wrapper fullwidth-entry-title\">\n<header class=\"entry-header-outer\">\n<div class=\"entry-header\">\n<h1 class=\"post-title entry-title\">16<\/h1>\n<div class=\"single-post-meta post-meta clearfix\"><\/div>\n<\/div>\n<\/header>\n<\/div>\n<\/div>\n<div id=\"content\" class=\"site-content container\">\n<div id=\"main-content-row\" class=\"tie-row main-content-row\">\n<div class=\"main-content tie-col-md-8 tie-col-xs-12\" role=\"main\">\n<article id=\"the-post\" class=\"container-wrapper post-content tie-standard\">\n<div class=\"featured-area\">\n<div class=\"featured-area-inner\"><\/div>\n<\/div>\n<div class=\"entry-content entry clearfix\">\n<h3><strong>Esta es la Efem\u00e9rides del Deporte en el Chaco de un 30 de mayo del periodista Luis Dar\u00edo Molodezky.<\/strong><\/h3>\n<p style=\"text-align: center;\"><img loading=\"lazy\" decoding=\"async\" class=\"alignnone size-medium wp-image-19866\" src=\"https:\/\/www.sportchaco.com.ar\/wp-content\/uploads\/2025\/05\/Luis-Molodezky-2025-300x265.jpg\" alt=\"\" width=\"300\" height=\"265\" srcset=\"https:\/\/www.sportchaco.com.ar\/wp-content\/uploads\/2025\/05\/Luis-Molodezky-2025-300x265.jpg 300w, https:\/\/www.sportchaco.com.ar\/wp-content\/uploads\/2025\/05\/Luis-Molodezky-2025.jpg 715w\" sizes=\"auto, (max-width: 300px) 100vw, 300px\" \/><\/p>\n<p><strong>1913\u00a0<\/strong>\/ Con la asistencia de gobernador de Territorio, se inaugura el pol\u00edgono del Tiro Federal Resistencia, con la asistencia de gran cantidad de familias.<\/p>\n<p><strong>1944 \/<\/strong>\u00a0Nace en Corrientes el ex arquero de For Ever y los Seleccionados de la Liga Chaque\u00f1a, Ram\u00f3n Villanueva. Disput\u00f3 con el negro tres nacionales (1967, 1973 y 1974) y logr\u00f3 muchos t\u00edtulos, como las clasificaciones a los regionales y torneos locales. Fue campe\u00f3n de la Copa Adri\u00e1n Beccar Varela y Copa Presidente, en el argentino de Mendoza 1968. Jug\u00f3 en Mandiy\u00fa y Boca Unidos, y en su vida laboral trabaj\u00f3 en Contadur\u00eda General de la Provincia hasta su jubilaci\u00f3n. Villanueva\u00a0hab\u00eda nacido el 30 de mayo de 1944. Falleci\u00f3 el 20 de noviembre del 2020 a los 72 a\u00f1os.<\/p>\n<p><img loading=\"lazy\" decoding=\"async\" class=\"size-medium wp-image-19871 aligncenter\" src=\"https:\/\/www.sportchaco.com.ar\/wp-content\/uploads\/2025\/05\/villanueva-1-300x256.jpg\" alt=\"\" width=\"300\" height=\"256\" srcset=\"https:\/\/www.sportchaco.com.ar\/wp-content\/uploads\/2025\/05\/villanueva-1-300x256.jpg 300w, https:\/\/www.sportchaco.com.ar\/wp-content\/uploads\/2025\/05\/villanueva-1.jpg 434w\" sizes=\"auto, (max-width: 300px) 100vw, 300px\" \/><\/p>\n<p><strong>2006\u00a0<\/strong>\/ El mediocampista chaque\u00f1o, Cristian Gim\u00e9nez, que jug\u00f3 la \u00faltima temporada en el Am\u00e9rica, pas\u00f3 al \u00faltimo campe\u00f3n mexicano Pachuca. Pipi jug\u00f3 antes en Boca e Independiente. Hizo las inferiores en Municipales y For Ever.<\/p>\n<p><strong>Foto portada; Ram\u00f3n Villanueva<\/strong><\/p>\n<\/div>\n<p style=\"text-align: center;\"><img loading=\"lazy\" decoding=\"async\" class=\"alignnone size-medium wp-image-19655\" src=\"https:\/\/www.sportchaco.com.ar\/wp-content\/uploads\/2025\/05\/Banners-creditos-otorgados-al-campo_1080x1350-1-240x300.gif\" alt=\"\" width=\"240\" height=\"300\" srcset=\"https:\/\/www.sportchaco.com.ar\/wp-content\/uploads\/2025\/05\/Banners-creditos-otorgados-al-campo_1080x1350-1-240x300.gif 240w, https:\/\/www.sportchaco.com.ar\/wp-content\/uploads\/2025\/05\/Banners-creditos-otorgados-al-campo_1080x1350-1-819x1024.gif 819w, https:\/\/www.sportchaco.com.ar\/wp-content\/uploads\/2025\/05\/Banners-creditos-otorgados-al-campo_1080x1350-1-768x960.gif 768w, https:\/\/www.sportchaco.com.ar\/wp-content\/uploads\/2025\/05\/Banners-creditos-otorgados-al-campo_1080x1350-1-1229x1536.gif 1229w, https:\/\/www.sportchaco.com.ar\/wp-content\/uploads\/2025\/05\/Banners-creditos-otorgados-al-campo_1080x1350-1-1639x2048.gif 1639w\" sizes=\"auto, (max-width: 240px) 100vw, 240px\" \/><\/p>\n<\/article>\n<\/div>\n<\/div>\n<\/div>\n","protected":false},"excerpt":{"rendered":"<p>16 Esta es la Efem\u00e9rides del Deporte en el Chaco de un 30 de mayo del periodista Luis Dar\u00edo Molodezky. 1913\u00a0\/ Con la asistencia de gobernador de Territorio, se inaugura el pol\u00edgono del Tiro Federal Resistencia, con la asistencia de gran cantidad de familias. 1944 \/\u00a0Nace en Corrientes el ex arquero de For Ever y &hellip;<\/p>\n","protected":false},"author":2,"featured_media":19870,"comment_status":"open","ping_status":"open","sticky":false,"template":"","format":"standard","meta":{"footnotes":""},"categories":[45,35],"tags":[],"class_list":["post-19869","post","type-post","status-publish","format-standard","has-post-thumbnail","hentry","category-efemerides-dia-por-dia","category-mayo"],"_links":{"self":[{"href":"https:\/\/www.sportchaco.com.ar\/index.php?rest_route=\/wp\/v2\/posts\/19869","targetHints":{"allow":["GET"]}}],"collection":[{"href":"https:\/\/www.sportchaco.com.ar\/index.php?rest_route=\/wp\/v2\/posts"}],"about":[{"href":"https:\/\/www.sportchaco.com.ar\/index.php?rest_route=\/wp\/v2\/types\/post"}],"author":[{"embeddable":true,"href":"https:\/\/www.sportchaco.com.ar\/index.php?rest_route=\/wp\/v2\/users\/2"}],"replies":[{"embeddable":true,"href":"https:\/\/www.sportchaco.com.ar\/index.php?rest_route=%2Fwp%2Fv2%2Fcomments&post=19869"}],"version-history":[{"count":2,"href":"https:\/\/www.sportchaco.com.ar\/index.php?rest_route=\/wp\/v2\/posts\/19869\/revisions"}],"predecessor-version":[{"id":19902,"href":"https:\/\/www.sportchaco.com.ar\/index.php?rest_route=\/wp\/v2\/posts\/19869\/revisions\/19902"}],"wp:featuredmedia":[{"embeddable":true,"href":"https:\/\/www.sportchaco.com.ar\/index.php?rest_route=\/wp\/v2\/media\/19870"}],"wp:attachment":[{"href":"https:\/\/www.sportchaco.com.ar\/index.php?rest_route=%2Fwp%2Fv2%2Fmedia&parent=19869"}],"wp:term":[{"taxonomy":"category","embeddable":true,"href":"https:\/\/www.sportchaco.com.ar\/index.php?rest_route=%2Fwp%2Fv2%2Fcategories&post=19869"},{"taxonomy":"post_tag","embeddable":true,"href":"https:\/\/www.sportchaco.com.ar\/index.php?rest_route=%2Fwp%2Fv2%2Ftags&post=19869"}],"curies":[{"name":"wp","href":"https:\/\/api.w.org\/{rel}","templated":true}]}}