{"id":19883,"date":"2025-05-29T20:01:15","date_gmt":"2025-05-29T23:01:15","guid":{"rendered":"https:\/\/www.sportchaco.com.ar\/?p=19883"},"modified":"2025-05-29T23:01:49","modified_gmt":"2025-05-30T02:01:49","slug":"representan-al-pais-en-voley-sentado-y-piden-ayuda-para-viajar-a-la-copa-america","status":"publish","type":"post","link":"https:\/\/www.sportchaco.com.ar\/?p=19883","title":{"rendered":"Representan al pa\u00eds en v\u00f3ley sentado y piden ayuda para viajar a la Copa Am\u00e9rica"},"content":{"rendered":"<header><strong>29-05-2025<\/strong><\/header>\n<header><\/header>\n<header><img loading=\"lazy\" decoding=\"async\" class=\"aligncenter wp-image-19472 size-full\" src=\"https:\/\/www.sportchaco.com.ar\/wp-content\/uploads\/2025\/05\/Red-de-empeleos-1200x200-1.gif\" alt=\"\" width=\"2501\" height=\"417\" \/><\/header>\n<header><\/header>\n<header>La selecci\u00f3n argentina de sitting volley femenino (o v\u00f3ley sentado)\u00a0fue\u00a0seleccionada para competiren\u00a0la primera\u00a0Copa Am\u00e9rica en Curitiba, Brasil\u00a0desde el 24 al 31 de agosto.<\/p>\n<p>El equipo solicita colaboraci\u00f3n para poder cubrir los pasajes a\u00e9reos que les permita viajar y participar en la competencia. Est\u00e1 conformado por mujeres de distintas provincias como C\u00f3rdoba, Buenos Aires y San Luis, y es un motivo de orgullo para la provincia contar con dos representantes chaque\u00f1as que forman parte del conjunto nacional: Milagros Su\u00e1rez, de 22 a\u00f1os y Roc\u00edo Sandoval, de 30 a\u00f1os.<\/p>\n<p>Diario Chaco\u00a0dialog\u00f3 con Milagrospara obtener\u00a0m\u00e1s detalles de\u00a0lo que significa esta oportunidad a nivel personal y la preparaci\u00f3n\u00a0que vienen llevando a cabo para el campeonato.<\/p>\n<div class=\" large m_image\">\n<figure><picture><source srcset=\"https:\/\/www.diariochaco.com\/content\/bucket\/9\/636989w790h987c.jpg.webp\" type=\"image\/webp\" media=\"(min-width: 640px)\" \/><source srcset=\"https:\/\/www.diariochaco.com\/content\/bucket\/9\/636989w440h550c.jpg.webp\" type=\"image\/webp\" media=\"(min-width: 300px)\" \/><source srcset=\"https:\/\/www.diariochaco.com\/content\/bucket\/9\/636989w790h987c.jpg\" media=\"(min-width: 300px)\" \/><img loading=\"lazy\" decoding=\"async\" class=\"pic\" src=\"https:\/\/www.diariochaco.com\/content\/bucket\/9\/636989w790h987c.jpg.webp\" alt=\"\" width=\"790\" height=\"987\" \/><\/picture><figcaption>Milagros Su\u00e1rez, una de las dos chaque\u00f1as que integran la selecci\u00f3n de v\u00f3ley sentado.<\/figcaption><\/figure>\n<\/div>\n<p>\u00abUna oportunidad \u00fanica que nos llena de ilusi\u00f3n, por eso esperamos colaboraci\u00f3n\u00bb,\u00a0Milagros utiliz\u00f3 esa frase para definir lo que sienten desde el momento en que recibieron la invitaci\u00f3n ya que\u00a0\u00abno es la primera vez que tenemos la oportunidad, este a\u00f1o nos invitaron a Estados Unidos\u00a0para jugar ya que all\u00ed tambi\u00e9n hay una selecci\u00f3n femenina de v\u00f3ley sentado,\u00a0pero no lo pudimos costear\u00bb.<\/p>\n<p>La jugadora coment\u00f3 que para ella no es su primera oportunidad:\u00a0\u00abintegr\u00e9, viaj\u00e9 y compet\u00ed en el 2023 con la selecci\u00f3n nacional, pero de las juveniles,\u00a0pero tener\u00a0la oportunidad de representar al pa\u00eds en esta categor\u00eda es un orgullo total,sobre todo por ser mujer y dejar una huella en el mundo del deporte\u00a0que est\u00e1 hecho para los hombres\u00bb.<\/p>\n<h3>EL V\u00d3LEY ME ABRI\u00d3 LAS PUERTAS EN TODOS LOS SENTIDOS<\/h3>\n<p>Milagros practica el deporte desde sus 19 a\u00f1os y arranc\u00f3 en un club de Resistencia, pero todo cambi\u00f3 cuando se uni\u00f3 a la Fundaci\u00f3n Desocha (por su parte, Roc\u00edo asist\u00eda a los entrenamientos de la Fundaci\u00f3n PeDiCh) para luego llegar a integrar la selecci\u00f3n.<\/p>\n<p>La competidora mencion\u00f3 que en realidad el v\u00f3ley no era lo que le gustaba,\u00a0pero\u00a0desde\u00a0que\u00a0integra esta fundaci\u00f3n \u00abme cambi\u00f3 la vida,\u00a0me abri\u00f3 las puertas en todos los sentidos porque yo tengo una discapacidad en el brazo derecho y el deporte me ayud\u00f3 a aceptarme, a no bajar la cabeza\u00bb<\/p>\n<h3>EL EQUIPO<\/h3>\n<p>Las integrantes de esta selecci\u00f3n van desde los 19 a\u00f1os hasta los 50\u00a0y son de distintas provincias, como San Luis, Buenos Aires, C\u00f3rdoba. La jugadora Su\u00e1rez se refiri\u00f3 hacia ellas y expuso:\u00a0\u00abTenemos rispideces, como todos, pero al momento de jugar dejamos todos de lado, nos unimos\u00bb.<\/p>\n<p>Y recalc\u00f3:\u00a0\u00abEstamos muy emocionadas, venimos entrenando mucho para esto,\u00a0realmente esperamos la colaboraci\u00f3n de la gente.\u00a0A\u00fan no sabemos si nos van a transmitir por televisi\u00f3n, pero esperamos que suceda\u00bb.<\/p>\n<p>Quien desee colaborar, nuestras representantes dejaron un alias\u00a0para poder llegar al objetivo de comprar los a\u00e9reos: copamericafem. Donde se env\u00eda el comprobante:<a href=\"mailto:copamerica2025@gmail.com\">\u00a0copamerica2025@gmail.com\u00a0.<\/a>Tambi\u00e9n dejaron su Instagram para comunicarse: paravoleibolfem.<\/p>\n<\/header>\n<header class=\"with-person\">\n<div class=\"person\">\n<figure><picture><source srcset=\"https:\/\/www.diariochaco.com\/content\/bucket\/6\/627816w140h140c.jpg.webp\" type=\"image\/webp\" media=\"(min-width: 640px)\" \/><source srcset=\"https:\/\/www.diariochaco.com\/content\/bucket\/6\/627816w180h180c.jpg.webp\" type=\"image\/webp\" media=\"(max-width: 640px)\" \/><source srcset=\"https:\/\/www.diariochaco.com\/content\/bucket\/6\/627816w140h140c.jpg\" media=\"(min-width: 300px)\" \/><img loading=\"lazy\" decoding=\"async\" class=\"img-responsive\" src=\"https:\/\/www.diariochaco.com\/content\/bucket\/6\/627816w140h140c.jpg.webp\" alt=\"\" width=\"140\" height=\"140\" \/><\/picture><\/figure>\n<div><strong><span style=\"color: #000000;\"><a style=\"color: #000000;\" href=\"https:\/\/www.diariochaco.com\/autor\/93-cielo-carniel\">Cielo Carniel- <\/a>Redactora (Diario Chaco)<\/span><\/strong><\/div>\n<\/div>\n<\/header>\n<div><\/div>\n<div><img loading=\"lazy\" decoding=\"async\" class=\"aligncenter wp-image-19655 size-full\" src=\"https:\/\/www.sportchaco.com.ar\/wp-content\/uploads\/2025\/05\/Banners-creditos-otorgados-al-campo_1080x1350-1-scaled.gif\" alt=\"\" width=\"2048\" height=\"2560\" \/><\/div>\n","protected":false},"excerpt":{"rendered":"<p>29-05-2025 La selecci\u00f3n argentina de sitting volley femenino (o v\u00f3ley sentado)\u00a0fue\u00a0seleccionada para competiren\u00a0la primera\u00a0Copa Am\u00e9rica en Curitiba, Brasil\u00a0desde el 24 al 31 de agosto. El equipo solicita colaboraci\u00f3n para poder cubrir los pasajes a\u00e9reos que les permita viajar y participar en la competencia. Est\u00e1 conformado por mujeres de distintas provincias como C\u00f3rdoba, Buenos Aires y &hellip;<\/p>\n","protected":false},"author":2,"featured_media":19884,"comment_status":"open","ping_status":"open","sticky":false,"template":"","format":"standard","meta":{"footnotes":""},"categories":[50],"tags":[],"class_list":["post-19883","post","type-post","status-publish","format-standard","has-post-thumbnail","hentry","category-voleibol"],"_links":{"self":[{"href":"https:\/\/www.sportchaco.com.ar\/index.php?rest_route=\/wp\/v2\/posts\/19883","targetHints":{"allow":["GET"]}}],"collection":[{"href":"https:\/\/www.sportchaco.com.ar\/index.php?rest_route=\/wp\/v2\/posts"}],"about":[{"href":"https:\/\/www.sportchaco.com.ar\/index.php?rest_route=\/wp\/v2\/types\/post"}],"author":[{"embeddable":true,"href":"https:\/\/www.sportchaco.com.ar\/index.php?rest_route=\/wp\/v2\/users\/2"}],"replies":[{"embeddable":true,"href":"https:\/\/www.sportchaco.com.ar\/index.php?rest_route=%2Fwp%2Fv2%2Fcomments&post=19883"}],"version-history":[{"count":3,"href":"https:\/\/www.sportchaco.com.ar\/index.php?rest_route=\/wp\/v2\/posts\/19883\/revisions"}],"predecessor-version":[{"id":19893,"href":"https:\/\/www.sportchaco.com.ar\/index.php?rest_route=\/wp\/v2\/posts\/19883\/revisions\/19893"}],"wp:featuredmedia":[{"embeddable":true,"href":"https:\/\/www.sportchaco.com.ar\/index.php?rest_route=\/wp\/v2\/media\/19884"}],"wp:attachment":[{"href":"https:\/\/www.sportchaco.com.ar\/index.php?rest_route=%2Fwp%2Fv2%2Fmedia&parent=19883"}],"wp:term":[{"taxonomy":"category","embeddable":true,"href":"https:\/\/www.sportchaco.com.ar\/index.php?rest_route=%2Fwp%2Fv2%2Fcategories&post=19883"},{"taxonomy":"post_tag","embeddable":true,"href":"https:\/\/www.sportchaco.com.ar\/index.php?rest_route=%2Fwp%2Fv2%2Ftags&post=19883"}],"curies":[{"name":"wp","href":"https:\/\/api.w.org\/{rel}","templated":true}]}}