{"id":19886,"date":"2025-05-29T20:05:07","date_gmt":"2025-05-29T23:05:07","guid":{"rendered":"https:\/\/www.sportchaco.com.ar\/?p=19886"},"modified":"2025-05-29T20:05:07","modified_gmt":"2025-05-29T23:05:07","slug":"angel-di-maria-vuelve-a-central-nuestra-historia-juntos-tiene-mas-paginas-por-escribir","status":"publish","type":"post","link":"https:\/\/www.sportchaco.com.ar\/?p=19886","title":{"rendered":"\u00c1ngel Di Mar\u00eda vuelve a Central: \u00abNuestra historia juntos tiene m\u00e1s p\u00e1ginas por escribir"},"content":{"rendered":"<div class=\"nota-main-data\">\n<h1 class=\"main-title font-900\"><\/h1>\n<h3>Angel Di Mar\u00eda, el campe\u00f3n del mundo regresa al club de Arroyito. As\u00ed lo confirm\u00f3 el club a trav\u00e9s de un video en sus redes sociales<\/h3>\n<div class=\"autor-share-holder flex-container justify-between\">\n<div class=\"flex-container align-center\">\n<div class=\"autor flex-container align-center\">\n<div class=\"autor-name alt-font font-700 no-link\">Fuente\u00a0 <span class=\"alt-font uppercase font-700\">Rosario3<\/span><\/div>\n<\/div>\n<\/div>\n<div class=\"nota-read-audio flex-container align-center justify-between\"><\/div>\n<\/div>\n<div class=\"swiper-container swiper-container-horizontal\" data-fotogaleria=\"captionnota\" data-nota=\"\" data-fotogaleriathumbnails=\"no\" data-fotogaleriafullscreen=\"no\">\n<div class=\"swiper-wrapper\">\n<div class=\"swiper-slide swiper-slide-active\" data-imagedesc=\"\" data-imagefuente=\"\" data-imagecount=\"1\"><\/div>\n<\/div>\n<\/div>\n<div class=\"gallery-caption flex-container align-center\">\n<div class=\"gallery-count alt-font font-700\"><\/div>\n<p class=\"foto-desc\">\n<\/div>\n<\/div>\n<div class=\"article-body-extra-container\">\n<div class=\"article-body\">\n<p><strong>\u00c1ngel Di Mar\u00eda vuelve a Rosario Central.<\/strong>\u00a0Este jueves por la tarde se confirm\u00f3 el tan esperado regreso del futbolista al club que lo vio nacer.\u00a0<strong>As\u00ed lo confirm\u00f3 el club a trav\u00e9s de un video en sus redes sociales.<\/strong><\/p>\n<p>La noticia impact\u00f3 en todo el mundo, ya que se trata de un futbolista de una extraordinaria carrera, que logr\u00f3 su<strong>\u00a0consagraci\u00f3n con el seleccionado argentino en el Mundial de Qatar y en las dos \u00faltimas ediciones de la Copa\u00a0Am\u00e9rica.\u00a0<\/strong><\/p>\n<p><strong>\u00c1ngel Di Mar\u00eda debut\u00f3 en primera divisi\u00f3n\u00a0el 14 de diciembre de 2005<\/strong>\u00a0en su amado Rosario Central. Con la camiseta 37, el debut de Di Mar\u00eda se dio en el segundo tiempo del partido de aquel torneo ante\u00a0Independiente.\u00a0Ingres\u00f3 por el tambi\u00e9n juvenil Emiliano Vecchio<strong>. Apenas ten\u00eda\u00a017 a\u00f1os.<\/strong><\/p>\n<div>\n<figure class=\"image\"><img decoding=\"async\" title=\"\" src=\"https:\/\/www.rosario3.com\/export\/sites\/rosario3\/img\/2025\/05\/29\/di_maria_juvenil_.jpg_674994428.jpg\" alt=\"\" hspace=\"5\" vspace=\"5\" data-height=\"450\" data-size=\"w:800,h:450\" data-width=\"800\" \/><\/figure>\n<\/div>\n<p>Su trayecto en la m\u00e1xima categor\u00eda del f\u00fatbol argentino fue breve.\u00a0<strong>Jug\u00f3 39 partidos e hizo 6 goles.<\/strong><\/p>\n<p>El rendimiento del \u00abFideo\u00bb no pas\u00f3 desapercibido y r\u00e1pidamente llam\u00f3 la atenci\u00f3n de Hugo Tocalli, quien lo convoc\u00f3 para integrar\u00a0<strong>el plantel argentino que disputar\u00eda el Mundial Sub 20 de Canad\u00e1 en 2007.<\/strong><\/p>\n<p>Tras su brillante desempe\u00f1o con la selecci\u00f3n argentina sub-20, D<strong>i Mar\u00eda dio el salto al f\u00fatbol europeo. El Benfica de Portugal\u00a0<\/strong>gan\u00f3 la pulseada al Rubin Kaz\u00e1n de Rusia y termin\u00f3 fichando al joven talento por 6 millones de d\u00f3lares. Lo dem\u00e1s es historia. Ahora\u00a0<strong>pretende escribir el \u00faltimo cap\u00edtulo en el patio de su casa.\u00a0<\/strong><\/p>\n<\/div>\n<p><img loading=\"lazy\" decoding=\"async\" class=\"alignnone size-medium wp-image-19784 aligncenter\" src=\"https:\/\/www.sportchaco.com.ar\/wp-content\/uploads\/2025\/05\/250x250-2-300x300.gif\" alt=\"\" width=\"300\" height=\"300\" srcset=\"https:\/\/www.sportchaco.com.ar\/wp-content\/uploads\/2025\/05\/250x250-2-300x300.gif 300w, https:\/\/www.sportchaco.com.ar\/wp-content\/uploads\/2025\/05\/250x250-2-150x150.gif 150w\" sizes=\"auto, (max-width: 300px) 100vw, 300px\" \/><\/p>\n<\/div>\n","protected":false},"excerpt":{"rendered":"<p>Angel Di Mar\u00eda, el campe\u00f3n del mundo regresa al club de Arroyito. As\u00ed lo confirm\u00f3 el club a trav\u00e9s de un video en sus redes sociales Fuente\u00a0 Rosario3 \u00c1ngel Di Mar\u00eda vuelve a Rosario Central.\u00a0Este jueves por la tarde se confirm\u00f3 el tan esperado regreso del futbolista al club que lo vio nacer.\u00a0As\u00ed lo confirm\u00f3 &hellip;<\/p>\n","protected":false},"author":2,"featured_media":19887,"comment_status":"open","ping_status":"open","sticky":false,"template":"","format":"standard","meta":{"footnotes":""},"categories":[47],"tags":[],"class_list":["post-19886","post","type-post","status-publish","format-standard","has-post-thumbnail","hentry","category-nacionales"],"_links":{"self":[{"href":"https:\/\/www.sportchaco.com.ar\/index.php?rest_route=\/wp\/v2\/posts\/19886","targetHints":{"allow":["GET"]}}],"collection":[{"href":"https:\/\/www.sportchaco.com.ar\/index.php?rest_route=\/wp\/v2\/posts"}],"about":[{"href":"https:\/\/www.sportchaco.com.ar\/index.php?rest_route=\/wp\/v2\/types\/post"}],"author":[{"embeddable":true,"href":"https:\/\/www.sportchaco.com.ar\/index.php?rest_route=\/wp\/v2\/users\/2"}],"replies":[{"embeddable":true,"href":"https:\/\/www.sportchaco.com.ar\/index.php?rest_route=%2Fwp%2Fv2%2Fcomments&post=19886"}],"version-history":[{"count":1,"href":"https:\/\/www.sportchaco.com.ar\/index.php?rest_route=\/wp\/v2\/posts\/19886\/revisions"}],"predecessor-version":[{"id":19888,"href":"https:\/\/www.sportchaco.com.ar\/index.php?rest_route=\/wp\/v2\/posts\/19886\/revisions\/19888"}],"wp:featuredmedia":[{"embeddable":true,"href":"https:\/\/www.sportchaco.com.ar\/index.php?rest_route=\/wp\/v2\/media\/19887"}],"wp:attachment":[{"href":"https:\/\/www.sportchaco.com.ar\/index.php?rest_route=%2Fwp%2Fv2%2Fmedia&parent=19886"}],"wp:term":[{"taxonomy":"category","embeddable":true,"href":"https:\/\/www.sportchaco.com.ar\/index.php?rest_route=%2Fwp%2Fv2%2Fcategories&post=19886"},{"taxonomy":"post_tag","embeddable":true,"href":"https:\/\/www.sportchaco.com.ar\/index.php?rest_route=%2Fwp%2Fv2%2Ftags&post=19886"}],"curies":[{"name":"wp","href":"https:\/\/api.w.org\/{rel}","templated":true}]}}