{"id":19889,"date":"2025-05-29T20:09:36","date_gmt":"2025-05-29T23:09:36","guid":{"rendered":"https:\/\/www.sportchaco.com.ar\/?p=19889"},"modified":"2025-05-29T20:09:36","modified_gmt":"2025-05-29T23:09:36","slug":"los-tres-jugadores-del-futbol-argentino-que-lionel-scaloni-convocara-a-la-seleccion","status":"publish","type":"post","link":"https:\/\/www.sportchaco.com.ar\/?p=19889","title":{"rendered":"Los tres jugadores del f\u00fatbol argentino que Lionel Scaloni convocar\u00e1 a la Selecci\u00f3n"},"content":{"rendered":"<div class=\"content-article-title\">\n<div class=\"wrapper-layout center-content center_story max-width\">\n<div class=\"col-content\">\n<h1 class=\"article__title font__display\">29-05-2025<\/h1>\n<h1><\/h1>\n<h4 class=\"article__title font__display\">Los tres jugadores del f\u00fatbol argentino que Lionel Scaloni convocar\u00e1 a la Selecci\u00f3n. <span style=\"font-size: 24px;\">El entrenador se prepara para la pr\u00f3xima fecha FIFA ante Chile y Colombia. Adem\u00e1s, aprovechar\u00e1 para sumar caras nuevas.<\/span><\/h4>\n<\/div>\n<\/div>\n<\/div>\n<div class=\"common-layout wrapper-layout center-content center_story max-width story article\">\n<div class=\"col-content\"><main class=\"col-content\"><\/p>\n<div class=\"article__header article__story article__article\">\n<div class=\"article__head\">\n<div class=\"article__headline-byline-container\">\n<div class=\"trinity__audio-wrapper\">\n<div class=\"article__byline\" data-testid=\"byline\">\n<div class=\"author-date\"><\/div>\n<\/div>\n<\/div>\n<div class=\"trinity-tts-placeholder-icon-player\"><\/div>\n<\/div>\n<div class=\"article__lead-art article__lead-art-photo\" data-testid=\"LeadArtPhoto\">\n<figure class=\"\" data-testid=\"figure-testid\">\n<div class=\"aspect_ratio__container\"><picture class=\"responsive-image\"><source srcset=\"https:\/\/tn.com.ar\/resizer\/v2\/se-filtraron-los-cuatro-convocados-del-futbol-argentino-por-lionel-scaloni-para-la-seleccion-argentina-foto-efe-F2XZSPPLKVD7BF5IZ4PV6YCIVI.jpg?auth=a019cd7f7c06cc6f72b157e92453dfd2e5a7681363540b4d6c813c21ed6f511a&amp;width=767\" type=\"image\/jpg\" media=\"(max-width: 728px)\" \/><source srcset=\"https:\/\/tn.com.ar\/resizer\/v2\/se-filtraron-los-cuatro-convocados-del-futbol-argentino-por-lionel-scaloni-para-la-seleccion-argentina-foto-efe-F2XZSPPLKVD7BF5IZ4PV6YCIVI.jpg?auth=a019cd7f7c06cc6f72b157e92453dfd2e5a7681363540b4d6c813c21ed6f511a&amp;width=1023\" type=\"image\/jpg\" media=\"(max-width: 1023px)\" \/><source srcset=\"https:\/\/tn.com.ar\/resizer\/v2\/se-filtraron-los-cuatro-convocados-del-futbol-argentino-por-lionel-scaloni-para-la-seleccion-argentina-foto-efe-F2XZSPPLKVD7BF5IZ4PV6YCIVI.jpg?auth=a019cd7f7c06cc6f72b157e92453dfd2e5a7681363540b4d6c813c21ed6f511a&amp;width=1440\" type=\"image\/jpg\" \/><img decoding=\"async\" class=\"width_full height_full article__lead-art-photo image_placeholder\" src=\"https:\/\/tn.com.ar\/resizer\/v2\/se-filtraron-los-cuatro-convocados-del-futbol-argentino-por-lionel-scaloni-para-la-seleccion-argentina-foto-efe-F2XZSPPLKVD7BF5IZ4PV6YCIVI.jpg?auth=a019cd7f7c06cc6f72b157e92453dfd2e5a7681363540b4d6c813c21ed6f511a&amp;width=767\" alt=\"Se filtraron los cuatro convocados del f\u00fatbol argentino por Lionel Scaloni para la Selecci\u00f3n argentina. (Foto: EFE)\" \/><\/picture><\/div><figcaption class=\"caption_image\" data-testid=\"figcaption-testid\">\n<div class=\"image_caption font__body\">Se filtraron los cuatro convocados del f\u00fatbol argentino por Lionel Scaloni para la Selecci\u00f3n argentina.<\/div>\n<\/figcaption><\/figure>\n<\/div>\n<\/div>\n<\/div>\n<div class=\"default-article-color article__body article__article\">\n<p class=\"paragraph font__body-regular\">L<span style=\"color: #000000;\">a\u00a0<a style=\"color: #000000;\" title=\"https:\/\/tn.com.ar\/deportes\/futbol\/2025\/05\/22\/enzo-fernandez-pidio-a-un-jugador-de-river-para-la-seleccion-y-hablo-de-su-regreso-al-futbol-argentino\/\" href=\"https:\/\/tn.com.ar\/deportes\/futbol\/2025\/05\/22\/enzo-fernandez-pidio-a-un-jugador-de-river-para-la-seleccion-y-hablo-de-su-regreso-al-futbol-argentino\/\" target=\"_blank\" rel=\"noopener noreferrer\"><b>Selecci\u00f3n argentina<\/b><\/a><\/span>se prepara para una nueva fecha FIFA y\u00a0<a title=\"https:\/\/tn.com.ar\/deportes\/futbol\/2025\/05\/24\/alarma-en-la-seleccion-argentina-una-de-las-figuras-de-lionel-scaloni-fue-borrado-por-su-entrenador\/\" href=\"https:\/\/tn.com.ar\/deportes\/futbol\/2025\/05\/24\/alarma-en-la-seleccion-argentina-una-de-las-figuras-de-lionel-scaloni-fue-borrado-por-su-entrenador\/\" target=\"_blank\" rel=\"noopener noreferrer\"><b>Lionel Scaloni<\/b><\/a>\u00a0deber\u00e1 definir la lista de convocados luego de haber dado una preliminar. En esos primeros nombres no figuraba ning\u00fan futbolista del f\u00fatbol argentino, pero\u00a0<b>en las \u00faltimas horas se filtraron tres nuevos convocados del medio local.<\/b><\/p>\n<div id=\"ad-slot-infeed\" class=\"infeed-container\"><\/div>\n<p class=\"paragraph font__body-regular\">Si bien Scaloni no es habitu\u00e9 en la citaci\u00f3n de futbolistas del f\u00fatbol argentino y hasta ahora prioriz\u00f3 la convocatoria de jugadores del exterior, en esta oportunidad\u00a0<b>buscar\u00e1 probar con nuevos integrantes<\/b>\u00a0para sumarlos al plantel con vistas a los desaf\u00edos del futuro para la Albiceleste.<\/p>\n<p class=\"paragraph font__body-regular\">Una de las caras nuevas para esta doble fecha de Eliminatorias ser\u00e1<b>\u00a0Kevin Lom\u00f3naco<\/b>. El defensor central de Independiente es una de las figuras del equipo de Vaccari y del f\u00fatbol argentino, por eso los hinchas lo ped\u00edan con vehemencia.<\/p>\n<figure class=\"\" data-testid=\"figure-testid\">\n<div class=\"aspect_ratio__container\"><picture class=\"responsive-image\"><source srcset=\"https:\/\/tn.com.ar\/resizer\/v2\/kevin-lomonaco-sera-convocado-por-lionel-scaloni-para-la-seleccion-argentina-foto-keviinjoel2ig-IOLNADPNPZCDDNAJWIRY6HME2A.jpg?auth=1636059dd884cd56da7e61a47a793b596824ac5d993de340c38511ba2cdbc842&amp;width=767\" type=\"image\/jpg\" media=\"(max-width: 728px)\" \/><source srcset=\"https:\/\/tn.com.ar\/resizer\/v2\/kevin-lomonaco-sera-convocado-por-lionel-scaloni-para-la-seleccion-argentina-foto-keviinjoel2ig-IOLNADPNPZCDDNAJWIRY6HME2A.jpg?auth=1636059dd884cd56da7e61a47a793b596824ac5d993de340c38511ba2cdbc842&amp;width=1023\" type=\"image\/jpg\" media=\"(max-width: 1023px)\" \/><source srcset=\"https:\/\/tn.com.ar\/resizer\/v2\/kevin-lomonaco-sera-convocado-por-lionel-scaloni-para-la-seleccion-argentina-foto-keviinjoel2ig-IOLNADPNPZCDDNAJWIRY6HME2A.jpg?auth=1636059dd884cd56da7e61a47a793b596824ac5d993de340c38511ba2cdbc842&amp;width=1440\" type=\"image\/jpg\" \/><img loading=\"lazy\" decoding=\"async\" class=\"image content-image image_placeholder\" src=\"https:\/\/tn.com.ar\/resizer\/v2\/kevin-lomonaco-sera-convocado-por-lionel-scaloni-para-la-seleccion-argentina-foto-keviinjoel2ig-IOLNADPNPZCDDNAJWIRY6HME2A.jpg?auth=1636059dd884cd56da7e61a47a793b596824ac5d993de340c38511ba2cdbc842&amp;width=767\" alt=\"Kevin Lom\u00f3naco ser\u00e1 convocado por Lionel Scaloni para la Selecci\u00f3n argentina. (Foto: keviinjoel2\/IG)\" width=\"767\" height=\"711\" data-testid=\"loading-testid\" \/><\/picture><\/div><figcaption class=\"caption_image\" data-testid=\"figcaption-testid\">\n<div class=\"image_caption \">Kevin Lom\u00f3naco ser\u00e1 convocado por Lionel Scaloni para la Selecci\u00f3n argentina. (Foto: keviinjoel2\/IG)<\/div>\n<\/figcaption><\/figure>\n<p class=\"paragraph font__body-regular\">Otro futbolista que estar\u00e1 bajo las \u00f3rdenes de Scaloni ser\u00e1<b>\u00a0Juan Nardoni<\/b>. El volante de Racing es una pieza clave para Gustavo Costas y demostr\u00f3 un gran nivel desde hace bastante tiempo, por lo que su nombre estaba en carpeta.<\/p>\n<figure class=\"\" data-testid=\"figure-testid\">\n<div class=\"aspect_ratio__container\"><picture class=\"responsive-image\"><source srcset=\"https:\/\/tn.com.ar\/resizer\/v2\/juan-nardoni-sera-convocado-por-lionel-scaloni-para-la-seleccion-argentina-foto-juannardoniig-FS75HIMYARGGPD4ZHPF3V44MNA.jpg?auth=c34715493dc20e0e4bc19f6ec17a954b53f69bce77273cc6818a20ad2e440319&amp;width=767\" type=\"image\/jpg\" media=\"(max-width: 728px)\" \/><source srcset=\"https:\/\/tn.com.ar\/resizer\/v2\/juan-nardoni-sera-convocado-por-lionel-scaloni-para-la-seleccion-argentina-foto-juannardoniig-FS75HIMYARGGPD4ZHPF3V44MNA.jpg?auth=c34715493dc20e0e4bc19f6ec17a954b53f69bce77273cc6818a20ad2e440319&amp;width=1023\" type=\"image\/jpg\" media=\"(max-width: 1023px)\" \/><source srcset=\"https:\/\/tn.com.ar\/resizer\/v2\/juan-nardoni-sera-convocado-por-lionel-scaloni-para-la-seleccion-argentina-foto-juannardoniig-FS75HIMYARGGPD4ZHPF3V44MNA.jpg?auth=c34715493dc20e0e4bc19f6ec17a954b53f69bce77273cc6818a20ad2e440319&amp;width=1440\" type=\"image\/jpg\" \/><img loading=\"lazy\" decoding=\"async\" class=\"image content-image image_placeholder\" src=\"https:\/\/tn.com.ar\/resizer\/v2\/juan-nardoni-sera-convocado-por-lionel-scaloni-para-la-seleccion-argentina-foto-juannardoniig-FS75HIMYARGGPD4ZHPF3V44MNA.jpg?auth=c34715493dc20e0e4bc19f6ec17a954b53f69bce77273cc6818a20ad2e440319&amp;width=767\" alt=\"Juan Nardoni ser\u00e1 convocado por Lionel Scaloni para la Selecci\u00f3n argentina. (Foto: \njuan.nardoni\/IG)\" width=\"767\" height=\"959\" data-testid=\"loading-testid\" \/><\/picture><\/div><figcaption class=\"caption_image\" data-testid=\"figcaption-testid\">\n<div class=\"image_caption \">Juan Nardoni ser\u00e1 convocado por Lionel Scaloni para la Selecci\u00f3n argentina. (Foto: juan.nardoni\/IG)<\/div>\n<\/figcaption><\/figure>\n<p class=\"paragraph font__body-regular\">Adem\u00e1s,\u00a0<b>la convocatoria de Franco Mastantuono es pr\u00e1cticamente un hecho<\/b>. Debido a su gran nivel tanto en River como en la Selecci\u00f3n argentina Sub 20, Lionel Scaloni no dud\u00f3 en llamarlo y formar\u00e1 parte de la convocatoria con la Mayor.<\/p>\n<p class=\"paragraph font__body-regular\">Al mismo tiempo, no ser\u00edan los \u00fanicos. Seg\u00fan inform\u00f3 el periodista Leo Paradizo, no se descarta que Gonzalo Montiel y Germ\u00e1n Pezzella formen parte de la convocatoria.<\/p>\n<h2 class=\"font--primary font__display\">La prelista de Lionel Scaloni para la Selecci\u00f3n argentina<\/h2>\n<figure class=\"\" data-testid=\"figure-testid\">\n<div class=\"aspect_ratio__container\"><picture class=\"responsive-image\"><source srcset=\"https:\/\/tn.com.ar\/resizer\/v2\/la-prelista-para-las-eliminatorias-sudamericanas-foto-xargentina-H35AHTQ6ZZBGXHVRVRH76UZ6NY.jfif?auth=17d45940af18d98da701bd9906e3c4b0c12be268cf7fed8c0bee300da28bf910&amp;width=767\" type=\"image\/jpg\" media=\"(max-width: 728px)\" \/><source srcset=\"https:\/\/tn.com.ar\/resizer\/v2\/la-prelista-para-las-eliminatorias-sudamericanas-foto-xargentina-H35AHTQ6ZZBGXHVRVRH76UZ6NY.jfif?auth=17d45940af18d98da701bd9906e3c4b0c12be268cf7fed8c0bee300da28bf910&amp;width=1023\" type=\"image\/jpg\" media=\"(max-width: 1023px)\" \/><source srcset=\"https:\/\/tn.com.ar\/resizer\/v2\/la-prelista-para-las-eliminatorias-sudamericanas-foto-xargentina-H35AHTQ6ZZBGXHVRVRH76UZ6NY.jfif?auth=17d45940af18d98da701bd9906e3c4b0c12be268cf7fed8c0bee300da28bf910&amp;width=1440\" type=\"image\/jpg\" \/><img loading=\"lazy\" decoding=\"async\" class=\"image content-image image_placeholder\" src=\"https:\/\/tn.com.ar\/resizer\/v2\/la-prelista-para-las-eliminatorias-sudamericanas-foto-xargentina-H35AHTQ6ZZBGXHVRVRH76UZ6NY.jfif?auth=17d45940af18d98da701bd9906e3c4b0c12be268cf7fed8c0bee300da28bf910&amp;width=767\" alt=\"La prelista para las Eliminatorias Sudamericanas (Foto: X@Argentina).\" width=\"767\" height=\"767\" data-testid=\"loading-testid\" \/><\/picture><\/div><figcaption class=\"caption_image\" data-testid=\"figcaption-testid\">\n<div class=\"image_caption \">La prelista para las Eliminatorias Sudamericanas (Foto: X@Argentina).<\/div>\n<\/figcaption><\/figure>\n<h2 class=\"font--primary font__display\">Conmebol confirm\u00f3 los d\u00edas y horarios de los pr\u00f3ximos partidos de la Selecci\u00f3n argentina por las Eliminatorias<\/h2>\n<p class=\"paragraph font__body-regular\">El primer cruce ser\u00e1 el\u00a0<b>jueves 5 de junio<\/b>\u00a0cuando visite a Chile en Santiago\u00a0<b>desde las 22:00 (hora argentina)<\/b>. El equipo trasandino, \u00faltimo en la tabla con apenas 10 puntos,\u00a0<b>jugar\u00e1 su \u00faltima carta para seguir so\u00f1ando con la clasificaci\u00f3n<\/b>.<\/p>\n<p class=\"paragraph font__body-regular\">Cinco d\u00edas m\u00e1s tarde, el martes 10,\u00a0<b>Argentina ser\u00e1 local ante Colombia en el Estadio Monumental desde las 21:00<\/b><\/p>\n<\/div>\n<p><img loading=\"lazy\" decoding=\"async\" class=\"alignnone size-medium wp-image-19471 aligncenter\" src=\"https:\/\/www.sportchaco.com.ar\/wp-content\/uploads\/2025\/05\/Banners-ruta-13_200x200-1-300x300.gif\" alt=\"\" width=\"300\" height=\"300\" srcset=\"https:\/\/www.sportchaco.com.ar\/wp-content\/uploads\/2025\/05\/Banners-ruta-13_200x200-1-300x300.gif 300w, https:\/\/www.sportchaco.com.ar\/wp-content\/uploads\/2025\/05\/Banners-ruta-13_200x200-1-150x150.gif 150w\" sizes=\"auto, (max-width: 300px) 100vw, 300px\" \/><\/p>\n<p><\/main><\/div>\n<\/div>\n","protected":false},"excerpt":{"rendered":"<p>29-05-2025 Los tres jugadores del f\u00fatbol argentino que Lionel Scaloni convocar\u00e1 a la Selecci\u00f3n. El entrenador se prepara para la pr\u00f3xima fecha FIFA ante Chile y Colombia. Adem\u00e1s, aprovechar\u00e1 para sumar caras nuevas. Se filtraron los cuatro convocados del f\u00fatbol argentino por Lionel Scaloni para la Selecci\u00f3n argentina. La\u00a0Selecci\u00f3n argentinase prepara para una nueva fecha &hellip;<\/p>\n","protected":false},"author":2,"featured_media":19890,"comment_status":"open","ping_status":"open","sticky":false,"template":"","format":"standard","meta":{"footnotes":""},"categories":[6],"tags":[],"class_list":["post-19889","post","type-post","status-publish","format-standard","has-post-thumbnail","hentry","category-internacionales"],"_links":{"self":[{"href":"https:\/\/www.sportchaco.com.ar\/index.php?rest_route=\/wp\/v2\/posts\/19889","targetHints":{"allow":["GET"]}}],"collection":[{"href":"https:\/\/www.sportchaco.com.ar\/index.php?rest_route=\/wp\/v2\/posts"}],"about":[{"href":"https:\/\/www.sportchaco.com.ar\/index.php?rest_route=\/wp\/v2\/types\/post"}],"author":[{"embeddable":true,"href":"https:\/\/www.sportchaco.com.ar\/index.php?rest_route=\/wp\/v2\/users\/2"}],"replies":[{"embeddable":true,"href":"https:\/\/www.sportchaco.com.ar\/index.php?rest_route=%2Fwp%2Fv2%2Fcomments&post=19889"}],"version-history":[{"count":1,"href":"https:\/\/www.sportchaco.com.ar\/index.php?rest_route=\/wp\/v2\/posts\/19889\/revisions"}],"predecessor-version":[{"id":19891,"href":"https:\/\/www.sportchaco.com.ar\/index.php?rest_route=\/wp\/v2\/posts\/19889\/revisions\/19891"}],"wp:featuredmedia":[{"embeddable":true,"href":"https:\/\/www.sportchaco.com.ar\/index.php?rest_route=\/wp\/v2\/media\/19890"}],"wp:attachment":[{"href":"https:\/\/www.sportchaco.com.ar\/index.php?rest_route=%2Fwp%2Fv2%2Fmedia&parent=19889"}],"wp:term":[{"taxonomy":"category","embeddable":true,"href":"https:\/\/www.sportchaco.com.ar\/index.php?rest_route=%2Fwp%2Fv2%2Fcategories&post=19889"},{"taxonomy":"post_tag","embeddable":true,"href":"https:\/\/www.sportchaco.com.ar\/index.php?rest_route=%2Fwp%2Fv2%2Ftags&post=19889"}],"curies":[{"name":"wp","href":"https:\/\/api.w.org\/{rel}","templated":true}]}}