{"id":19908,"date":"2025-05-30T00:15:35","date_gmt":"2025-05-30T03:15:35","guid":{"rendered":"https:\/\/www.sportchaco.com.ar\/?p=19908"},"modified":"2025-05-30T00:15:35","modified_gmt":"2025-05-30T03:15:35","slug":"vuelve-el-ascenso","status":"publish","type":"post","link":"https:\/\/www.sportchaco.com.ar\/?p=19908","title":{"rendered":"Vuelve el ascenso"},"content":{"rendered":"<p><strong>30-05-2025<\/strong><\/p>\n<p><img loading=\"lazy\" decoding=\"async\" class=\"aligncenter wp-image-17927 size-large\" src=\"https:\/\/www.sportchaco.com.ar\/wp-content\/uploads\/2025\/04\/Banners-ruta-13_720x90-1-1-1024x128.gif\" sizes=\"auto, (max-width: 1024px) 100vw, 1024px\" srcset=\"https:\/\/www.sportchaco.com.ar\/wp-content\/uploads\/2025\/04\/Banners-ruta-13_720x90-1-1-1024x128.gif 1024w, https:\/\/www.sportchaco.com.ar\/wp-content\/uploads\/2025\/04\/Banners-ruta-13_720x90-1-1-300x37.gif 300w, https:\/\/www.sportchaco.com.ar\/wp-content\/uploads\/2025\/04\/Banners-ruta-13_720x90-1-1-768x96.gif 768w\" alt=\"\" width=\"1024\" height=\"128\" \/><\/p>\n<p>La 10\u00aa fecha del campeonato Oficial de la Primera B de la Liga Chaque\u00f1a de F\u00fatbol tendr\u00e1 partidos durante el fin de semana.<\/p>\n<p>La actividad se retoma luego de una semana sin encuentros por las lluvias sobre la capital chaque\u00f1a. Adem\u00e1s, el martes de la pr\u00f3xima semana se completar\u00e1 el pendiente de la 9\u00aa fecha entre Deportivo Esperanza y Chaco Hebr\u00f3n<\/p>\n<p><b><strong>TORNEO OFICIAL \u00abADRI\u00c1N DAR\u00cdO PARRA\u00bb<\/strong><br \/>\nTODA LA 10\u00aa FECHA<br \/>\n<\/b><strong>S\u00e1bado 31-05<\/strong><br \/>\nA las 16, FC Barber\u00e1n \u2013 Municipales, en Estudiantes<br \/>\nA las 16, Confraternidad \u2013 Uni\u00f3n del Sur, en Defensores<br \/>\nA las 16, Banfield \u2013 Parque Patricios, en Chaco Hebr\u00f3n<br \/>\nA las 16, San Fernando \u2013 Centauro FC<br \/>\nA las 16, UPCP \u2013 Los L\u00edricos, en Regional<\/p>\n<p><strong>Domingo 01-06<\/strong><br \/>\nA las 16, C. E. de Comercio \u2013 DEF<br \/>\nA las 16, Chaco Hebr\u00f3n \u2013 Dep. Barber\u00e1n<br \/>\nA las 16, Dep. Sameep \u2013 V\u00e9lez, en Regional<br \/>\nA las 16, Canallas del Sur \u2013 Dep. Esperanza<br \/>\nA las 16, Camioneros \u2013 Dep. G\u00fciraldes<br \/>\nA las 17, Dep. Zona Sur \u2013 Bariloche FC, en Defensores<\/p>\n<p><strong>Libre:<\/strong>\u00a0Dogos<\/p>\n<p><strong>Martes 03-06<\/strong><br \/>\nA las 16, Dep. Esperanza &#8211; Chaco Hebr\u00f3n (pendiente 9\u00aa fecha)<\/p>\n<p><strong>POSICIONES<\/strong><br \/>\nLos L\u00edricos 23<br \/>\nC. E. de Comercio 21<br \/>\nParque Patricios 20<br \/>\nDep. G\u00fciraldes 19<br \/>\nDep. Esperanza 18**<br \/>\nBanfield 17<br \/>\nMunicipales 17<br \/>\nCanallas del Sur 14<br \/>\nSan Fernando 14<br \/>\nUPCP 13<br \/>\nConfraternidad 11<br \/>\nUni\u00f3n del Sur 11<br \/>\nFC Barber\u00e1n 9<br \/>\nDep. Barber\u00e1n 9<br \/>\nDogos 9<br \/>\nCamioneros 8<br \/>\nV\u00e9lez 8<br \/>\nChaco Hebr\u00f3n 7**<br \/>\nDep. Sameep 5*<br \/>\nDep. Zona Sur 4<br \/>\nDEF 3*<br \/>\nBariloche FC 3<br \/>\nCentauro FC 3<br \/>\n<em>*Deben su partido de la 7\u00aa fecha<br \/>\n**Deben su partido de la 9\u00aa fecha<\/em><\/p>\n<p><em><strong>Foto: Jorge Zacar\u00edas\u00a0<\/strong><\/em><\/p>\n<p>&nbsp;<\/p>\n<p><img loading=\"lazy\" decoding=\"async\" class=\"aligncenter wp-image-17935 size-large\" src=\"https:\/\/www.sportchaco.com.ar\/wp-content\/uploads\/2025\/04\/Red-de-empleos-1080x1350-2-819x1024.gif\" sizes=\"auto, (max-width: 819px) 100vw, 819px\" srcset=\"https:\/\/www.sportchaco.com.ar\/wp-content\/uploads\/2025\/04\/Red-de-empleos-1080x1350-2-819x1024.gif 819w, https:\/\/www.sportchaco.com.ar\/wp-content\/uploads\/2025\/04\/Red-de-empleos-1080x1350-2-240x300.gif 240w, https:\/\/www.sportchaco.com.ar\/wp-content\/uploads\/2025\/04\/Red-de-empleos-1080x1350-2-768x960.gif 768w, https:\/\/www.sportchaco.com.ar\/wp-content\/uploads\/2025\/04\/Red-de-empleos-1080x1350-2-1229x1536.gif 1229w, https:\/\/www.sportchaco.com.ar\/wp-content\/uploads\/2025\/04\/Red-de-empleos-1080x1350-2-1638x2048.gif 1638w\" alt=\"\" width=\"819\" height=\"1024\" \/><\/p>\n","protected":false},"excerpt":{"rendered":"<p>30-05-2025 La 10\u00aa fecha del campeonato Oficial de la Primera B de la Liga Chaque\u00f1a de F\u00fatbol tendr\u00e1 partidos durante el fin de semana. La actividad se retoma luego de una semana sin encuentros por las lluvias sobre la capital chaque\u00f1a. Adem\u00e1s, el martes de la pr\u00f3xima semana se completar\u00e1 el pendiente de la 9\u00aa &hellip;<\/p>\n","protected":false},"author":3,"featured_media":19909,"comment_status":"open","ping_status":"open","sticky":false,"template":"","format":"standard","meta":{"footnotes":""},"categories":[5],"tags":[],"class_list":["post-19908","post","type-post","status-publish","format-standard","has-post-thumbnail","hentry","category-futbol"],"_links":{"self":[{"href":"https:\/\/www.sportchaco.com.ar\/index.php?rest_route=\/wp\/v2\/posts\/19908","targetHints":{"allow":["GET"]}}],"collection":[{"href":"https:\/\/www.sportchaco.com.ar\/index.php?rest_route=\/wp\/v2\/posts"}],"about":[{"href":"https:\/\/www.sportchaco.com.ar\/index.php?rest_route=\/wp\/v2\/types\/post"}],"author":[{"embeddable":true,"href":"https:\/\/www.sportchaco.com.ar\/index.php?rest_route=\/wp\/v2\/users\/3"}],"replies":[{"embeddable":true,"href":"https:\/\/www.sportchaco.com.ar\/index.php?rest_route=%2Fwp%2Fv2%2Fcomments&post=19908"}],"version-history":[{"count":1,"href":"https:\/\/www.sportchaco.com.ar\/index.php?rest_route=\/wp\/v2\/posts\/19908\/revisions"}],"predecessor-version":[{"id":19910,"href":"https:\/\/www.sportchaco.com.ar\/index.php?rest_route=\/wp\/v2\/posts\/19908\/revisions\/19910"}],"wp:featuredmedia":[{"embeddable":true,"href":"https:\/\/www.sportchaco.com.ar\/index.php?rest_route=\/wp\/v2\/media\/19909"}],"wp:attachment":[{"href":"https:\/\/www.sportchaco.com.ar\/index.php?rest_route=%2Fwp%2Fv2%2Fmedia&parent=19908"}],"wp:term":[{"taxonomy":"category","embeddable":true,"href":"https:\/\/www.sportchaco.com.ar\/index.php?rest_route=%2Fwp%2Fv2%2Fcategories&post=19908"},{"taxonomy":"post_tag","embeddable":true,"href":"https:\/\/www.sportchaco.com.ar\/index.php?rest_route=%2Fwp%2Fv2%2Ftags&post=19908"}],"curies":[{"name":"wp","href":"https:\/\/api.w.org\/{rel}","templated":true}]}}