{"id":20013,"date":"2025-06-01T00:03:33","date_gmt":"2025-06-01T03:03:33","guid":{"rendered":"https:\/\/www.sportchaco.com.ar\/?p=20013"},"modified":"2025-06-01T00:03:33","modified_gmt":"2025-06-01T03:03:33","slug":"alpine-confirmo-falla-que-provoco-el-abandono-de-colapinto","status":"publish","type":"post","link":"https:\/\/www.sportchaco.com.ar\/?p=20013","title":{"rendered":"Alpine confirm\u00f3 falla que provoc\u00f3 el abandono de Colapinto"},"content":{"rendered":"<header class=\"article-header-wrapper\">\n<div class=\"article-header\">\n<h4 id=\"alpine-confirmo-cual-fue-la-falla-que-provoco-el-abandono-de-colapinto-en-la-clasificacion-del-gran-premio-de-espana-de-f1\" class=\"display-block article-headline text_align_left\">Alpine confirm\u00f3 falla que provoc\u00f3 el abandono de Colapinto en la clasificaci\u00f3n del Gran Premio de Espa\u00f1a de F1. El piloto argentino no pudo completar la Q1 por un problema en su monoplaza y largar\u00e1 en el puesto 19 la carrera en el circuito de Barcelona<\/h4>\n<\/div>\n<\/header>\n<article class=\"article\">\n<div class=\"sharebar-container display_flex\">\n<div class=\"sharebar-buttons-container display_flex\"><\/div>\n<\/div>\n<div class=\"body-article \">\n<div class=\"jwplayer-ctn\">\n<div>\n<div id=\"CDRU6BNG6JBZZBR3WASILJEY64-custom_embed0\" class=\"jwplayer jw-reset jw-state-idle jw-stretch-uniform jw-flag-aspect-mode jw-breakpoint-4 jw-floating-dismissible jw-keep-thumbnail jw-flag-user-inactive\" tabindex=\"0\" role=\"application\" aria-label=\"Video Player - El momento de los problemas en el auto de Colapinto y su enojo\" aria-describedby=\"jw-CDRU6BNG6JBZZBR3WASILJEY64-custom_embed0-shortcuts-tooltip-explanation\">\n<div class=\"afs_ads ad-placement\"><\/div>\n<\/div>\n<\/div>\n<p><span style=\"color: #000000;\">El momento de los problemas en el auto de Colapinto y su enojo<\/span><\/div>\n<p class=\"paragraph\"><span style=\"color: #000000;\">Franco\u00a0Colapinto\u00a0no pudo completar la Q1 de la clasificaci\u00f3n del\u00a0Gran Premio de Espa\u00f1a.\u00a0<a style=\"color: #000000;\" title=\"https:\/\/www.infobae.com\/deportes\/2025\/05\/31\/el-momento-del-abandono-de-colapinto-en-la-qualy-del-gp-de-espana-por-una-falla-tecnica-de-su-alpine\/\" href=\"https:\/\/www.infobae.com\/deportes\/2025\/05\/31\/el-momento-del-abandono-de-colapinto-en-la-qualy-del-gp-de-espana-por-una-falla-tecnica-de-su-alpine\/\" target=\"_blank\" rel=\"noopener noreferrer\">El piloto de\u00a0Alpine\u00a0debi\u00f3 abandonar luego de tener un problema t\u00e9cnico en el monoplaza A525<\/a>. El\u00a0argentino\u00a0estaba mostrando un buen nivel, pero se qued\u00f3 sin la posibilidad de dar un \u00faltimo giro y culmin\u00f3 en el 19.\u00ba puesto de cara a la carrera del domingo. A pesar del contratiempo, recibi\u00f3 el apoyo de parte de su equipo.<\/span><\/p>\n<p class=\"paragraph\"><span style=\"color: #000000;\">Despu\u00e9s de la clasificaci\u00f3n,la escuder\u00eda francesaemiti\u00f3 un comunicado en el que explic\u00f3 a que se debi\u00f3 la falla del monoplaza de Colapinto. \u201cTras examinar el coche y los datos de Franco despu\u00e9s de la clasificaci\u00f3n,\u00a0el equipo ha identificado un problema en la transmisi\u00f3n. Se dar\u00e1n m\u00e1s detalles antes de la carrera de ma\u00f1ana\u201d, indic\u00f3 el equipo en sus redes sociales.<\/span><\/p>\n<p class=\"paragraph\"><span style=\"color: #000000;\">Vale resaltar que\u00a0<a style=\"color: #000000;\" href=\"https:\/\/www.infobae.com\/deportes\/2025\/05\/30\/de-los-problemas-en-el-motor-del-alpine-al-error-de-la-tv-al-mostrar-a-doohan-la-fp1-de-colapinto-en-el-gp-de-espana\/\" target=\"_blank\" rel=\"noopener noreferrer\">no es la primera falla t\u00e9cnica que sufre el A525 de Colapinto en el fin de semana<\/a>. En el marco de la FP1, el argentino se perdi\u00f3 los \u00faltimos 20 minutos de la sesi\u00f3n por una falla hidr\u00e1ulica. Despu\u00e9s de dar 19 vueltas, al pilarense lo llamaron de urgencia a los boxes por un problema en la parte trasera de su monoplaza.<\/span><\/p>\n<p class=\"paragraph\"><span style=\"color: #000000;\">Tanto su compa\u00f1ero de escuder\u00eda,\u00a0Pierre Gasly, como el asesor ejecutivo,\u00a0Flavio Briatore, respaldaron al pilarense.\u00a0\u201cFranco no tuvo la \u00faltima vuelta. Estoy seguro de que, si la hubiera tenido, conf\u00edo en que habr\u00eda llegado a la Q2.\u201d\u00a0Creo que dio un gran paso adelante en comparaci\u00f3n con ayer.\u00a0Es una pena. Es una pena que tuviera este problema\u201d, indic\u00f3 el piloto franc\u00e9s.<\/span><\/p>\n<p class=\"paragraph\"><span style=\"color: #000000;\">Luego, habl\u00f3 sobre su nivel en la pista: \u201cEstoy contento con el rendimiento en la clasificaci\u00f3n. Sin duda lo necesit\u00e1bamos despu\u00e9s de unas semanas frustrantes y era importante para nosotros recuperarnos y situarnos en lo m\u00e1s alto del pelot\u00f3n. Los cuatro equipos punteros tienen claramente ventaja, as\u00ed que estar en esa posici\u00f3n hoy es bueno y estoy contento por todos los miembros del equipo\u201d.<\/span><\/p>\n<div class=\"visual__image\"><picture><source srcset=\"https:\/\/www.infobae.com\/resizer\/v2\/NLD4Y6V3ZNHGVFNXB54QLM4BYU.jpg?auth=fcc46bcddedfb19041feea75c0a9c812529c4bf80949eddd6b1f40a650289920&amp;smart=true&amp;width=992&amp;height=1323&amp;quality=85\" media=\"(min-width: 1000px)\" \/><source srcset=\"https:\/\/www.infobae.com\/resizer\/v2\/NLD4Y6V3ZNHGVFNXB54QLM4BYU.jpg?auth=fcc46bcddedfb19041feea75c0a9c812529c4bf80949eddd6b1f40a650289920&amp;smart=true&amp;width=768&amp;height=1024&amp;quality=85\" media=\"(min-width: 768px)\" \/><source srcset=\"https:\/\/www.infobae.com\/resizer\/v2\/NLD4Y6V3ZNHGVFNXB54QLM4BYU.jpg?auth=fcc46bcddedfb19041feea75c0a9c812529c4bf80949eddd6b1f40a650289920&amp;smart=true&amp;width=577&amp;height=769&amp;quality=85\" media=\"(min-width: 580px)\" \/><source srcset=\"https:\/\/www.infobae.com\/resizer\/v2\/NLD4Y6V3ZNHGVFNXB54QLM4BYU.jpg?auth=fcc46bcddedfb19041feea75c0a9c812529c4bf80949eddd6b1f40a650289920&amp;smart=true&amp;width=420&amp;height=560&amp;quality=85\" media=\"(min-width: 350px)\" \/><source srcset=\"https:\/\/www.infobae.com\/resizer\/v2\/NLD4Y6V3ZNHGVFNXB54QLM4BYU.jpg?auth=fcc46bcddedfb19041feea75c0a9c812529c4bf80949eddd6b1f40a650289920&amp;smart=true&amp;width=350&amp;height=467&amp;quality=85\" media=\"(min-width: 80px)\" \/><img loading=\"lazy\" decoding=\"async\" class=\"global-image\" src=\"https:\/\/www.infobae.com\/resizer\/v2\/NLD4Y6V3ZNHGVFNXB54QLM4BYU.jpg?auth=fcc46bcddedfb19041feea75c0a9c812529c4bf80949eddd6b1f40a650289920&amp;smart=true&amp;width=350&amp;height=467&amp;quality=85\" alt=\"El comunicado de Alpine sobre\" width=\"1920\" height=\"2391\" \/><\/picture>El comunicado de Alpine sobre el problema del monoplaza de Colapinto<\/div>\n<p class=\"paragraph\">Gasly pudo meterse en la\u00a0Q3\u00a0y este domingo largar\u00e1 desde la octava posici\u00f3n. El\u00a0piloto principal de la escuder\u00eda\u00a0explic\u00f3 qu\u00e9 fue lo que hicieron para alcanzar ese lugar en la grilla: \u201cProbamos algunas cosas en la tercera sesi\u00f3n de entrenamientos libres, pero volvimos a nuestra configuraci\u00f3n habitual antes de la clasificaci\u00f3n. Hemos completado tres buenas sesiones y, al final, hemos llegado a la Q3, hemos hecho una vuelta muy s\u00f3lida y nos hemos clasificado en octava posici\u00f3n para la parrilla de ma\u00f1ana. Ahora tenemos la oportunidad de luchar por los puntos, pero sabemos que\u00a0la estrategia y el desgaste de los neum\u00e1ticos cambiar\u00e1n las cosas\u201d.<\/p>\n<p class=\"paragraph\">Por su parte,\u00a0Briatore\u00a0dio cuenta de las mejora sustancial del equipo, en relaci\u00f3n a los rendimientos anteriores: \u201cHa sido una actuaci\u00f3n mucho mejor en la clasificaci\u00f3n que la que hemos tenido durante todo el fin de semana, y los pilotos est\u00e1n mucho m\u00e1s contentos con el equilibrio del coche. El equipo ha trabajado duro despu\u00e9s de las sesiones de entrenamientos y ha hecho mejoras, lo que se ha reflejado en que un coche ha pasado a la Q3 gracias al buen trabajo de Pierre\u201d.<\/p>\n<p class=\"paragraph\">\u201cFranco tambi\u00e9n parec\u00eda m\u00e1s c\u00f3modo y mostraba un buen ritmo hasta que el problema en el pit lane le impidi\u00f3 completar la \u00faltima vuelta.\u00a0Siempre es decepcionante cuando hay un problema que te impide salir a la pista, as\u00ed que tenemos que recuperar el coche y comprobar qu\u00e9 lo ha causado para asegurarnos de que lo solucionamos como equipo\u201d, agreg\u00f3 sobre el desempe\u00f1o del bonaerense.<\/p>\n<\/div>\n<p><img loading=\"lazy\" decoding=\"async\" class=\"alignnone size-medium wp-image-19472 aligncenter\" src=\"https:\/\/www.sportchaco.com.ar\/wp-content\/uploads\/2025\/05\/Red-de-empeleos-1200x200-1-300x50.gif\" alt=\"\" width=\"300\" height=\"50\" srcset=\"https:\/\/www.sportchaco.com.ar\/wp-content\/uploads\/2025\/05\/Red-de-empeleos-1200x200-1-300x50.gif 300w, https:\/\/www.sportchaco.com.ar\/wp-content\/uploads\/2025\/05\/Red-de-empeleos-1200x200-1-1024x171.gif 1024w, https:\/\/www.sportchaco.com.ar\/wp-content\/uploads\/2025\/05\/Red-de-empeleos-1200x200-1-768x128.gif 768w, https:\/\/www.sportchaco.com.ar\/wp-content\/uploads\/2025\/05\/Red-de-empeleos-1200x200-1-1536x256.gif 1536w, https:\/\/www.sportchaco.com.ar\/wp-content\/uploads\/2025\/05\/Red-de-empeleos-1200x200-1-2048x341.gif 2048w\" sizes=\"auto, (max-width: 300px) 100vw, 300px\" \/><\/p>\n<div class=\"body-article \">\n<div class=\"visual__image\"><picture><source srcset=\"https:\/\/www.infobae.com\/resizer\/v2\/BAF5WE3QVVD3HI3GFSOM2MBXI4.jpg?auth=7f23b0cfd175e74d9edd46b1e15a6bf08082484b08377774b24e6f6419960ab6&amp;smart=true&amp;width=992&amp;height=1323&amp;quality=85\" media=\"(min-width: 1000px)\" \/><source srcset=\"https:\/\/www.infobae.com\/resizer\/v2\/BAF5WE3QVVD3HI3GFSOM2MBXI4.jpg?auth=7f23b0cfd175e74d9edd46b1e15a6bf08082484b08377774b24e6f6419960ab6&amp;smart=true&amp;width=768&amp;height=1024&amp;quality=85\" media=\"(min-width: 768px)\" \/><source srcset=\"https:\/\/www.infobae.com\/resizer\/v2\/BAF5WE3QVVD3HI3GFSOM2MBXI4.jpg?auth=7f23b0cfd175e74d9edd46b1e15a6bf08082484b08377774b24e6f6419960ab6&amp;smart=true&amp;width=577&amp;height=769&amp;quality=85\" media=\"(min-width: 580px)\" \/><source srcset=\"https:\/\/www.infobae.com\/resizer\/v2\/BAF5WE3QVVD3HI3GFSOM2MBXI4.jpg?auth=7f23b0cfd175e74d9edd46b1e15a6bf08082484b08377774b24e6f6419960ab6&amp;smart=true&amp;width=420&amp;height=560&amp;quality=85\" media=\"(min-width: 350px)\" \/><source srcset=\"https:\/\/www.infobae.com\/resizer\/v2\/BAF5WE3QVVD3HI3GFSOM2MBXI4.jpg?auth=7f23b0cfd175e74d9edd46b1e15a6bf08082484b08377774b24e6f6419960ab6&amp;smart=true&amp;width=350&amp;height=467&amp;quality=85\" media=\"(min-width: 80px)\" \/><\/picture><\/div>\n<\/div>\n<\/article>\n","protected":false},"excerpt":{"rendered":"<p>Alpine confirm\u00f3 falla que provoc\u00f3 el abandono de Colapinto en la clasificaci\u00f3n del Gran Premio de Espa\u00f1a de F1. El piloto argentino no pudo completar la Q1 por un problema en su monoplaza y largar\u00e1 en el puesto 19 la carrera en el circuito de Barcelona El momento de los problemas en el auto de &hellip;<\/p>\n","protected":false},"author":2,"featured_media":20014,"comment_status":"open","ping_status":"open","sticky":false,"template":"","format":"standard","meta":{"footnotes":""},"categories":[2],"tags":[],"class_list":["post-20013","post","type-post","status-publish","format-standard","has-post-thumbnail","hentry","category-automovilismo"],"_links":{"self":[{"href":"https:\/\/www.sportchaco.com.ar\/index.php?rest_route=\/wp\/v2\/posts\/20013","targetHints":{"allow":["GET"]}}],"collection":[{"href":"https:\/\/www.sportchaco.com.ar\/index.php?rest_route=\/wp\/v2\/posts"}],"about":[{"href":"https:\/\/www.sportchaco.com.ar\/index.php?rest_route=\/wp\/v2\/types\/post"}],"author":[{"embeddable":true,"href":"https:\/\/www.sportchaco.com.ar\/index.php?rest_route=\/wp\/v2\/users\/2"}],"replies":[{"embeddable":true,"href":"https:\/\/www.sportchaco.com.ar\/index.php?rest_route=%2Fwp%2Fv2%2Fcomments&post=20013"}],"version-history":[{"count":1,"href":"https:\/\/www.sportchaco.com.ar\/index.php?rest_route=\/wp\/v2\/posts\/20013\/revisions"}],"predecessor-version":[{"id":20015,"href":"https:\/\/www.sportchaco.com.ar\/index.php?rest_route=\/wp\/v2\/posts\/20013\/revisions\/20015"}],"wp:featuredmedia":[{"embeddable":true,"href":"https:\/\/www.sportchaco.com.ar\/index.php?rest_route=\/wp\/v2\/media\/20014"}],"wp:attachment":[{"href":"https:\/\/www.sportchaco.com.ar\/index.php?rest_route=%2Fwp%2Fv2%2Fmedia&parent=20013"}],"wp:term":[{"taxonomy":"category","embeddable":true,"href":"https:\/\/www.sportchaco.com.ar\/index.php?rest_route=%2Fwp%2Fv2%2Fcategories&post=20013"},{"taxonomy":"post_tag","embeddable":true,"href":"https:\/\/www.sportchaco.com.ar\/index.php?rest_route=%2Fwp%2Fv2%2Ftags&post=20013"}],"curies":[{"name":"wp","href":"https:\/\/api.w.org\/{rel}","templated":true}]}}