{"id":20016,"date":"2025-06-01T19:09:58","date_gmt":"2025-06-01T22:09:58","guid":{"rendered":"https:\/\/www.sportchaco.com.ar\/?p=20016"},"modified":"2025-06-02T09:40:31","modified_gmt":"2025-06-02T12:40:31","slug":"duelo-en-el-futbol-cha1queno-fallecio-enzo-pitau","status":"publish","type":"post","link":"https:\/\/www.sportchaco.com.ar\/?p=20016","title":{"rendered":"Duelo en el f\u00fatbol chaque\u00f1o: Falleci\u00f3 Enzo Pitau"},"content":{"rendered":"<section id=\"cuerpoNota\">\n<div class=\"container\">\n<div class=\"row\">\n<div class=\"col-lg-8\">\n<p class=\"epigrafe \"><strong>01-06-2025<\/strong><\/p>\n<p><img loading=\"lazy\" decoding=\"async\" class=\"aligncenter wp-image-19476 size-full\" src=\"https:\/\/www.sportchaco.com.ar\/wp-content\/uploads\/2025\/05\/Banners-creditos-otorgados-al-campo_940x90.gif\" alt=\"\" width=\"1958\" height=\"187\" \/><\/p>\n<p>El delantero de Don Orione, Enzo Pitau, falleci\u00f3 este domingo en pleno partido de f\u00fatbol producto de un paro card\u00edaco respiratorio. El \u201cportuario\u201d afrontaba la revancha de la segunda fase del torneo Federativo ante Uni\u00f3n en Machagai.<\/p>\n<p>El hecho ocurri\u00f3 a los 41 minutos del primer tiempo cuando Pitau fue al cruce de una pelota ante un jugador de Uni\u00f3n de Machagai y sufri\u00f3 un paro card\u00edaco.<\/p>\n<p>El parte policial se\u00f1al\u00f3 que: \u201cQue, momentos antes, al minuto 41 de juego del primer tiempo, se descompuso un jugador de DON ORIONE (se cay\u00f3 solo en la cancha) identificado ENZO ARLANDO PITAU (35), siendo trasladado en veh\u00edculo designado (particular) al hospital local. Luego, se inform\u00f3 que FALLECI\u00d3, adelanto telef\u00f3nico PARO CARDIO RESPIRATORIO\u201d.<\/p>\n<p style=\"text-align: center;\"><img loading=\"lazy\" decoding=\"async\" class=\"aligncenter wp-image-20022 size-full\" src=\"https:\/\/www.sportchaco.com.ar\/wp-content\/uploads\/2025\/06\/pittau2.webp\" alt=\"\" width=\"850\" height=\"631\" srcset=\"https:\/\/www.sportchaco.com.ar\/wp-content\/uploads\/2025\/06\/pittau2.webp 850w, https:\/\/www.sportchaco.com.ar\/wp-content\/uploads\/2025\/06\/pittau2-300x223.webp 300w, https:\/\/www.sportchaco.com.ar\/wp-content\/uploads\/2025\/06\/pittau2-768x570.webp 768w\" sizes=\"auto, (max-width: 850px) 100vw, 850px\" \/><strong>Enzo Pittau a la derecha.<\/strong><\/p>\n<p>Pitau fue un jugador identificado desde siempre con Orione, pero supo jugar en varios equipos de la Liga Chaque\u00f1a como For Ever, Fontana, Juventud de Tirol, Central Norte, Bancarios, entre otros. Adem\u00e1s, jug\u00f3 en un equipo del ascenso de Italia cuando viaj\u00f3 a Europa.<\/p>\n<\/div>\n<p><strong>CARRERA<\/strong><br \/>\nEnzo Pittau comenz\u00f3 su carrera a los 15 a\u00f1os en Deportivo Armenio, estuvo un a\u00f1o en Buenos Aires. Volvi\u00f3 al Chaco a los 16 y debut\u00f3 en las inferiores de For Ever. Estuvo 6 meses en Cune y ah\u00ed le llegaron varias propuestas para ir a Europa a trabajar (donde permaneci\u00f3 desde los 19 a los 23 a\u00f1os), estuvo en Italia un mes, la cual relat\u00f3 en una entrevista como una \u00abmuy linda experiencia\u00bb.<\/p>\n<div class=\"col-lg-8\">\n<p>Luego volvi\u00f3 a Cune y desde ah\u00ed fue llevado a Suiza para jugar como delantero, en donde estuvo un a\u00f1o y medio en un equipo de tercera categor\u00eda. Tras esta experiencia, fue convocado en Espa\u00f1a dos a\u00f1os m\u00e1s.<\/p>\n<p>Volvi\u00f3 de vacaciones a la provincia, relat\u00f3 en la misma entrevista anteriormente mencionada, hecha por Prograna Offiside, que se qued\u00f3 por su abuelo porque se \u00abencontraba mal de salud\u00bb. Al fallecer su abuelo decidi\u00f3 quedarse y jugar para Fontana. M\u00e1s tarde sigui\u00f3 su carrera en Don Orione Atletic Club.<\/p>\n<\/div>\n<div class=\"col-lg-8\" style=\"text-align: center;\">\n<p>&nbsp;<\/p>\n<\/div>\n<div class=\"col-lg-4\">\n<p><strong>COMUNICADO OFICIAL DEL CLUB<br \/>\n<\/strong>CON PROFUNDO DOLOR, COMUNICAMOS EL FALLECIMIENTO DE ENZO PITTAU<\/p>\n<p>El Don Orione Atletic Club comunica con profundo dolor el fallecimiento de nuestro querido jugador Enzo Pittau. Estamos conmocionados y afectados por esta p\u00e9rdida.<\/p>\n<p><strong>VELORIO EN NUESTRO CLUB<br \/>\n<\/strong>El velorio se llevar\u00e1 a cabo en nuestro club a partir de las 22.30 horas.<br \/>\nInvitamos a todos los que deseen acompa\u00f1ar a la familia y allegados en este momento dif\u00edcil.<\/p>\n<p><strong>RESPECTO A LA PRIVACIDAD<br \/>\n<\/strong>Respetuosamente, rogamos a los medios de comunicaci\u00f3n comprender el dolor de la familia y allegados, y evitar publicaciones o difusi\u00f3n de im\u00e1genes relacionadas con este lamentable hecho.<br \/>\nPermitamos que podamos guardar el debido respeto y privacidad en este momento dif\u00edcil.<\/p>\n<p><img loading=\"lazy\" decoding=\"async\" class=\"aligncenter wp-image-19655 size-full\" src=\"https:\/\/www.sportchaco.com.ar\/wp-content\/uploads\/2025\/05\/Banners-creditos-otorgados-al-campo_1080x1350-1-scaled.gif\" alt=\"\" width=\"2048\" height=\"2560\" \/><\/p>\n<\/div>\n<\/div>\n<\/div>\n<\/section>\n","protected":false},"excerpt":{"rendered":"<p>01-06-2025 El delantero de Don Orione, Enzo Pitau, falleci\u00f3 este domingo en pleno partido de f\u00fatbol producto de un paro card\u00edaco respiratorio. El \u201cportuario\u201d afrontaba la revancha de la segunda fase del torneo Federativo ante Uni\u00f3n en Machagai. El hecho ocurri\u00f3 a los 41 minutos del primer tiempo cuando Pitau fue al cruce de una &hellip;<\/p>\n","protected":false},"author":2,"featured_media":20032,"comment_status":"open","ping_status":"open","sticky":false,"template":"","format":"standard","meta":{"footnotes":""},"categories":[5],"tags":[],"class_list":["post-20016","post","type-post","status-publish","format-standard","has-post-thumbnail","hentry","category-futbol"],"_links":{"self":[{"href":"https:\/\/www.sportchaco.com.ar\/index.php?rest_route=\/wp\/v2\/posts\/20016","targetHints":{"allow":["GET"]}}],"collection":[{"href":"https:\/\/www.sportchaco.com.ar\/index.php?rest_route=\/wp\/v2\/posts"}],"about":[{"href":"https:\/\/www.sportchaco.com.ar\/index.php?rest_route=\/wp\/v2\/types\/post"}],"author":[{"embeddable":true,"href":"https:\/\/www.sportchaco.com.ar\/index.php?rest_route=\/wp\/v2\/users\/2"}],"replies":[{"embeddable":true,"href":"https:\/\/www.sportchaco.com.ar\/index.php?rest_route=%2Fwp%2Fv2%2Fcomments&post=20016"}],"version-history":[{"count":11,"href":"https:\/\/www.sportchaco.com.ar\/index.php?rest_route=\/wp\/v2\/posts\/20016\/revisions"}],"predecessor-version":[{"id":20059,"href":"https:\/\/www.sportchaco.com.ar\/index.php?rest_route=\/wp\/v2\/posts\/20016\/revisions\/20059"}],"wp:featuredmedia":[{"embeddable":true,"href":"https:\/\/www.sportchaco.com.ar\/index.php?rest_route=\/wp\/v2\/media\/20032"}],"wp:attachment":[{"href":"https:\/\/www.sportchaco.com.ar\/index.php?rest_route=%2Fwp%2Fv2%2Fmedia&parent=20016"}],"wp:term":[{"taxonomy":"category","embeddable":true,"href":"https:\/\/www.sportchaco.com.ar\/index.php?rest_route=%2Fwp%2Fv2%2Fcategories&post=20016"},{"taxonomy":"post_tag","embeddable":true,"href":"https:\/\/www.sportchaco.com.ar\/index.php?rest_route=%2Fwp%2Fv2%2Ftags&post=20016"}],"curies":[{"name":"wp","href":"https:\/\/api.w.org\/{rel}","templated":true}]}}