{"id":20025,"date":"2025-06-01T19:32:57","date_gmt":"2025-06-01T22:32:57","guid":{"rendered":"https:\/\/www.sportchaco.com.ar\/?p=20025"},"modified":"2025-06-01T19:32:57","modified_gmt":"2025-06-01T22:32:57","slug":"oscar-piastri-gano-el-gran-premio-de-espana-y-franco-colapinto-finalizo15","status":"publish","type":"post","link":"https:\/\/www.sportchaco.com.ar\/?p=20025","title":{"rendered":"Oscar Piastri gan\u00f3 el Gran Premio de Espa\u00f1a y Franco Colapinto finaliz\u00f315"},"content":{"rendered":"<header class=\"news-headline\">\n<h1 class=\"news-headline__title\">En una carrera para el olvido, Oscar Piastri gan\u00f3 el Gran Premio de Espa\u00f1a y Franco Colapinto finaliz\u00f3 en el puesto 15<\/h1>\n<div class=\"news-headline__author-and-share-wrapper\">\n<div class=\"news-headline__author-wrapper\"><\/div>\n<\/div>\n<h5 class=\"ignore-parser\">El argentino tuvo una carrera que se hizo cuesta arriba por las condiciones del auto de Alpine. El australiano Piastri logr\u00f3 la victoria, mientras que hubo un episodio con el neerland\u00e9s Max Verstappen que ocasion\u00f3 su penalizaci\u00f3n.<\/h5>\n<\/header>\n<p>&nbsp;<\/p>\n<div class=\"detail-highlighted-multimedia content-protected-false\">\n<figure class=\"detail-highlighted-multimedia__figure\"><img loading=\"lazy\" decoding=\"async\" class=\"detail-highlighted-multimedia__figure-img img-fluid\" src=\"https:\/\/media.ambito.com\/p\/b33762d1670141057fa896798924590e\/adjuntos\/239\/imagenes\/042\/469\/0042469315\/oscar-piastri-formula-1jpg.jpg\" alt=\"El australiano logr\u00f3 el triunfo en Montmel\u00f3.\" width=\"655\" height=\"368\" data-td-src-property=\"https:\/\/media.ambito.com\/p\/b33762d1670141057fa896798924590e\/adjuntos\/239\/imagenes\/042\/469\/0042469315\/oscar-piastri-formula-1jpg.jpg\" \/><figcaption class=\"detail-highlighted-multimedia__figcaption\">\n<div class=\"detail-highlighted-multimedia__caption\">\n<p>El australiano logr\u00f3 el triunfo en Montmel\u00f3.<\/p>\n<\/div>\n<\/figcaption><\/figure>\n<\/div>\n<article class=\"article-body article-body--first-paragraph content-protected-false\" data-td-script-src=\"https:\/\/www.ambito.com\/td\/modulos\/encuestas\/js\/function-embeds-min-version-1747541270.js\">El piloto argentino de la escuder\u00eda francesa\u00a0<strong>Alpine<\/strong>,\u00a0<strong><a href=\"https:\/\/www.ambito.com\/deportes\/franco-colapinto-decepcionado-otra-clasificacion-fallida-la-explicacion-que-dio-el-fallo-su-alpine-n6151577\" target=\"_blank\" rel=\"follow noopener\">Franco Colapinto<\/a><\/strong>, tuvo una largada sin problemas en el\u00a0<strong><a href=\"https:\/\/www.ambito.com\/deportes\/formula-1-que-hora-corre-la-clasificacion-franco-colapinto-el-gp-barcelona-y-donde-verla-n6151508\" target=\"_blank\" rel=\"follow noopener\">Gran Premio de Espa\u00f1a de la F\u00f3rmula 1<\/a>. El triunfo fue para el australiano y l\u00edder del campeonato, Oscar Piastri (McLaren)<\/strong>, mientras que el podio lo completaron el brit\u00e1nico Lando Norris (McLaren) y el monegasco Charles Leclerc (Ferrari).<\/p>\n<\/article>\n<article class=\"article-body article-body--second-paragraph content-protected-false\">\n<div id=\"8080716-Libre-657919954_wrap\" class=\"embed_cont type_imagen\" contenteditable=\"false\">\n<div id=\"8080716-Libre-657919954_content\" class=\"embed_content\"><img loading=\"lazy\" decoding=\"async\" id=\"8080716-Libre-657919954_embed\" title=\"Pese a las adversidades, Colapinto logr\u00f3 mantener su performance en Espa\u00f1a.\" src=\"https:\/\/media.ambito.com\/p\/75a95e3dd8587154f8ec6e1f0a2e4991\/adjuntos\/239\/imagenes\/042\/459\/0042459696\/colapinto-alpinepng.png\" alt=\"Pese a las adversidades, Colapinto logr\u00f3 mantener su performance en Espa\u00f1a.\" width=\"730\" height=\"410\" \/><\/div>\n<div id=\"8080716-Libre-657919954_epigrafe\" class=\"embed_epigrafe\">\n<p>Pese a las adversidades, Colapinto logr\u00f3 mantener su performance en Espa\u00f1a.<\/p>\n<\/div>\n<\/div>\n<h2>Franco Colapinto finaliz\u00f3 en el puesto 15 en el Gran Premio de Espa\u00f1a<\/h2>\n<p>La carrera fue complicada para Colapinto, que larg\u00f3 en la posici\u00f3n 18, luego de que se le quedara el monoplaza en la clasificaci\u00f3n. Durante el comienzo escal\u00f3 algunas posiciones por las paradas en boxes de otros rivales, pero cuando puso gomas medias perdi\u00f3 much\u00edsimo ritmo, cay\u00f3 a la \u00faltima posici\u00f3n y lleg\u00f3 a estar a medio minuto del pen\u00faltimo.<\/p>\n<p>El australiano Oscar Piastri, que este s\u00e1bado hab\u00eda conseguido la \u00abpole position\u00bb, se llev\u00f3 el triunfo en el GP de Espa\u00f1a y le sac\u00f3 10 puntos en el campeonato a su escolta y compa\u00f1ero de equipo en McLaren, el brit\u00e1nico Lando Norris, que finaliz\u00f3 segundo. El podio lo complet\u00f3 el monegasco Charles Leclerc, de Ferrari.<\/p>\n<p>El otro piloto que aspira a pelear por el campeonato, el neerland\u00e9s y cuatro veces campe\u00f3n del mundo, Max Verstappen (Red Bull), fue v\u00edctima de la estrategia de su propio equipo, que le puso gomas duras para la salida del safety car en las \u00faltimas vueltas.<\/p>\n<div id=\"8082229-Libre-79763689_wrap\" class=\"embed_cont type_imagen\" contenteditable=\"false\">\n<div id=\"8082229-Libre-79763689_content\" class=\"embed_content\"><img decoding=\"async\" id=\"8082229-Libre-79763689_embed\" title=\"El podio del GP de Espa\u00f1a.\" src=\"https:\/\/media.ambito.com\/p\/c6c27e1978b302675e122c97ce7b5a7b\/adjuntos\/239\/imagenes\/042\/469\/0042469353\/730x0\/smart\/gran-premio-espana-2025jpg.jpg\" alt=\"El podio del GP de Espa\u00f1a.\" width=\"730\" height=\"undefined\" data-td-src-property=\"https:\/\/media.ambito.com\/p\/c6c27e1978b302675e122c97ce7b5a7b\/adjuntos\/239\/imagenes\/042\/469\/0042469353\/730x0\/smart\/gran-premio-espana-2025jpg.jpg\" \/><\/div>\n<div id=\"8082229-Libre-79763689_epigrafe\" class=\"embed_epigrafe\">\n<p>El podio del GP de Espa\u00f1a.<\/p>\n<\/div>\n<\/div>\n<p>Esto lo hizo estar en desventaja con respecto al resto de los pilotos, que ten\u00edan blandas, y perdi\u00f3 r\u00e1pidamente la tercera posici\u00f3n. Como si esto fuera poco, choc\u00f3 al brit\u00e1nico George Russell (Mercedes), lo que lo hizo sufrir una penalizaci\u00f3n de 10 segundos que lo hizo caer a la d\u00e9cima posici\u00f3n.<\/p>\n<p>La pr\u00f3xima carrera en el campeonato de F\u00f3rmula 1 ser\u00e1 el domingo 15 de junio, cuando se lleve a cabo el GP de Canad\u00e1.<\/p>\n<h2><strong>As\u00ed qued\u00f3 el campeonato de F\u00f3rmula 1<\/strong><\/h2>\n<p><strong>1- Oscar Piastri (McLaren): 186 puntos<\/strong><\/p>\n<p><strong>2- Lando Norris (McLaren): 176 puntos<\/strong><\/p>\n<p><strong>3- Max Verstappen (Red Bull): 137 puntos<\/strong><\/p>\n<p><strong>4- George Russell (Mercedes): 111 puntos<\/strong><\/p>\n<p><strong>5- Charles Leclerc (Ferrari): 94 puntos<\/strong><\/p>\n<\/article>\n<p><img loading=\"lazy\" decoding=\"async\" class=\"alignnone size-medium wp-image-19784 aligncenter\" src=\"https:\/\/www.sportchaco.com.ar\/wp-content\/uploads\/2025\/05\/250x250-2-300x300.gif\" alt=\"\" width=\"300\" height=\"300\" srcset=\"https:\/\/www.sportchaco.com.ar\/wp-content\/uploads\/2025\/05\/250x250-2-300x300.gif 300w, https:\/\/www.sportchaco.com.ar\/wp-content\/uploads\/2025\/05\/250x250-2-150x150.gif 150w\" sizes=\"auto, (max-width: 300px) 100vw, 300px\" \/><\/p>\n","protected":false},"excerpt":{"rendered":"<p>En una carrera para el olvido, Oscar Piastri gan\u00f3 el Gran Premio de Espa\u00f1a y Franco Colapinto finaliz\u00f3 en el puesto 15 El argentino tuvo una carrera que se hizo cuesta arriba por las condiciones del auto de Alpine. El australiano Piastri logr\u00f3 la victoria, mientras que hubo un episodio con el neerland\u00e9s Max Verstappen &hellip;<\/p>\n","protected":false},"author":2,"featured_media":20026,"comment_status":"open","ping_status":"open","sticky":false,"template":"","format":"standard","meta":{"footnotes":""},"categories":[2],"tags":[],"class_list":["post-20025","post","type-post","status-publish","format-standard","has-post-thumbnail","hentry","category-automovilismo"],"_links":{"self":[{"href":"https:\/\/www.sportchaco.com.ar\/index.php?rest_route=\/wp\/v2\/posts\/20025","targetHints":{"allow":["GET"]}}],"collection":[{"href":"https:\/\/www.sportchaco.com.ar\/index.php?rest_route=\/wp\/v2\/posts"}],"about":[{"href":"https:\/\/www.sportchaco.com.ar\/index.php?rest_route=\/wp\/v2\/types\/post"}],"author":[{"embeddable":true,"href":"https:\/\/www.sportchaco.com.ar\/index.php?rest_route=\/wp\/v2\/users\/2"}],"replies":[{"embeddable":true,"href":"https:\/\/www.sportchaco.com.ar\/index.php?rest_route=%2Fwp%2Fv2%2Fcomments&post=20025"}],"version-history":[{"count":1,"href":"https:\/\/www.sportchaco.com.ar\/index.php?rest_route=\/wp\/v2\/posts\/20025\/revisions"}],"predecessor-version":[{"id":20027,"href":"https:\/\/www.sportchaco.com.ar\/index.php?rest_route=\/wp\/v2\/posts\/20025\/revisions\/20027"}],"wp:featuredmedia":[{"embeddable":true,"href":"https:\/\/www.sportchaco.com.ar\/index.php?rest_route=\/wp\/v2\/media\/20026"}],"wp:attachment":[{"href":"https:\/\/www.sportchaco.com.ar\/index.php?rest_route=%2Fwp%2Fv2%2Fmedia&parent=20025"}],"wp:term":[{"taxonomy":"category","embeddable":true,"href":"https:\/\/www.sportchaco.com.ar\/index.php?rest_route=%2Fwp%2Fv2%2Fcategories&post=20025"},{"taxonomy":"post_tag","embeddable":true,"href":"https:\/\/www.sportchaco.com.ar\/index.php?rest_route=%2Fwp%2Fv2%2Ftags&post=20025"}],"curies":[{"name":"wp","href":"https:\/\/api.w.org\/{rel}","templated":true}]}}