{"id":20039,"date":"2025-06-01T23:21:22","date_gmt":"2025-06-02T02:21:22","guid":{"rendered":"https:\/\/www.sportchaco.com.ar\/?p=20039"},"modified":"2025-06-01T23:29:57","modified_gmt":"2025-06-02T02:29:57","slug":"ex-seleccion-ganaron-torneo-de-leyendas","status":"publish","type":"post","link":"https:\/\/www.sportchaco.com.ar\/?p=20039","title":{"rendered":"Ex-Selecci\u00f3n ganaron torneo de leyendas"},"content":{"rendered":"<header class=\"article-header-wrapper\">\n<div class=\"article-header\">\n<h1 id=\"el-alocado-festejo-dedicado-a-maradona-de-un-grupo-de-ex-figuras-de-la-seleccion-que-gano-un-torneo-de-leyendas\" class=\"display-block article-headline text_align_left\">El alocado festejo dedicado a Maradona de un grupo de ex figuras de la Selecci\u00f3n que gan\u00f3 un Torneo de Leyendas. El Burrito Ortega, Maxi Rodr\u00edguez, Rolando Schiavi, Hern\u00e1n D\u00edaz y Sergio Goycochea son algunos de los futbolistas que celebraron en Curazao<\/h1>\n<\/div>\n<\/header>\n<article class=\"article\">\n<div class=\"sharebar-container display_flex\">\n<div class=\"sharebar-buttons-container display_flex\"><\/div>\n<\/div>\n<div class=\"body-article \">\n<div class=\"jwplayer-ctn\">\n<div id=\"2UQN5ZWCGBDLRE7IIEGG6PTM54-custom_embed0\" class=\"jwplayer jw-reset jw-state-idle jw-stretch-uniform jw-flag-aspect-mode jw-floating-dismissible jw-keep-thumbnail jw-breakpoint-4 jw-flag-user-inactive\" tabindex=\"0\" role=\"application\" aria-label=\"Video Player - Las leyendas del f\u00fatbol argentino cantando por Maradona\" aria-describedby=\"jw-2UQN5ZWCGBDLRE7IIEGG6PTM54-custom_embed0-shortcuts-tooltip-explanation\">\n<div class=\"jw-wrapper jw-reset\">\n<div class=\"jw-top jw-reset\"><\/div>\n<div class=\"jw-aspect jw-reset\"><\/div>\n<div class=\"jw-media jw-reset\"><\/div>\n<div class=\"jw-preview jw-reset\"><\/div>\n<div class=\"jw-hidden-accessibility\"><\/div>\n<div class=\"jw-controls jw-reset\">\n<div class=\"jw-display jw-reset\">\n<div class=\"jw-display-container jw-reset\">\n<div class=\"jw-display-controls jw-reset\">\n<div class=\"jw-display-icon-container jw-display-icon-display jw-reset\">\n<div class=\"jw-icon jw-icon-display jw-button-color jw-reset\" tabindex=\"0\" role=\"button\" aria-label=\"Reproducir\"><\/div>\n<\/div>\n<\/div>\n<\/div>\n<\/div>\n<div class=\"jw-nextup-container jw-reset\">\n<div class=\"jw-nextup jw-background-color jw-reset jw-nextup-thumbnail-visible\">\n<div class=\"jw-nextup-tooltip jw-reset\">\n<div class=\"jw-nextup-thumbnail jw-reset\"><\/div>\n<div class=\"jw-nextup-body jw-reset\"><\/div>\n<\/div>\n<\/div>\n<\/div>\n<\/div>\n<\/div>\n<\/div>\n<\/div>\n<p class=\"paragraph\"><strong>Con un gol de\u00a0Ariel Ortega, hist\u00f3ricos futbolistas de la\u00a0selecci\u00f3n argentina\u00a0se consagraron campeones de un\u00a0Torneo de Leyendas, que reuni\u00f3 a figuras hist\u00f3ricas del f\u00fatbol mundial en la isla de\u00a0Curazao, en el Caribe. El equipo albiceleste venci\u00f3 en la final a Portugal, destac\u00e1ndose entre las selecciones participantes a Brasil, Colombia, Pa\u00edses Bajos y el pa\u00eds anfitri\u00f3n. Y, durante la celebraci\u00f3n en el d\u00eda posterior,\u00a0los exjugadores se acordaron de Diego Armando Maradona y cantaron por \u00e9l en medio de la fiesta.<\/strong><\/p>\n<p class=\"paragraph\">El elenco argentino estuvo integrado por una destacada n\u00f3mina de exfutbolistas que marcaron \u00e9poca. Adem\u00e1s del gol decisivo de Ortega, la selecci\u00f3n cont\u00f3 con la participaci\u00f3n de\u00a0Sergio Goycochea, recordado por su desempe\u00f1o en los penales durante el Mundial de Italia 1990 y compa\u00f1ero de Pelusa en dicha Copa del Mundo;\u00a0Maxi Rodr\u00edguez, autor de un gol inolvidable contra M\u00e9xico en Alemania 2006; y otros nombres como\u00a0Rolando Schiavi,\u00a0Hern\u00e1n D\u00edaz,\u00a0Eduardo Tuzzio,\u00a0Sebasti\u00e1n Romero\u00a0y\u00a0Guillermo Pereyra. Asimismo, el legendario\u00a0Mario Alberto Kempes, campe\u00f3n del mundo en 1978, acompa\u00f1\u00f3 al equipo como invitado especial.<\/p>\n<p class=\"paragraph\">Una vez consumado el t\u00edtulo, el grupo de futbolistas decidi\u00f3 quedarse algunos d\u00edas m\u00e1s para celebrar en la isla del Caribe, donde disfruta de un excelente clima tropical. All\u00ed, con el arquero Goycochea y el\u00a0<i>Burrito\u00a0<\/i>Ortega a la cabeza,\u00a0las leyendas albicelestes comenzaron a entonar la ic\u00f3nica canci\u00f3n\u00a0<i>La Mano de Dios<\/i>, de\u00a0<i>Rodrigo<\/i>, la cual rinde homenaje a Diego. Y, como era de esperarse,\u00a0el momento de mayor ebullici\u00f3n fue cuando lo nombra: \u201cMarad\u00f3, Marad\u00f3\u201d.<\/p>\n<div class=\"jwplayer-ctn\">\n<div>\n<div id=\"36WGT4Q3ZRAX7HJOAMQQWI2M5E-custom_embed4\" class=\"jwplayer jw-reset jw-state-idle jw-stretch-uniform jw-flag-aspect-mode jw-floating-dismissible jw-keep-thumbnail jw-breakpoint-4 jw-flag-user-inactive\" tabindex=\"0\" role=\"application\" aria-label=\"Video Player - El momento en que los argentinos celebraban el t\u00edtulo\" aria-describedby=\"jw-36WGT4Q3ZRAX7HJOAMQQWI2M5E-custom_embed4-shortcuts-tooltip-explanation\">\n<div class=\"jw-aspect jw-reset\"><\/div>\n<div class=\"jw-wrapper jw-reset\">\n<div>\n<div>\n<div><\/div>\n<\/div>\n<div class=\"jw-contract-trigger\"><\/div>\n<\/div>\n<\/div>\n<\/div>\n<\/div>\n<\/div>\n<p class=\"paragraph\">Con respecto al torneo que ganaron, denominado oficialmente\u00a0Legends Football Tournament, se llev\u00f3 a cabo entre el 28 y el 30 de mayo en el reci\u00e9n inaugurado\u00a0Estadio Capital, ubicado frente a las cuevas de Hato y cercano al aeropuerto internacional de Curazao. Este escenario, dise\u00f1ado especialmente para el evento, alberg\u00f3 partidos de dos tiempos de 20 minutos, con planteles reducidos de ocho jugadores por equipo. Adem\u00e1s de los encuentros deportivos, el evento incluy\u00f3 m\u00fasica en vivo, gastronom\u00eda y actividades familiares, consolid\u00e1ndose como una aut\u00e9ntica fiesta de nostalgia futbolera.<\/p>\n<p class=\"paragraph\">El torneo tambi\u00e9n reuni\u00f3 a figuras emblem\u00e1ticas de otras selecciones. Por Brasil participaron jugadores como\u00a0Rivaldo,\u00a0Adriano,\u00a0Vampeta\u00a0y\u00a0Mozer; Colombia estuvo representada por \u00edconos como\u00a0Carlos Valderrama,\u00a0Ren\u00e9 Higuita\u00a0y\u00a0Faustino Asprilla; mientras que Pa\u00edses Bajos cont\u00f3 con estrellas como\u00a0Clarence Seedorf\u00a0y\u00a0Ronald de Boer. Por su parte, Portugal present\u00f3 a jugadores destacados como\u00a0Ricardo Quaresma,\u00a0Jo\u00e3o Pinto\u00a0y\u00a0Pauleta, y el equipo local de Curazao incluy\u00f3 a figuras como\u00a0Eki Oleana\u00a0y\u00a0Chiki Felomina.<\/p>\n<p class=\"paragraph\">El evento fue organizado por\u00a0Cura\u00e7ao Airport Holding (CAH)\u00a0en colaboraci\u00f3n con la\u00a0Oficina de Turismo de Curazao (CTB), con el objetivo de promover el deporte y la inclusi\u00f3n en la regi\u00f3n. Seg\u00fan detallaron los organizadores, el torneo no solo busc\u00f3 ofrecer un espect\u00e1culo deportivo inolvidable, sino tambi\u00e9n fomentar el desarrollo del f\u00fatbol en el Caribe.<\/p>\n<p><img decoding=\"async\" src=\"https:\/\/www.infobae.com\/resizer\/v2\/XV4B3JAN65FGXMV464Z7PVXD7M.jpg?auth=2647a61c9c7294015581903f743e1e2b6487cd21783bcf511698e89d33154d5e&amp;smart=true&amp;width=350&amp;height=467&amp;quality=85\" alt=\"Los futbolistas que representaron a\" \/><img decoding=\"async\" src=\"https:\/\/www.infobae.com\/resizer\/v2\/3NQBLFNAZFDGJOXLKDHAIURTX4.jpg?auth=4a9c8c9c5db79f25e1036be240207e0204932f0c97097169e89fa011d780313d&amp;smart=true&amp;width=350&amp;height=197&amp;quality=85\" alt=\"Las leyendas del f\u00fatbol argentino\" \/><\/p>\n<p style=\"text-align: center;\"><img loading=\"lazy\" decoding=\"async\" class=\"alignnone size-medium wp-image-19784\" src=\"https:\/\/www.sportchaco.com.ar\/wp-content\/uploads\/2025\/05\/250x250-2-300x300.gif\" alt=\"\" width=\"300\" height=\"300\" srcset=\"https:\/\/www.sportchaco.com.ar\/wp-content\/uploads\/2025\/05\/250x250-2-300x300.gif 300w, https:\/\/www.sportchaco.com.ar\/wp-content\/uploads\/2025\/05\/250x250-2-150x150.gif 150w\" sizes=\"auto, (max-width: 300px) 100vw, 300px\" \/><\/p>\n<div class=\"visual__image\"><picture><source srcset=\"https:\/\/www.infobae.com\/resizer\/v2\/XV4B3JAN65FGXMV464Z7PVXD7M.jpg?auth=2647a61c9c7294015581903f743e1e2b6487cd21783bcf511698e89d33154d5e&amp;smart=true&amp;width=992&amp;height=1323&amp;quality=85\" media=\"(min-width: 1000px)\" \/><source srcset=\"https:\/\/www.infobae.com\/resizer\/v2\/XV4B3JAN65FGXMV464Z7PVXD7M.jpg?auth=2647a61c9c7294015581903f743e1e2b6487cd21783bcf511698e89d33154d5e&amp;smart=true&amp;width=768&amp;height=1024&amp;quality=85\" media=\"(min-width: 768px)\" \/><source srcset=\"https:\/\/www.infobae.com\/resizer\/v2\/XV4B3JAN65FGXMV464Z7PVXD7M.jpg?auth=2647a61c9c7294015581903f743e1e2b6487cd21783bcf511698e89d33154d5e&amp;smart=true&amp;width=577&amp;height=769&amp;quality=85\" media=\"(min-width: 580px)\" \/><source srcset=\"https:\/\/www.infobae.com\/resizer\/v2\/XV4B3JAN65FGXMV464Z7PVXD7M.jpg?auth=2647a61c9c7294015581903f743e1e2b6487cd21783bcf511698e89d33154d5e&amp;smart=true&amp;width=420&amp;height=560&amp;quality=85\" media=\"(min-width: 350px)\" \/><source srcset=\"https:\/\/www.infobae.com\/resizer\/v2\/XV4B3JAN65FGXMV464Z7PVXD7M.jpg?auth=2647a61c9c7294015581903f743e1e2b6487cd21783bcf511698e89d33154d5e&amp;smart=true&amp;width=350&amp;height=467&amp;quality=85\" media=\"(min-width: 80px)\" \/><\/picture><\/div>\n<\/div>\n<\/article>\n","protected":false},"excerpt":{"rendered":"<p>El alocado festejo dedicado a Maradona de un grupo de ex figuras de la Selecci\u00f3n que gan\u00f3 un Torneo de Leyendas. El Burrito Ortega, Maxi Rodr\u00edguez, Rolando Schiavi, Hern\u00e1n D\u00edaz y Sergio Goycochea son algunos de los futbolistas que celebraron en Curazao Con un gol de\u00a0Ariel Ortega, hist\u00f3ricos futbolistas de la\u00a0selecci\u00f3n argentina\u00a0se consagraron campeones de &hellip;<\/p>\n","protected":false},"author":2,"featured_media":20044,"comment_status":"open","ping_status":"open","sticky":false,"template":"","format":"standard","meta":{"footnotes":""},"categories":[6],"tags":[],"class_list":["post-20039","post","type-post","status-publish","format-standard","has-post-thumbnail","hentry","category-internacionales"],"_links":{"self":[{"href":"https:\/\/www.sportchaco.com.ar\/index.php?rest_route=\/wp\/v2\/posts\/20039","targetHints":{"allow":["GET"]}}],"collection":[{"href":"https:\/\/www.sportchaco.com.ar\/index.php?rest_route=\/wp\/v2\/posts"}],"about":[{"href":"https:\/\/www.sportchaco.com.ar\/index.php?rest_route=\/wp\/v2\/types\/post"}],"author":[{"embeddable":true,"href":"https:\/\/www.sportchaco.com.ar\/index.php?rest_route=\/wp\/v2\/users\/2"}],"replies":[{"embeddable":true,"href":"https:\/\/www.sportchaco.com.ar\/index.php?rest_route=%2Fwp%2Fv2%2Fcomments&post=20039"}],"version-history":[{"count":5,"href":"https:\/\/www.sportchaco.com.ar\/index.php?rest_route=\/wp\/v2\/posts\/20039\/revisions"}],"predecessor-version":[{"id":20047,"href":"https:\/\/www.sportchaco.com.ar\/index.php?rest_route=\/wp\/v2\/posts\/20039\/revisions\/20047"}],"wp:featuredmedia":[{"embeddable":true,"href":"https:\/\/www.sportchaco.com.ar\/index.php?rest_route=\/wp\/v2\/media\/20044"}],"wp:attachment":[{"href":"https:\/\/www.sportchaco.com.ar\/index.php?rest_route=%2Fwp%2Fv2%2Fmedia&parent=20039"}],"wp:term":[{"taxonomy":"category","embeddable":true,"href":"https:\/\/www.sportchaco.com.ar\/index.php?rest_route=%2Fwp%2Fv2%2Fcategories&post=20039"},{"taxonomy":"post_tag","embeddable":true,"href":"https:\/\/www.sportchaco.com.ar\/index.php?rest_route=%2Fwp%2Fv2%2Ftags&post=20039"}],"curies":[{"name":"wp","href":"https:\/\/api.w.org\/{rel}","templated":true}]}}