{"id":2009,"date":"2023-10-20T10:43:49","date_gmt":"2023-10-20T13:43:49","guid":{"rendered":"https:\/\/www.sportchaco.com.ar\/?p=2009"},"modified":"2023-10-20T12:43:25","modified_gmt":"2023-10-20T15:43:25","slug":"papu-gomez-dio-positivo-en-un-control-antidoping","status":"publish","type":"post","link":"https:\/\/www.sportchaco.com.ar\/?p=2009","title":{"rendered":"\u00abPapu\u00bb G\u00f3mez dio positivo en un control antidoping"},"content":{"rendered":"<p style=\"text-align: left;\">El futbolista argentino, Alejandro \u00abpapu\u00bb G\u00f3mez ser\u00e1 sancionado por dos a\u00f1os por un control practicado cuando todav\u00eda era jugador de Sevilla. Seg\u00fan a\u00f1adieron, el mismo se dio en la antesala del Mundial de Qatar 2022, certamen en el que el futbolista se coron\u00f3 campe\u00f3n del mundo con la Selecci\u00f3n Argentina.<\/p>\n<p>La versi\u00f3n del futbolista indica que, ante una \u00abmala noche\u00bb, habr\u00eda decidido tomar un jarabe de uno de sus hijos sin consultar previamente a los m\u00e9dicos del club. As\u00ed, luego de un control despu\u00e9s de un entrenamiento, habr\u00eda dado positivo.<\/p>\n<p>Tanto el jugador como la instituci\u00f3n habr\u00edan sido notificados de la situaci\u00f3n hace meses, pero que la sanci\u00f3n reci\u00e9n lleg\u00f3 esta semana. Desde Sevilla estaban al tanto del expediente abierto, pero no fueron notificados acerca de la sanci\u00f3n porque el futbolista no se desempe\u00f1a m\u00e1s en la instituci\u00f3n<\/p>\n<p style=\"text-align: left;\">Cabe mencionar que, en la \u00faltima ventana de traspasos,\u00a0el futbolista rescindi\u00f3 su contrato con Sevilla y no lograba encontrar un nuevo club, a pesar de haber contado con algunos ofrecimientos desde Arabia Saudita. Finalmente, recal\u00f3 en el\u00a0Monza\u00a0de Italia, club en el que tan solo lleg\u00f3 a jugar dos partidos.<\/p>\n","protected":false},"excerpt":{"rendered":"<p>El futbolista argentino, Alejandro \u00abpapu\u00bb G\u00f3mez ser\u00e1 sancionado por dos a\u00f1os por un control practicado cuando todav\u00eda era jugador de Sevilla. Seg\u00fan a\u00f1adieron, el mismo se dio en la antesala del Mundial de Qatar 2022, certamen en el que el futbolista se coron\u00f3 campe\u00f3n del mundo con la Selecci\u00f3n Argentina. La versi\u00f3n del futbolista indica &hellip;<\/p>\n","protected":false},"author":5,"featured_media":2010,"comment_status":"open","ping_status":"open","sticky":false,"template":"","format":"standard","meta":{"footnotes":""},"categories":[5,6],"tags":[],"class_list":["post-2009","post","type-post","status-publish","format-standard","has-post-thumbnail","hentry","category-futbol","category-internacionales"],"_links":{"self":[{"href":"https:\/\/www.sportchaco.com.ar\/index.php?rest_route=\/wp\/v2\/posts\/2009","targetHints":{"allow":["GET"]}}],"collection":[{"href":"https:\/\/www.sportchaco.com.ar\/index.php?rest_route=\/wp\/v2\/posts"}],"about":[{"href":"https:\/\/www.sportchaco.com.ar\/index.php?rest_route=\/wp\/v2\/types\/post"}],"author":[{"embeddable":true,"href":"https:\/\/www.sportchaco.com.ar\/index.php?rest_route=\/wp\/v2\/users\/5"}],"replies":[{"embeddable":true,"href":"https:\/\/www.sportchaco.com.ar\/index.php?rest_route=%2Fwp%2Fv2%2Fcomments&post=2009"}],"version-history":[{"count":3,"href":"https:\/\/www.sportchaco.com.ar\/index.php?rest_route=\/wp\/v2\/posts\/2009\/revisions"}],"predecessor-version":[{"id":2016,"href":"https:\/\/www.sportchaco.com.ar\/index.php?rest_route=\/wp\/v2\/posts\/2009\/revisions\/2016"}],"wp:featuredmedia":[{"embeddable":true,"href":"https:\/\/www.sportchaco.com.ar\/index.php?rest_route=\/wp\/v2\/media\/2010"}],"wp:attachment":[{"href":"https:\/\/www.sportchaco.com.ar\/index.php?rest_route=%2Fwp%2Fv2%2Fmedia&parent=2009"}],"wp:term":[{"taxonomy":"category","embeddable":true,"href":"https:\/\/www.sportchaco.com.ar\/index.php?rest_route=%2Fwp%2Fv2%2Fcategories&post=2009"},{"taxonomy":"post_tag","embeddable":true,"href":"https:\/\/www.sportchaco.com.ar\/index.php?rest_route=%2Fwp%2Fv2%2Ftags&post=2009"}],"curies":[{"name":"wp","href":"https:\/\/api.w.org\/{rel}","templated":true}]}}