{"id":20097,"date":"2025-06-03T10:42:39","date_gmt":"2025-06-03T13:42:39","guid":{"rendered":"https:\/\/www.sportchaco.com.ar\/?p=20097"},"modified":"2025-06-03T10:42:39","modified_gmt":"2025-06-03T13:42:39","slug":"gaby-deck-pasa-por-el-quirofano-y-el-madrid-lo-pierde-para-playoffs","status":"publish","type":"post","link":"https:\/\/www.sportchaco.com.ar\/?p=20097","title":{"rendered":"Gaby Deck pasa por el quir\u00f3fano y el Madrid lo pierde para playoffs"},"content":{"rendered":"<h2><\/h2>\n<p>&nbsp;<\/p>\n<h4><strong><span class=\"time\">Real Madrida comunic\u00f3 que el argentino fue intervenido en la cadera izquierda y se perder\u00e1 el resto de la campa\u00f1a. Su \u00faltimo juego fue ante Olympiacos por Euroliga.<\/span><\/strong><\/h4>\n<div id=\"node-103820\" class=\"node node-openpublish-article node-promoted node-sticky node-full clearfix\">\n<div class=\"content clearfix\">\n<div class=\"field field-name-field-articulo-texto-imagen field-type-text-long field-label-hidden\">\n<div class=\"field-items\"><\/div>\n<\/div>\n<div class=\"field field-name-field-op-main-image field-type-image field-label-hidden\">\n<div class=\"field-items\">\n<div class=\"field-item even\">\n<div id=\"flexslider-1\" class=\"flexslider optionset-default flexslider-processed\">\n<p>&nbsp;<\/p>\n<\/div>\n<\/div>\n<\/div>\n<\/div>\n<div class=\"field field-name-body field-type-text-with-summary field-label-hidden\">\n<div class=\"field-items\">\n<div class=\"field-item even\">\n<p data-pm-slice=\"1 1 []\">Malas noticias para el Real Madrid en la antesala del tramo decisivo de la temporada. El club confirm\u00f3 este martes que Gabriel Deck fue operado de la cadera izquierda y no volver\u00e1 a jugar en lo que resta de la campa\u00f1a 2024-25. La intervenci\u00f3n se realiz\u00f3 bajo supervisi\u00f3n de los Servicios M\u00e9dicos del club y el argentino comenzar\u00e1 su recuperaci\u00f3n en los pr\u00f3ximos d\u00edas. La baja del santiague\u00f1o llega justo cuando los de Chus Mateo arrancan su camino en los playoffs de la Liga ACB, donde enfrentar\u00e1n a Baskonia en cuartos de final.<\/p>\n<p>El alero de 29 a\u00f1os no pisa el parqu\u00e9 desde el 29 de abril, en el tercer juego ante Olympiacos por los cuartos de la Euroliga. Su presente f\u00edsico est\u00e1 marcado por una larga cadena de lesiones: solo pudo disputar 47 partidos de los 77 posibles esta temporada, repartidos entre ACB, Euroliga y Copa del Rey. El origen de este \u00faltimo problema se remonta a diciembre de 2024, cuando en un cl\u00e1sico ante Barcelona sufri\u00f3 la rotura del tend\u00f3n conjunto de los isquiotibiales al realizar un mate. Aunque volvi\u00f3 brevemente a la acci\u00f3n, el dolor persistente lo llev\u00f3 finalmente al quir\u00f3fano.<\/p>\n<p>El historial reciente de Deck evidencia un desgaste importante. En mayo de 2023, sufri\u00f3 la ruptura del ligamento colateral interno de la rodilla izquierda frente a Partiz\u00e1n, y en 2024 repiti\u00f3 la lesi\u00f3n, pero en la otra rodilla. La seguidilla de dolencias impidi\u00f3 que recuperara el nivel que lo llev\u00f3 a ser uno de los alero m\u00e1s dominantes de Europa, incluso cuando el club blanco le renov<\/p>\n<\/div>\n<p><img loading=\"lazy\" decoding=\"async\" class=\"alignnone size-medium wp-image-20101\" src=\"https:\/\/www.sportchaco.com.ar\/wp-content\/uploads\/2025\/06\/320x50-1-300x47.gif\" alt=\"\" width=\"300\" height=\"47\" srcset=\"https:\/\/www.sportchaco.com.ar\/wp-content\/uploads\/2025\/06\/320x50-1-300x47.gif 300w, https:\/\/www.sportchaco.com.ar\/wp-content\/uploads\/2025\/06\/320x50-1-1024x160.gif 1024w, https:\/\/www.sportchaco.com.ar\/wp-content\/uploads\/2025\/06\/320x50-1-768x120.gif 768w\" sizes=\"auto, (max-width: 300px) 100vw, 300px\" \/><img loading=\"lazy\" decoding=\"async\" class=\"alignnone size-medium wp-image-19470\" src=\"https:\/\/www.sportchaco.com.ar\/wp-content\/uploads\/2025\/05\/Banners-ruta-13_1200x200-1-300x50.gif\" alt=\"\" width=\"300\" height=\"50\" srcset=\"https:\/\/www.sportchaco.com.ar\/wp-content\/uploads\/2025\/05\/Banners-ruta-13_1200x200-1-300x50.gif 300w, https:\/\/www.sportchaco.com.ar\/wp-content\/uploads\/2025\/05\/Banners-ruta-13_1200x200-1-1024x171.gif 1024w, https:\/\/www.sportchaco.com.ar\/wp-content\/uploads\/2025\/05\/Banners-ruta-13_1200x200-1-768x128.gif 768w, https:\/\/www.sportchaco.com.ar\/wp-content\/uploads\/2025\/05\/Banners-ruta-13_1200x200-1-1536x256.gif 1536w, https:\/\/www.sportchaco.com.ar\/wp-content\/uploads\/2025\/05\/Banners-ruta-13_1200x200-1-2048x342.gif 2048w\" sizes=\"auto, (max-width: 300px) 100vw, 300px\" \/><\/p>\n<\/div>\n<\/div>\n<\/div>\n<\/div>\n","protected":false},"excerpt":{"rendered":"<p>&nbsp; Real Madrida comunic\u00f3 que el argentino fue intervenido en la cadera izquierda y se perder\u00e1 el resto de la campa\u00f1a. Su \u00faltimo juego fue ante Olympiacos por Euroliga. &nbsp; Malas noticias para el Real Madrid en la antesala del tramo decisivo de la temporada. El club confirm\u00f3 este martes que Gabriel Deck fue operado &hellip;<\/p>\n","protected":false},"author":2,"featured_media":20098,"comment_status":"open","ping_status":"open","sticky":false,"template":"","format":"standard","meta":{"footnotes":""},"categories":[3],"tags":[],"class_list":["post-20097","post","type-post","status-publish","format-standard","has-post-thumbnail","hentry","category-basquetbol"],"_links":{"self":[{"href":"https:\/\/www.sportchaco.com.ar\/index.php?rest_route=\/wp\/v2\/posts\/20097","targetHints":{"allow":["GET"]}}],"collection":[{"href":"https:\/\/www.sportchaco.com.ar\/index.php?rest_route=\/wp\/v2\/posts"}],"about":[{"href":"https:\/\/www.sportchaco.com.ar\/index.php?rest_route=\/wp\/v2\/types\/post"}],"author":[{"embeddable":true,"href":"https:\/\/www.sportchaco.com.ar\/index.php?rest_route=\/wp\/v2\/users\/2"}],"replies":[{"embeddable":true,"href":"https:\/\/www.sportchaco.com.ar\/index.php?rest_route=%2Fwp%2Fv2%2Fcomments&post=20097"}],"version-history":[{"count":1,"href":"https:\/\/www.sportchaco.com.ar\/index.php?rest_route=\/wp\/v2\/posts\/20097\/revisions"}],"predecessor-version":[{"id":20102,"href":"https:\/\/www.sportchaco.com.ar\/index.php?rest_route=\/wp\/v2\/posts\/20097\/revisions\/20102"}],"wp:featuredmedia":[{"embeddable":true,"href":"https:\/\/www.sportchaco.com.ar\/index.php?rest_route=\/wp\/v2\/media\/20098"}],"wp:attachment":[{"href":"https:\/\/www.sportchaco.com.ar\/index.php?rest_route=%2Fwp%2Fv2%2Fmedia&parent=20097"}],"wp:term":[{"taxonomy":"category","embeddable":true,"href":"https:\/\/www.sportchaco.com.ar\/index.php?rest_route=%2Fwp%2Fv2%2Fcategories&post=20097"},{"taxonomy":"post_tag","embeddable":true,"href":"https:\/\/www.sportchaco.com.ar\/index.php?rest_route=%2Fwp%2Fv2%2Ftags&post=20097"}],"curies":[{"name":"wp","href":"https:\/\/api.w.org\/{rel}","templated":true}]}}