{"id":20112,"date":"2025-06-03T23:35:06","date_gmt":"2025-06-04T02:35:06","guid":{"rendered":"https:\/\/www.sportchaco.com.ar\/?p=20112"},"modified":"2025-06-04T12:34:40","modified_gmt":"2025-06-04T15:34:40","slug":"efemerides-del-4-de-junio","status":"publish","type":"post","link":"https:\/\/www.sportchaco.com.ar\/?p=20112","title":{"rendered":"Efem\u00e9rides del 4 de junio"},"content":{"rendered":"<h4><strong>Esta es la Efem\u00e9rides del Deporte en el Chaco de un 4 de junio del periodista Luis Dar\u00edo Molodezky.<\/strong><\/h4>\n<p>&nbsp;<\/p>\n<p style=\"text-align: center;\"><img loading=\"lazy\" decoding=\"async\" class=\"alignnone size-medium wp-image-19866\" src=\"https:\/\/www.sportchaco.com.ar\/wp-content\/uploads\/2025\/05\/Luis-Molodezky-2025-300x265.jpg\" alt=\"\" width=\"300\" height=\"265\" srcset=\"https:\/\/www.sportchaco.com.ar\/wp-content\/uploads\/2025\/05\/Luis-Molodezky-2025-300x265.jpg 300w, https:\/\/www.sportchaco.com.ar\/wp-content\/uploads\/2025\/05\/Luis-Molodezky-2025.jpg 715w\" sizes=\"auto, (max-width: 300px) 100vw, 300px\" \/><\/p>\n<p>&nbsp;<\/p>\n<p><strong>1983\u00a0<\/strong>\/ Con motivo de las inundaciones que azotan al Chaco, llegan a Resistencia para jugar en forma amistosa y a beneficio los equipos de River y V\u00e9lez. El primero empat\u00f3 con For Ever 0 a 0, y el segundo le gan\u00f3 a Sarmiento 1 a 0 con gol de Ischia. La gran figura fue el arquero millonario Ubaldo Fillol.<\/p>\n<p><strong>2006\u00a0<\/strong>\/ Fallece en Puerto Tirol, V\u00edctor Ces\u00e1reo Prieto (81 a\u00f1os), hombre que trabaj\u00f3, se dedic\u00f3 con entusiasmo y fervor, y dio muchos a\u00f1os de su vida para el crecimiento de Independiente. Se desempa\u00f1aba como masajista, era el \u201cmano santa\u201d de los planteles de las d\u00e9cadas del 50, 60 y parte del 70, a los que atend\u00eda siempre con buena predisposici\u00f3n y entusiasmo.<\/p>\n<p><strong>2006\u00a0<\/strong>\/ Carolina Bejarano, de Las Garcitas, se corona campeona nacional Juvenil Sub-20 en lanzamiento de la jabalina en el Campeonato Nacional con una marca de 39,89 m. En mayo hab\u00eda ganado la Copa Nacional de Clubes Sub-23 con r\u00e9cord provincial absoluto de 42,23 m. la atleta es entrenada por la profesora M\u00f3nica Chatich.<\/p>\n<p><strong>2006\u00a0<\/strong>\/ Con una gran jornada de ciclismo se impuso el nombre de Enrique Carlos\u00a0<em>Cacho\u00a0<\/em>G\u00f3mez al vel\u00f3dromo del Club Ciclista Centrochaque\u00f1o, concret\u00e1ndose as\u00ed un justo homenaje al firme impulsor de la pavimentaci\u00f3n del \u00f3valo Saenzpe\u00f1ense.<\/p>\n<p><strong>Foto portada: tapa de diario Norte en una atajada de Ubaldo Fillol a Carlos Carril<\/strong><\/p>\n<p>&nbsp;<\/p>\n<p style=\"text-align: center;\"><img loading=\"lazy\" decoding=\"async\" class=\"alignnone size-full wp-image-20169\" src=\"https:\/\/www.sportchaco.com.ar\/wp-content\/uploads\/2025\/06\/PARQUE-SOLAR_250x250-01.gif\" alt=\"\" width=\"300\" height=\"300\" \/><\/p>\n","protected":false},"excerpt":{"rendered":"<p>Esta es la Efem\u00e9rides del Deporte en el Chaco de un 4 de junio del periodista Luis Dar\u00edo Molodezky. &nbsp; &nbsp; 1983\u00a0\/ Con motivo de las inundaciones que azotan al Chaco, llegan a Resistencia para jugar en forma amistosa y a beneficio los equipos de River y V\u00e9lez. El primero empat\u00f3 con For Ever 0 &hellip;<\/p>\n","protected":false},"author":2,"featured_media":20118,"comment_status":"open","ping_status":"open","sticky":false,"template":"","format":"standard","meta":{"footnotes":""},"categories":[45,36],"tags":[],"class_list":["post-20112","post","type-post","status-publish","format-standard","has-post-thumbnail","hentry","category-efemerides-dia-por-dia","category-junio"],"_links":{"self":[{"href":"https:\/\/www.sportchaco.com.ar\/index.php?rest_route=\/wp\/v2\/posts\/20112","targetHints":{"allow":["GET"]}}],"collection":[{"href":"https:\/\/www.sportchaco.com.ar\/index.php?rest_route=\/wp\/v2\/posts"}],"about":[{"href":"https:\/\/www.sportchaco.com.ar\/index.php?rest_route=\/wp\/v2\/types\/post"}],"author":[{"embeddable":true,"href":"https:\/\/www.sportchaco.com.ar\/index.php?rest_route=\/wp\/v2\/users\/2"}],"replies":[{"embeddable":true,"href":"https:\/\/www.sportchaco.com.ar\/index.php?rest_route=%2Fwp%2Fv2%2Fcomments&post=20112"}],"version-history":[{"count":5,"href":"https:\/\/www.sportchaco.com.ar\/index.php?rest_route=\/wp\/v2\/posts\/20112\/revisions"}],"predecessor-version":[{"id":20170,"href":"https:\/\/www.sportchaco.com.ar\/index.php?rest_route=\/wp\/v2\/posts\/20112\/revisions\/20170"}],"wp:featuredmedia":[{"embeddable":true,"href":"https:\/\/www.sportchaco.com.ar\/index.php?rest_route=\/wp\/v2\/media\/20118"}],"wp:attachment":[{"href":"https:\/\/www.sportchaco.com.ar\/index.php?rest_route=%2Fwp%2Fv2%2Fmedia&parent=20112"}],"wp:term":[{"taxonomy":"category","embeddable":true,"href":"https:\/\/www.sportchaco.com.ar\/index.php?rest_route=%2Fwp%2Fv2%2Fcategories&post=20112"},{"taxonomy":"post_tag","embeddable":true,"href":"https:\/\/www.sportchaco.com.ar\/index.php?rest_route=%2Fwp%2Fv2%2Ftags&post=20112"}],"curies":[{"name":"wp","href":"https:\/\/api.w.org\/{rel}","templated":true}]}}