{"id":20138,"date":"2025-06-04T11:11:41","date_gmt":"2025-06-04T14:11:41","guid":{"rendered":"https:\/\/www.sportchaco.com.ar\/?p=20138"},"modified":"2025-06-04T12:41:07","modified_gmt":"2025-06-04T15:41:07","slug":"eduardo-japez-sera-el-nuevo-entrenador-de-villa","status":"publish","type":"post","link":"https:\/\/www.sportchaco.com.ar\/?p=20138","title":{"rendered":"Eduardo Japez ser\u00e1 el nuevo entrenador de Villa"},"content":{"rendered":"<p><strong>04-06-2025<\/strong><\/p>\n<p><img loading=\"lazy\" decoding=\"async\" class=\"aligncenter wp-image-20161 size-full\" src=\"https:\/\/www.sportchaco.com.ar\/wp-content\/uploads\/2025\/06\/BANNER-WEB-CHACO-JUEGA_720x90.gif\" alt=\"\" width=\"1501\" height=\"188\" \/><\/p>\n<p>Se confirm\u00f3 que Eduardo <em>Chiche<\/em> Japez es el nuevo Director T\u00e9cnico del plantel profesional de Villa San Mart\u00edn con vistas a la temporada 2025\/26 de La Liga Argentina.<\/p>\n<p>De reconocida y larga trayectoria no solo en \u00e9sta categor\u00eda sino tambi\u00e9n en la LNB, Japez reemplazar\u00e1 en el cargo a Carlos Gast\u00f3n Castro, el coach surgido de la misma cantera\u00a0<em>tricolor<\/em>\u00a0y que estuviera al frente del equipo hasta la pasada temporada alcanzando muy buenos resultados a lo largo de la d\u00e9cada como aqu\u00e9l frustrado \u201c1\u2033 cuando el torneo debi\u00f3 interrumpirse por la Pandemia del COVID.<span id=\"more-28772\"><\/span><\/p>\n<p><img loading=\"lazy\" decoding=\"async\" class=\"aligncenter wp-image-20152\" src=\"https:\/\/www.sportchaco.com.ar\/wp-content\/uploads\/2025\/06\/japez1-169x300.jpg\" alt=\"\" width=\"282\" height=\"501\" srcset=\"https:\/\/www.sportchaco.com.ar\/wp-content\/uploads\/2025\/06\/japez1-169x300.jpg 169w, https:\/\/www.sportchaco.com.ar\/wp-content\/uploads\/2025\/06\/japez1-576x1024.jpg 576w, https:\/\/www.sportchaco.com.ar\/wp-content\/uploads\/2025\/06\/japez1-768x1365.jpg 768w, https:\/\/www.sportchaco.com.ar\/wp-content\/uploads\/2025\/06\/japez1-864x1536.jpg 864w, https:\/\/www.sportchaco.com.ar\/wp-content\/uploads\/2025\/06\/japez1-1152x2048.jpg 1152w, https:\/\/www.sportchaco.com.ar\/wp-content\/uploads\/2025\/06\/japez1-scaled.jpg 1440w\" sizes=\"auto, (max-width: 282px) 100vw, 282px\" \/><\/p>\n<p>Trabaj\u00f3 como Director T\u00e9cnico Asociado en Piratas Bogot\u00e1 de Colombia. En la reciente temporada de La Liga Argentina dirigi\u00f3 a Hispano Americano.<\/p>\n<p>El flamante coach ser\u00e1 presentado en el transcurso de la semana. Por otra parte, de Villa San Mart\u00edn agradecieron lo realizado por c<\/p>\n<p>Castro a quien reconocieron el profesionalismo y esfuerzo demostrado a lo largo de su paso a cargo del plantel profesional del <em>Tricolor. <\/em><\/p>\n<p><strong><em>Fuente: Superbasquet<\/em><\/strong><\/p>\n<p>&nbsp;<\/p>\n<p style=\"text-align: center;\"><img loading=\"lazy\" decoding=\"async\" class=\"aligncenter wp-image-20162 size-full\" src=\"https:\/\/www.sportchaco.com.ar\/wp-content\/uploads\/2025\/06\/BANNER-WEB-CHACO-JUEGA_200x200.gif\" alt=\"\" width=\"418\" height=\"417\" \/><\/p>\n","protected":false},"excerpt":{"rendered":"<p>04-06-2025 Se confirm\u00f3 que Eduardo Chiche Japez es el nuevo Director T\u00e9cnico del plantel profesional de Villa San Mart\u00edn con vistas a la temporada 2025\/26 de La Liga Argentina. De reconocida y larga trayectoria no solo en \u00e9sta categor\u00eda sino tambi\u00e9n en la LNB, Japez reemplazar\u00e1 en el cargo a Carlos Gast\u00f3n Castro, el coach &hellip;<\/p>\n","protected":false},"author":2,"featured_media":20140,"comment_status":"open","ping_status":"open","sticky":false,"template":"","format":"standard","meta":{"footnotes":""},"categories":[3],"tags":[],"class_list":["post-20138","post","type-post","status-publish","format-standard","has-post-thumbnail","hentry","category-basquetbol"],"_links":{"self":[{"href":"https:\/\/www.sportchaco.com.ar\/index.php?rest_route=\/wp\/v2\/posts\/20138","targetHints":{"allow":["GET"]}}],"collection":[{"href":"https:\/\/www.sportchaco.com.ar\/index.php?rest_route=\/wp\/v2\/posts"}],"about":[{"href":"https:\/\/www.sportchaco.com.ar\/index.php?rest_route=\/wp\/v2\/types\/post"}],"author":[{"embeddable":true,"href":"https:\/\/www.sportchaco.com.ar\/index.php?rest_route=\/wp\/v2\/users\/2"}],"replies":[{"embeddable":true,"href":"https:\/\/www.sportchaco.com.ar\/index.php?rest_route=%2Fwp%2Fv2%2Fcomments&post=20138"}],"version-history":[{"count":7,"href":"https:\/\/www.sportchaco.com.ar\/index.php?rest_route=\/wp\/v2\/posts\/20138\/revisions"}],"predecessor-version":[{"id":20171,"href":"https:\/\/www.sportchaco.com.ar\/index.php?rest_route=\/wp\/v2\/posts\/20138\/revisions\/20171"}],"wp:featuredmedia":[{"embeddable":true,"href":"https:\/\/www.sportchaco.com.ar\/index.php?rest_route=\/wp\/v2\/media\/20140"}],"wp:attachment":[{"href":"https:\/\/www.sportchaco.com.ar\/index.php?rest_route=%2Fwp%2Fv2%2Fmedia&parent=20138"}],"wp:term":[{"taxonomy":"category","embeddable":true,"href":"https:\/\/www.sportchaco.com.ar\/index.php?rest_route=%2Fwp%2Fv2%2Fcategories&post=20138"},{"taxonomy":"post_tag","embeddable":true,"href":"https:\/\/www.sportchaco.com.ar\/index.php?rest_route=%2Fwp%2Fv2%2Ftags&post=20138"}],"curies":[{"name":"wp","href":"https:\/\/api.w.org\/{rel}","templated":true}]}}