{"id":20212,"date":"2025-06-05T18:20:39","date_gmt":"2025-06-05T21:20:39","guid":{"rendered":"https:\/\/www.sportchaco.com.ar\/?p=20212"},"modified":"2025-06-05T18:20:39","modified_gmt":"2025-06-05T21:20:39","slug":"san-fernando-tercero-en-la-liga-nacional","status":"publish","type":"post","link":"https:\/\/www.sportchaco.com.ar\/?p=20212","title":{"rendered":"San Fernando tercero en la Liga Nacional"},"content":{"rendered":"<p><strong>05-06-2025<\/strong><\/p>\n<p><img loading=\"lazy\" decoding=\"async\" class=\"aligncenter wp-image-19472 size-full\" src=\"https:\/\/www.sportchaco.com.ar\/wp-content\/uploads\/2025\/05\/Red-de-empeleos-1200x200-1.gif\" alt=\"\" width=\"2501\" height=\"417\" \/><\/p>\n<p>En Mendoza, desde el 29 de mayo hasta el 1 de junio, el equipo de \u00abcaballeros\u00bb de la categor\u00eda Primera de hockey del club San Fernando, particip\u00f3 del certamen \u00abLiga Nacional\u00bb, dejando una gran performance con el tercer puesto y por supuesto posicionando a esta disciplina en el podio de los planos provinciales y nacionales, a su vez demostrando un gran crecimiento institucional y deportivo.<\/p>\n<p>\u00abEste logro es algo impensado para el hockey chaque\u00f1o y del norte argentino\u00bb, teniendo la posibilidad de jugar contra los mejores equipos del pa\u00eds; qued\u00f3 demostrado el potencial y trabajo con el que cuenta San Fernando\u00bb, celebr\u00f3 el secretario general y referente del hockey en la instituci\u00f3n \u00absanta\u00bb, Pablo Cividini.<\/p>\n<figure class=\"wp-block-image size-large\"><a href=\"https:\/\/baskettotal.com.ar\/wp-content\/uploads\/2025\/06\/San-Fernando-hockey-2.jpg\"><img loading=\"lazy\" decoding=\"async\" class=\"lazy wp-image-27525 lazy-loaded\" src=\"https:\/\/baskettotal.com.ar\/wp-content\/uploads\/2025\/06\/San-Fernando-hockey-2-1024x741.jpg\" sizes=\"auto, (max-width: 1024px) 100vw, 1024px\" srcset=\"https:\/\/baskettotal.com.ar\/wp-content\/uploads\/2025\/06\/San-Fernando-hockey-2-1024x741.jpg 1024w, https:\/\/baskettotal.com.ar\/wp-content\/uploads\/2025\/06\/San-Fernando-hockey-2-300x217.jpg 300w, https:\/\/baskettotal.com.ar\/wp-content\/uploads\/2025\/06\/San-Fernando-hockey-2-768x556.jpg 768w, https:\/\/baskettotal.com.ar\/wp-content\/uploads\/2025\/06\/San-Fernando-hockey-2.jpg 1040w\" alt=\"\" width=\"1024\" height=\"741\" data-lazy-type=\"image\" data-lazy-src=\"https:\/\/baskettotal.com.ar\/wp-content\/uploads\/2025\/06\/San-Fernando-hockey-2-1024x741.jpg\" data-lazy-srcset=\"https:\/\/baskettotal.com.ar\/wp-content\/uploads\/2025\/06\/San-Fernando-hockey-2-1024x741.jpg 1024w, https:\/\/baskettotal.com.ar\/wp-content\/uploads\/2025\/06\/San-Fernando-hockey-2-300x217.jpg 300w, https:\/\/baskettotal.com.ar\/wp-content\/uploads\/2025\/06\/San-Fernando-hockey-2-768x556.jpg 768w, https:\/\/baskettotal.com.ar\/wp-content\/uploads\/2025\/06\/San-Fernando-hockey-2.jpg 1040w\" data-lazy-sizes=\"(max-width: 1024px) 100vw, 1024px\" \/><\/a><\/figure>\n<p>Durante este certamen, el campe\u00f3n fue el equipo de Lasalle de C\u00f3rdoba, quien venci\u00f3 en la final a San Mart\u00edn de Tucum\u00e1n. San Fernando de Resistencia (Chaco) finaliz\u00f3 tercero tras superar a Mar del Plata. Vale remarcar que estos tipos de cert\u00e1menes \u00e9lite, cont\u00f3 con equipos que ya juegan en cancha sint\u00e9tica de agua, un privilegio para la disciplina.<\/p>\n<p>Desde el club atl\u00e9tico San Fernando, se hace extensivo el agradecimiento al\u00a0 Gobierno del Chaco y al gobernador Leandro Zdero, al Instituto del Deportes y a su presidente Fabio V\u00e1zquez, y comisi\u00f3n directiva de la instituci\u00f3n presidida por \u00abChito\u00bb Sol\u00eds, por aunar criterios y esfuerzos para que este viaje y participaci\u00f3n del equipo masculino de Primera, con grandes resultados, sea un verdadero \u00e9xito.<\/p>\n<p><img loading=\"lazy\" decoding=\"async\" class=\"aligncenter wp-image-20169 \" src=\"https:\/\/www.sportchaco.com.ar\/wp-content\/uploads\/2025\/06\/PARQUE-SOLAR_250x250-01.gif\" alt=\"\" width=\"320\" height=\"320\" \/><\/p>\n","protected":false},"excerpt":{"rendered":"<p>05-06-2025 En Mendoza, desde el 29 de mayo hasta el 1 de junio, el equipo de \u00abcaballeros\u00bb de la categor\u00eda Primera de hockey del club San Fernando, particip\u00f3 del certamen \u00abLiga Nacional\u00bb, dejando una gran performance con el tercer puesto y por supuesto posicionando a esta disciplina en el podio de los planos provinciales y &hellip;<\/p>\n","protected":false},"author":3,"featured_media":20214,"comment_status":"open","ping_status":"open","sticky":false,"template":"","format":"standard","meta":{"footnotes":""},"categories":[58],"tags":[],"class_list":["post-20212","post","type-post","status-publish","format-standard","has-post-thumbnail","hentry","category-hockey"],"_links":{"self":[{"href":"https:\/\/www.sportchaco.com.ar\/index.php?rest_route=\/wp\/v2\/posts\/20212","targetHints":{"allow":["GET"]}}],"collection":[{"href":"https:\/\/www.sportchaco.com.ar\/index.php?rest_route=\/wp\/v2\/posts"}],"about":[{"href":"https:\/\/www.sportchaco.com.ar\/index.php?rest_route=\/wp\/v2\/types\/post"}],"author":[{"embeddable":true,"href":"https:\/\/www.sportchaco.com.ar\/index.php?rest_route=\/wp\/v2\/users\/3"}],"replies":[{"embeddable":true,"href":"https:\/\/www.sportchaco.com.ar\/index.php?rest_route=%2Fwp%2Fv2%2Fcomments&post=20212"}],"version-history":[{"count":1,"href":"https:\/\/www.sportchaco.com.ar\/index.php?rest_route=\/wp\/v2\/posts\/20212\/revisions"}],"predecessor-version":[{"id":20215,"href":"https:\/\/www.sportchaco.com.ar\/index.php?rest_route=\/wp\/v2\/posts\/20212\/revisions\/20215"}],"wp:featuredmedia":[{"embeddable":true,"href":"https:\/\/www.sportchaco.com.ar\/index.php?rest_route=\/wp\/v2\/media\/20214"}],"wp:attachment":[{"href":"https:\/\/www.sportchaco.com.ar\/index.php?rest_route=%2Fwp%2Fv2%2Fmedia&parent=20212"}],"wp:term":[{"taxonomy":"category","embeddable":true,"href":"https:\/\/www.sportchaco.com.ar\/index.php?rest_route=%2Fwp%2Fv2%2Fcategories&post=20212"},{"taxonomy":"post_tag","embeddable":true,"href":"https:\/\/www.sportchaco.com.ar\/index.php?rest_route=%2Fwp%2Fv2%2Ftags&post=20212"}],"curies":[{"name":"wp","href":"https:\/\/api.w.org\/{rel}","templated":true}]}}