{"id":20223,"date":"2025-06-05T18:42:11","date_gmt":"2025-06-05T21:42:11","guid":{"rendered":"https:\/\/www.sportchaco.com.ar\/?p=20223"},"modified":"2025-06-05T18:42:11","modified_gmt":"2025-06-05T21:42:11","slug":"el-femenino-de-cultural-volvio-a-la-competencia-local-y-provincial","status":"publish","type":"post","link":"https:\/\/www.sportchaco.com.ar\/?p=20223","title":{"rendered":"El femenino de Cultural volvi\u00f3 a la competencia local y provincial"},"content":{"rendered":"<p><strong>05-06-2025<\/strong><\/p>\n<p><img loading=\"lazy\" decoding=\"async\" class=\"aligncenter wp-image-20161 size-full\" src=\"https:\/\/www.sportchaco.com.ar\/wp-content\/uploads\/2025\/06\/BANNER-WEB-CHACO-JUEGA_720x90.gif\" alt=\"\" width=\"1501\" height=\"188\" \/><\/p>\n<p>Tras 10 a\u00f1os, el b\u00e1squet femenino de Cultural de Santa Sylvina volvi\u00f3 a decir presente en los planos locales y nacionales, tanto en las categor\u00edas U13, U15 y U17<\/p>\n<p>\u00abDesde el club Cultural buscamos dar la oportunidad en todo lo que se necesite para fomentar el b\u00e1squet femenino; donde luego de mucho tiempo la rama femenina vuelve a estar en nuestra instituci\u00f3n\u00bb, expres\u00f3 el presidente Javier Ayala.<\/p>\n<p>El b\u00e1squet femenino de Cultural, por las categor\u00edas U13 mixto, U15 y U17, tiene como entrenadora a la profesora Giuliana Britto. Los d\u00edas y horarios son los siguientes: Lunes, mi\u00e9rcoles y viernes a las 18, 30 horas (U13 mixto); martes y jueves U15 y U17 a las 19, 30 horas.<\/p>\n<p>Este trabajo social\u2013deportivo de Cultural de Santa Sylvina, con resultados a la vista de todos, son fruto del trabajo permanente de la actual comisi\u00f3n directiva, empresas colaboradoras, el Gobierno provincial a trav\u00e9s de sus distintos entes y la Municipalidad de Santa Sylvina conducida por su intendente Susana Maggio; entre todos aportan un granito de arena para que la instituci\u00f3n sylvinense pueda decir presente en todo el b\u00e1squet local y provincial, en todas las categor\u00edas y ahora en ambas ramas.<\/p>\n<p><img loading=\"lazy\" decoding=\"async\" class=\"aligncenter wp-image-20217 size-full\" src=\"https:\/\/www.sportchaco.com.ar\/wp-content\/uploads\/2025\/06\/300x250-1.gif\" alt=\"\" width=\"626\" height=\"522\" \/><\/p>\n","protected":false},"excerpt":{"rendered":"<p>05-06-2025 Tras 10 a\u00f1os, el b\u00e1squet femenino de Cultural de Santa Sylvina volvi\u00f3 a decir presente en los planos locales y nacionales, tanto en las categor\u00edas U13, U15 y U17 \u00abDesde el club Cultural buscamos dar la oportunidad en todo lo que se necesite para fomentar el b\u00e1squet femenino; donde luego de mucho tiempo la &hellip;<\/p>\n","protected":false},"author":3,"featured_media":20209,"comment_status":"open","ping_status":"open","sticky":false,"template":"","format":"standard","meta":{"footnotes":""},"categories":[3],"tags":[],"class_list":["post-20223","post","type-post","status-publish","format-standard","has-post-thumbnail","hentry","category-basquetbol"],"_links":{"self":[{"href":"https:\/\/www.sportchaco.com.ar\/index.php?rest_route=\/wp\/v2\/posts\/20223","targetHints":{"allow":["GET"]}}],"collection":[{"href":"https:\/\/www.sportchaco.com.ar\/index.php?rest_route=\/wp\/v2\/posts"}],"about":[{"href":"https:\/\/www.sportchaco.com.ar\/index.php?rest_route=\/wp\/v2\/types\/post"}],"author":[{"embeddable":true,"href":"https:\/\/www.sportchaco.com.ar\/index.php?rest_route=\/wp\/v2\/users\/3"}],"replies":[{"embeddable":true,"href":"https:\/\/www.sportchaco.com.ar\/index.php?rest_route=%2Fwp%2Fv2%2Fcomments&post=20223"}],"version-history":[{"count":1,"href":"https:\/\/www.sportchaco.com.ar\/index.php?rest_route=\/wp\/v2\/posts\/20223\/revisions"}],"predecessor-version":[{"id":20224,"href":"https:\/\/www.sportchaco.com.ar\/index.php?rest_route=\/wp\/v2\/posts\/20223\/revisions\/20224"}],"wp:featuredmedia":[{"embeddable":true,"href":"https:\/\/www.sportchaco.com.ar\/index.php?rest_route=\/wp\/v2\/media\/20209"}],"wp:attachment":[{"href":"https:\/\/www.sportchaco.com.ar\/index.php?rest_route=%2Fwp%2Fv2%2Fmedia&parent=20223"}],"wp:term":[{"taxonomy":"category","embeddable":true,"href":"https:\/\/www.sportchaco.com.ar\/index.php?rest_route=%2Fwp%2Fv2%2Fcategories&post=20223"},{"taxonomy":"post_tag","embeddable":true,"href":"https:\/\/www.sportchaco.com.ar\/index.php?rest_route=%2Fwp%2Fv2%2Ftags&post=20223"}],"curies":[{"name":"wp","href":"https:\/\/api.w.org\/{rel}","templated":true}]}}