{"id":20267,"date":"2025-06-06T15:19:45","date_gmt":"2025-06-06T18:19:45","guid":{"rendered":"https:\/\/www.sportchaco.com.ar\/?p=20267"},"modified":"2025-06-06T15:19:45","modified_gmt":"2025-06-06T18:19:45","slug":"eduardo-japez-fue-presentado-en-villa-san-martin","status":"publish","type":"post","link":"https:\/\/www.sportchaco.com.ar\/?p=20267","title":{"rendered":"Eduardo Japez fue presentado en Villa San Mart\u00edn"},"content":{"rendered":"<p><strong>06-06-2025<\/strong><\/p>\n<p><img loading=\"lazy\" decoding=\"async\" class=\"aligncenter wp-image-20253 size-full\" src=\"https:\/\/www.sportchaco.com.ar\/wp-content\/uploads\/2025\/06\/Campo-720x90-13.gif\" alt=\"\" width=\"1500\" height=\"188\" \/><\/p>\n<p>En conferencia de prensa, Villa San Mart\u00edn present\u00f3 a Eduardo \u00abChiche\u00bb Japez como flamante entrenador del equipo en lo que ser\u00e1 la temporada 2025\/26 de La Liga Argentina de B\u00e1squet. Asimismo, el experimentado entrenador tendr\u00e1 mucha incidencia en la estructura y armado de las categor\u00edas formativas de la instituci\u00f3n, que sin dudas son de jerarqu\u00eda.<\/p>\n<p>\u00abEl entrenador Japez se amolda a lo que pretendemos, tiene la filosof\u00eda que nosotros inculcamos a los jugadores, que es no entregarse nunca, no negociar la actitud dentro del campo y la verdad que nos da un salto de calidad\u00bb, fueron las primeras palabras del presidente de Villa San Mart\u00edn, Ricardo Siri, quien en esta apertura estuvo acompa\u00f1ado por el vicepresidente Mart\u00edn P\u00e9rez Bataglia y obviamente el nuevo entrenador.<\/p>\n<p>Asimismo, Siri ratific\u00f3 estar \u00abconvencido del trabajo que se viene haciendo desde hace 9 temporadas, con esta 10, ahora con un entrenador como Japez que tiene una trayectoria y un curr\u00edculum importante en combinados nacionales y Liga Nacional\u00bb.<\/p>\n<figure class=\"wp-block-image size-large\"><a href=\"https:\/\/baskettotal.com.ar\/wp-content\/uploads\/2025\/06\/1000446870.jpg\"><img loading=\"lazy\" decoding=\"async\" class=\"lazy wp-image-27550 lazy-loaded\" src=\"https:\/\/baskettotal.com.ar\/wp-content\/uploads\/2025\/06\/1000446870-1024x682.jpg\" sizes=\"auto, (max-width: 1024px) 100vw, 1024px\" srcset=\"https:\/\/baskettotal.com.ar\/wp-content\/uploads\/2025\/06\/1000446870-1024x682.jpg 1024w, https:\/\/baskettotal.com.ar\/wp-content\/uploads\/2025\/06\/1000446870-300x200.jpg 300w, https:\/\/baskettotal.com.ar\/wp-content\/uploads\/2025\/06\/1000446870-768x512.jpg 768w, https:\/\/baskettotal.com.ar\/wp-content\/uploads\/2025\/06\/1000446870.jpg 1040w\" alt=\"\" width=\"1024\" height=\"682\" data-lazy-type=\"image\" data-lazy-src=\"https:\/\/baskettotal.com.ar\/wp-content\/uploads\/2025\/06\/1000446870-1024x682.jpg\" data-lazy-srcset=\"https:\/\/baskettotal.com.ar\/wp-content\/uploads\/2025\/06\/1000446870-1024x682.jpg 1024w, https:\/\/baskettotal.com.ar\/wp-content\/uploads\/2025\/06\/1000446870-300x200.jpg 300w, https:\/\/baskettotal.com.ar\/wp-content\/uploads\/2025\/06\/1000446870-768x512.jpg 768w, https:\/\/baskettotal.com.ar\/wp-content\/uploads\/2025\/06\/1000446870.jpg 1040w\" data-lazy-sizes=\"(max-width: 1024px) 100vw, 1024px\" \/><\/a><\/figure>\n<p>\u00abTrabajaremos en potenciar las categor\u00edas formativas y geerar jugadores como lo venimos haciendo hace muchos a\u00f1os\u00bb, finaliz\u00f3 el titular de la instituci\u00f3n Tricolor, \u00fanica representante chaque\u00f1a en esta categor\u00eda.<\/p>\n<p>\u00ab<strong>Es una apuesta muy linda\u00bb<\/strong><br \/>\nPor su parte, el flamante entrenador de Villa San Mart\u00edn en la temporada 24 \/ 25 de la Liga Argentina, Eduado \u00abChiche\u00bb Japez, se mostr\u00f3 \u00abagradecido con la instituci\u00f3n, comisi\u00f3n directiva y por supuesto vale mencionar y resaltar a un proyecto que se desarroll\u00f3 durante 9 temporadas, adem\u00e1s de felicitar a ese cuerpo t\u00e9cnico por lo que logr\u00f3 Villa San Mart\u00edn; es una apuesta muy linda la de esta temporada\u00bb.<\/p>\n<p>Japez tiene una larga trayectoria como entrenador, con experiencias tiene por Argentino de Jun\u00edn, tambi\u00e9n dirigi\u00f3 en la m\u00e1xima categor\u00eda en La Uni\u00f3n de Formosa y form\u00f3 parte del staff de selecciones formativas de varones siendo el entrenador principal en varias competencias. En la \u00faltima temporada fue entrenador de Comunicaciones de Mercedes (Corrientes).<\/p>\n<figure class=\"wp-block-image size-large\"><a href=\"https:\/\/baskettotal.com.ar\/wp-content\/uploads\/2025\/06\/1000446873.jpg\"><img loading=\"lazy\" decoding=\"async\" class=\"lazy wp-image-27551 lazy-loaded\" src=\"https:\/\/baskettotal.com.ar\/wp-content\/uploads\/2025\/06\/1000446873-1024x682.jpg\" sizes=\"auto, (max-width: 1024px) 100vw, 1024px\" srcset=\"https:\/\/baskettotal.com.ar\/wp-content\/uploads\/2025\/06\/1000446873-1024x682.jpg 1024w, https:\/\/baskettotal.com.ar\/wp-content\/uploads\/2025\/06\/1000446873-300x200.jpg 300w, https:\/\/baskettotal.com.ar\/wp-content\/uploads\/2025\/06\/1000446873-768x512.jpg 768w, https:\/\/baskettotal.com.ar\/wp-content\/uploads\/2025\/06\/1000446873.jpg 1040w\" alt=\"\" width=\"1024\" height=\"682\" data-lazy-type=\"image\" data-lazy-src=\"https:\/\/baskettotal.com.ar\/wp-content\/uploads\/2025\/06\/1000446873-1024x682.jpg\" data-lazy-srcset=\"https:\/\/baskettotal.com.ar\/wp-content\/uploads\/2025\/06\/1000446873-1024x682.jpg 1024w, https:\/\/baskettotal.com.ar\/wp-content\/uploads\/2025\/06\/1000446873-300x200.jpg 300w, https:\/\/baskettotal.com.ar\/wp-content\/uploads\/2025\/06\/1000446873-768x512.jpg 768w, https:\/\/baskettotal.com.ar\/wp-content\/uploads\/2025\/06\/1000446873.jpg 1040w\" data-lazy-sizes=\"(max-width: 1024px) 100vw, 1024px\" \/><\/a><\/figure>\n<p>\u00abVamos a seguir potenciando a los entrenadores de la instituci\u00f3n y me parece que vamos por ese camino, y para m\u00ed va a ser un desaf\u00edo trabajar este a\u00f1o, por lo que vamos a seguir y ratificar trabajar con entrenadores del club\u201d dej\u00f3 en claro .<\/p>\n<p>\u201cLa idea es mantener una estructura, considero que hay jugadores de suma importancia; hoy hablar de nombres propios es muy temprano\u201d, dej\u00f3 en claro.<\/p>\n<p>Adem\u00e1s, J\u00e1pez confirm\u00f3 mantener el esquema de trabajo, remarcando \u201cla psicolog\u00eda deportiva es un gran aporte, estuvimos hablando y es un pedido de continuidad, dentro de lo que uno pretende, en tanto que en la parte nutriconal tambi\u00e9n ya est\u00e1 incorporado; son herramientas y ayudas necesarias para todos\u201d.<\/p>\n<p>\u201cPr\u00f3ximamente se van a conocer nombres en la conformaci\u00f3n del staff de entrenadores, me parece que no va a haber grandes novedades, pero si incorporaciones\u201d, finaliz\u00f3.<\/p>\n<p><em><strong>Foto portada: Gentileza Marcelo Gauna<br \/>\n<\/strong><\/em><em><strong>Foto texto: Soledad Mordacini (Villa San Mart\u00edn)<\/strong><\/em><\/p>\n<p><img loading=\"lazy\" decoding=\"async\" class=\"aligncenter wp-image-20254 \" src=\"https:\/\/www.sportchaco.com.ar\/wp-content\/uploads\/2025\/06\/Campo-200x200-03.gif\" alt=\"\" width=\"455\" height=\"455\" \/><\/p>\n","protected":false},"excerpt":{"rendered":"<p>06-06-2025 En conferencia de prensa, Villa San Mart\u00edn present\u00f3 a Eduardo \u00abChiche\u00bb Japez como flamante entrenador del equipo en lo que ser\u00e1 la temporada 2025\/26 de La Liga Argentina de B\u00e1squet. Asimismo, el experimentado entrenador tendr\u00e1 mucha incidencia en la estructura y armado de las categor\u00edas formativas de la instituci\u00f3n, que sin dudas son de &hellip;<\/p>\n","protected":false},"author":3,"featured_media":20268,"comment_status":"open","ping_status":"open","sticky":false,"template":"","format":"standard","meta":{"footnotes":""},"categories":[3],"tags":[],"class_list":["post-20267","post","type-post","status-publish","format-standard","has-post-thumbnail","hentry","category-basquetbol"],"_links":{"self":[{"href":"https:\/\/www.sportchaco.com.ar\/index.php?rest_route=\/wp\/v2\/posts\/20267","targetHints":{"allow":["GET"]}}],"collection":[{"href":"https:\/\/www.sportchaco.com.ar\/index.php?rest_route=\/wp\/v2\/posts"}],"about":[{"href":"https:\/\/www.sportchaco.com.ar\/index.php?rest_route=\/wp\/v2\/types\/post"}],"author":[{"embeddable":true,"href":"https:\/\/www.sportchaco.com.ar\/index.php?rest_route=\/wp\/v2\/users\/3"}],"replies":[{"embeddable":true,"href":"https:\/\/www.sportchaco.com.ar\/index.php?rest_route=%2Fwp%2Fv2%2Fcomments&post=20267"}],"version-history":[{"count":1,"href":"https:\/\/www.sportchaco.com.ar\/index.php?rest_route=\/wp\/v2\/posts\/20267\/revisions"}],"predecessor-version":[{"id":20269,"href":"https:\/\/www.sportchaco.com.ar\/index.php?rest_route=\/wp\/v2\/posts\/20267\/revisions\/20269"}],"wp:featuredmedia":[{"embeddable":true,"href":"https:\/\/www.sportchaco.com.ar\/index.php?rest_route=\/wp\/v2\/media\/20268"}],"wp:attachment":[{"href":"https:\/\/www.sportchaco.com.ar\/index.php?rest_route=%2Fwp%2Fv2%2Fmedia&parent=20267"}],"wp:term":[{"taxonomy":"category","embeddable":true,"href":"https:\/\/www.sportchaco.com.ar\/index.php?rest_route=%2Fwp%2Fv2%2Fcategories&post=20267"},{"taxonomy":"post_tag","embeddable":true,"href":"https:\/\/www.sportchaco.com.ar\/index.php?rest_route=%2Fwp%2Fv2%2Ftags&post=20267"}],"curies":[{"name":"wp","href":"https:\/\/api.w.org\/{rel}","templated":true}]}}