{"id":20331,"date":"2025-06-07T23:54:25","date_gmt":"2025-06-08T02:54:25","guid":{"rendered":"https:\/\/www.sportchaco.com.ar\/?p=20331"},"modified":"2025-06-07T23:55:21","modified_gmt":"2025-06-08T02:55:21","slug":"eleuterio-schvemler-gloria-del-automovilismo-chaqueno","status":"publish","type":"post","link":"https:\/\/www.sportchaco.com.ar\/?p=20331","title":{"rendered":"Eleuterio Schvemler, gloria del automovilismo chaque\u00f1o."},"content":{"rendered":"<div class=\"html-div xdj266r x14z9mp xat24cr x1lziwak xexx8yu xyri2b x18d9i69 x1c1uobl\">\n<div class=\"html-div xdj266r x14z9mp xat24cr x1lziwak xexx8yu xyri2b x18d9i69 x1c1uobl\" dir=\"auto\">\n<div class=\"html-div xdj266r x14z9mp xat24cr x1lziwak xexx8yu xyri2b x18d9i69 x1c1uobl\" data-ad-rendering-role=\"story_message\">\n<div id=\"_r_7m_\" class=\"x1l90r2v x1iorvi4 x1g0dm76 xpdmqnj\" data-ad-comet-preview=\"message\" data-ad-preview=\"message\">\n<div class=\"x78zum5 xdt5ytf xz62fqu x16ldp7u\">\n<div class=\"xu06os2 x1ok221b\">\n<div class=\"html-div xdj266r x14z9mp xat24cr x1lziwak xexx8yu xyri2b x18d9i69 x1c1uobl\">\n<div class=\"xdj266r x14z9mp xat24cr x1lziwak x1vvkbs x126k92a\">\n<div dir=\"auto\"><\/div>\n<\/div>\n<div class=\"x14z9mp xat24cr x1lziwak x1vvkbs xtlvy1s x126k92a\">\n<div dir=\"auto\"><strong>Eleuterio Schvemler, Gloria del automovilismo chaque\u00f1o. Cuando el Turismo Carretera recorr\u00eda los polvorientos caminos del Chaco en las d\u00e9cadas 50 y 60 entre tantos automovilistas se destacaba uno. Eleuterio Schvemler, hab\u00eda nacido el 22 de junio de 1915, en El Salto, Diamante (Entre R\u00edos).<\/strong><\/div>\n<div dir=\"auto\">Por Roli P\u00e9rez Beveraggi)<\/div>\n<div dir=\"auto\"><\/div>\n<div dir=\"auto\"><\/div>\n<div dir=\"auto\">Pero chaque\u00f1o por adopci\u00f3n. En el a\u00f1o 1935 llego a Barranqueras y trabajo como Transportista, llego a tener una cantidad interesante de camiones y autos de alquiler.<\/div>\n<div dir=\"auto\"><\/div>\n<div dir=\"auto\">Motivado por el auge del automovilismo en el Chaco y en el pa\u00eds decide formar parte de \u00e9l. Nombres ilustres del automovilismo chaque\u00f1o conformaron un lote importante recorriendo los caminos de la Argentina como: Eduardo Orcola, los Saenzpe\u00f1enses Boris Afanansenko y Carlos Rath, El villangelense Eduardo \u201cLolo\u201d Carauni, Santiago \u201cYaco\u201d Guarnieri, Juan Bondoni, Luis Chera, Carlos Solveyra Tomkinson, fallecido fatalmente en la prueba de clasificaci\u00f3n de una Vuelta del Chaco en 1949, en el Parque 2 de Febrero.<\/div>\n<div dir=\"auto\"><\/div>\n<div dir=\"auto\">Como Hugo Mosser y Daniel Boitenko. Eleuterio Schvemler debuta en marzo de 1948 en una carrera de turismo carretera, regional organizada por el Autom\u00f3vil Club Posadas, denominada Gran Premio del Nordeste Argentino, su recorrido era Posadas-Corrientes-Posadas, por el viejo trazado de la Ruta nacional N\u00ba 12. Su debut no pudo ser m\u00e1s auspicioso, fue con triunfo a bordo de un Plymouth, que recorr\u00eda las calles de Resistencia como auto de alquiler, con el acompa\u00f1amiento de Santiago \u201cYaco\u201d Guarnieri.<\/div>\n<div dir=\"auto\"><\/div>\n<div dir=\"auto\">La primera etapa entre Posadas y Corrientes, con llegada en la Av. Centenario, frente al Hipodromo, fue ganada por Eleuterio Schvemler. En medio de una multitud al d\u00eda siguiente partieron hacia Posadas donde finalizaba la carrera, partiendo en primera fila Don Eleuterio, quien a la postre resulto ganador de la misma, llegando primero al banderazo final.<\/div>\n<div dir=\"auto\"><img loading=\"lazy\" decoding=\"async\" class=\"alignnone size-medium wp-image-20333 aligncenter\" src=\"https:\/\/www.sportchaco.com.ar\/wp-content\/uploads\/2025\/06\/Eleuterio-Schwenler-gano-la-primera-vuelta-de-Misiones-300x188.jpeg\" alt=\"\" width=\"300\" height=\"188\" srcset=\"https:\/\/www.sportchaco.com.ar\/wp-content\/uploads\/2025\/06\/Eleuterio-Schwenler-gano-la-primera-vuelta-de-Misiones-300x188.jpeg 300w, https:\/\/www.sportchaco.com.ar\/wp-content\/uploads\/2025\/06\/Eleuterio-Schwenler-gano-la-primera-vuelta-de-Misiones.jpeg 768w\" sizes=\"auto, (max-width: 300px) 100vw, 300px\" \/><\/div>\n<div dir=\"auto\">La tierra misionera le ca\u00eda muy bien a Eleuterio Schvemler. En noviembre de 1954 resulto ganador de la 1\u00ba vuelta de Misiones, a bordo de una Coupe Chevrolet triunfando en la 2\u00ba y 3\u00ba etapa, recibiendo la bandera a cuadros en Posadas. Sus pergaminos fueron muchos. Participo en todas las vueltas del Chaco desde el 48 al 52.<\/div>\n<div dir=\"auto\"><\/div>\n<div dir=\"auto\">Represento al Chaco a nivel nacional, recorriendo las rutas Argentinas en aquellos marat\u00f3nicos Grandes premios e internacional cuando participo en el Gran Premio de Am\u00e9rica del Sud, entre Buenos Aires y Caracas.<\/div>\n<div dir=\"auto\"><\/div>\n<div dir=\"auto\">Quien escribe siendo muy ni\u00f1o viv\u00eda frente a la Municipalidad y casi a diario ve\u00eda esa Coupe Chevrolet estacionada en la inmediaciones, nunca supe porque, pero me fascinaba mir\u00e1ndola y me imaginaba volando en las rutas de tierras, estaba tal cual como cuando dejo de correr, era utilizada por Don Eleuterio Schvemler como auto de calle, con las inscripciones y publicidades intactas y un cinto de cuero abrazando el capot.<\/div>\n<div dir=\"auto\"><\/div>\n<\/div>\n<div dir=\"auto\"><strong><em>Foto portada: Eleuterio Schvembler y su acompa\u00f1ante Nicasio\u00a0<\/em><\/strong><\/div>\n<\/div>\n<\/div>\n<\/div>\n<\/div>\n<\/div>\n<\/div>\n<div id=\"_r_7n_\" class=\"html-div xdj266r x14z9mp xat24cr x1lziwak xexx8yu xyri2b x18d9i69 x1c1uobl x1n2onr6\">\n<div class=\"html-div xdj266r x14z9mp xat24cr x1lziwak xexx8yu xyri2b x18d9i69 x1c1uobl x1n2onr6\">\n<div class=\"x6s0dn4 x1jx94hy x78zum5 xdt5ytf x6ikm8r x10wlt62 x1n2onr6 xh8yej3\">\n<div>\n<div class=\"xqtp20y x6ikm8r x10wlt62 x1n2onr6\">\n<div class=\"x10l6tqk x13vifvy\" style=\"text-align: center;\"><img loading=\"lazy\" decoding=\"async\" class=\"x168nmei x13lgxp2 x5pf9jr xo71vjh x1ey2m1c xds687c x5yr21d x10l6tqk x17qophe x13vifvy xh8yej3 xl1xv1r\" src=\"https:\/\/scontent.fcnq2-2.fna.fbcdn.net\/v\/t39.30808-6\/504614569_10237426238786141_1591346456071834457_n.jpg?stp=dst-jpg_p526x296_tt6&amp;_nc_cat=104&amp;ccb=1-7&amp;_nc_sid=127cfc&amp;_nc_eui2=AeFKe0pfO52ppfZfXDRMIY6dTLB3PzKLc9dMsHc_Motz1xtL3MGqdOkgJmik9Tvxk0Q&amp;_nc_ohc=AQS09xIR8YkQ7kNvwHKCLcE&amp;_nc_oc=AdmXbRSL54aPD8C2mcNIdJF38q3mxc4_rcHBTSIcJ4YSY9gGtwgsQrFBkWuzcar0DSo&amp;_nc_zt=23&amp;_nc_ht=scontent.fcnq2-2.fna&amp;_nc_gid=asd33YuzDUZ3MtN0B2U4bw&amp;oh=00_AfPrdbwbrnCyQ3kcHQt2lnUYbm5IoysiLNF46nwTTEXXsA&amp;oe=684AB857\" alt=\"Puede ser una imagen de una persona y texto que dice &quot;CARTAS DE LECTORES Memorias deResistenda Raly Beveragg Eleuterio Schvemler, gloria del automovilismo chaque\u00f1o ITurismo Go,entr intosauto eded ro6opew. ganador a Inscripciones \u0e04\u0e32\u0e23 uto rtactas: un \u0e15\u0e31\u0e2a\u0e44\u0e2d\u0e0b\u0e4c la biela Caf\u00e9 &amp; Lounge Bar Reservas Reservasal:3624011799 al: 362 4011799 G\u00fcemes 695&quot;\" width=\"526\" height=\"2014\" \/> <img loading=\"lazy\" decoding=\"async\" class=\"alignnone size-medium wp-image-20302\" src=\"https:\/\/www.sportchaco.com.ar\/wp-content\/uploads\/2025\/06\/PARQUE-SOLAR_200x200-01-300x300.gif\" alt=\"\" width=\"300\" height=\"300\" srcset=\"https:\/\/www.sportchaco.com.ar\/wp-content\/uploads\/2025\/06\/PARQUE-SOLAR_200x200-01-300x300.gif 300w, https:\/\/www.sportchaco.com.ar\/wp-content\/uploads\/2025\/06\/PARQUE-SOLAR_200x200-01-150x150.gif 150w\" sizes=\"auto, (max-width: 300px) 100vw, 300px\" \/><\/div>\n<\/div>\n<\/div>\n<\/div>\n<div class=\"x1nb4dca x1q0q8m5 xso031l x1exxf4d x13fuv20 x178xt8z x1ey2m1c xds687c x17qophe x47corl x10l6tqk x13vifvy\"><\/div>\n<div class=\"x1ey2m1c xds687c x17qophe xg01cxk x47corl x10l6tqk x13vifvy x1ebt8du x19991ni x1dhq9h x1o1ewxj x3x9cwd x1e5q0jg x13rtm0m\" role=\"none\" data-visualcompletion=\"ignore\"><\/div>\n<\/div>\n<div class=\"html-div xdj266r x14z9mp xat24cr x1lziwak xexx8yu xyri2b x18d9i69 x1c1uobl x6ikm8r x10wlt62\"><\/div>\n<\/div>\n<\/div>\n<div>\n<div class=\"xabvvm4 xeyy32k x1ia1hqs x1a2w583 x6ikm8r x10wlt62\" data-visualcompletion=\"ignore-dynamic\">\n<div>\n<div>\n<div>\n<div class=\"x1n2onr6\">\n<div class=\"x6s0dn4 xi81zsa x78zum5 x6prxxf x13a6bvl xvq8zen xdj266r xat24cr x1c1uobl xyri2b x80vd3b x1q0q8m5 xso031l x1diwwjn xbmvrgn x1y1aw1k x10b6aqq\">\n<div class=\"x6s0dn4 x78zum5 x1iyjqo2 x6ikm8r x10wlt62\">\n<div class=\"x1i10hfl x1qjc9v5 xjbqb8w xjqpnuy xc5r6h4 xqeqjp1 x1phubyo x13fuv20 x18b5jzi x1q0q8m5 x1t7ytsu x972fbf x10w94by x1qhh985 x14e42zd x9f619 x1ypdohk xdl72j9 x2lah0s xe8uvvx xdj266r x14z9mp xat24cr x1lziwak x2lwn1j xeuugli xexx8yu xyri2b x18d9i69 x1c1uobl x1n2onr6 x16tdsg8 x1hl2dhg xggy1nq x1ja2u2z x1t137rt x1o1ewxj x3x9cwd x1e5q0jg x13rtm0m x3nfvp2 x1q0g3np x87ps6o x1lku1pv x1a2a7pz\" tabindex=\"0\" role=\"button\" aria-label=\"Me gusta: 10 personas\"><img class=\"x16dsc37\" role=\"presentation\" width=\"18\" height=\"18\" \/><\/div>\n<div>\n<div class=\"x1i10hfl xjbqb8w x1ejq31n x18oe1m7 x1sy0etr xstzfhl x972fbf x10w94by x1qhh985 x14e42zd x9f619 x1ypdohk xe8uvvx xdj266r x14z9mp xat24cr x1lziwak xexx8yu xyri2b x18d9i69 x1c1uobl x16tdsg8 x1hl2dhg xggy1nq x1o1ewxj x3x9cwd x1e5q0jg x13rtm0m x1n2onr6 x87ps6o x1lku1pv x1a2a7pz x1heor9g xnl1qt8 x6ikm8r x10wlt62 x1vjfegm x1lliihq\" tabindex=\"0\" role=\"button\">\n<div class=\"x9f619 x1ja2u2z xzpqnlu x1hyvwdk x14bfe9o xjm9jq1 x6ikm8r x10wlt62 x10l6tqk x1i1rx1s\">Todas las reacciones:<\/div>\n<p><span class=\"xrbpyxo x6ikm8r x10wlt62 xlyipyv x1exxlbk\" aria-hidden=\"true\"><span class=\"xt0b8zv x135b78x\">10<\/span><\/span><span class=\"xt0b8zv x1jx94hy xrbpyxo x1lbueug\"><span class=\"x135b78x\">10<\/span><\/span><\/p>\n<\/div>\n<\/div>\n<\/div>\n<div class=\"x1c4vz4f x2lah0s xci0xqf\"><\/div>\n<div class=\"x9f619 x1ja2u2z x78zum5 x2lah0s x1n2onr6 x1qughib x1qjc9v5 xozqiw3 x1q0g3np x1ws5yxj xw01apr x4cne27 xifccgj x123j3cw xs9asl8\"><\/div>\n<\/div>\n<\/div>\n<\/div>\n<\/div>\n<\/div>\n<\/div>\n<\/div>\n","protected":false},"excerpt":{"rendered":"<p>Eleuterio Schvemler, Gloria del automovilismo chaque\u00f1o. Cuando el Turismo Carretera recorr\u00eda los polvorientos caminos del Chaco en las d\u00e9cadas 50 y 60 entre tantos automovilistas se destacaba uno. Eleuterio Schvemler, hab\u00eda nacido el 22 de junio de 1915, en El Salto, Diamante (Entre R\u00edos). Por Roli P\u00e9rez Beveraggi) Pero chaque\u00f1o por adopci\u00f3n. En el a\u00f1o &hellip;<\/p>\n","protected":false},"author":2,"featured_media":20332,"comment_status":"open","ping_status":"open","sticky":false,"template":"","format":"standard","meta":{"footnotes":""},"categories":[1],"tags":[],"class_list":["post-20331","post","type-post","status-publish","format-standard","has-post-thumbnail","hentry","category-fotos-del-recuerdo"],"_links":{"self":[{"href":"https:\/\/www.sportchaco.com.ar\/index.php?rest_route=\/wp\/v2\/posts\/20331","targetHints":{"allow":["GET"]}}],"collection":[{"href":"https:\/\/www.sportchaco.com.ar\/index.php?rest_route=\/wp\/v2\/posts"}],"about":[{"href":"https:\/\/www.sportchaco.com.ar\/index.php?rest_route=\/wp\/v2\/types\/post"}],"author":[{"embeddable":true,"href":"https:\/\/www.sportchaco.com.ar\/index.php?rest_route=\/wp\/v2\/users\/2"}],"replies":[{"embeddable":true,"href":"https:\/\/www.sportchaco.com.ar\/index.php?rest_route=%2Fwp%2Fv2%2Fcomments&post=20331"}],"version-history":[{"count":2,"href":"https:\/\/www.sportchaco.com.ar\/index.php?rest_route=\/wp\/v2\/posts\/20331\/revisions"}],"predecessor-version":[{"id":20335,"href":"https:\/\/www.sportchaco.com.ar\/index.php?rest_route=\/wp\/v2\/posts\/20331\/revisions\/20335"}],"wp:featuredmedia":[{"embeddable":true,"href":"https:\/\/www.sportchaco.com.ar\/index.php?rest_route=\/wp\/v2\/media\/20332"}],"wp:attachment":[{"href":"https:\/\/www.sportchaco.com.ar\/index.php?rest_route=%2Fwp%2Fv2%2Fmedia&parent=20331"}],"wp:term":[{"taxonomy":"category","embeddable":true,"href":"https:\/\/www.sportchaco.com.ar\/index.php?rest_route=%2Fwp%2Fv2%2Fcategories&post=20331"},{"taxonomy":"post_tag","embeddable":true,"href":"https:\/\/www.sportchaco.com.ar\/index.php?rest_route=%2Fwp%2Fv2%2Ftags&post=20331"}],"curies":[{"name":"wp","href":"https:\/\/api.w.org\/{rel}","templated":true}]}}