{"id":20343,"date":"2025-06-08T20:44:58","date_gmt":"2025-06-08T23:44:58","guid":{"rendered":"https:\/\/www.sportchaco.com.ar\/?p=20343"},"modified":"2025-06-08T20:44:58","modified_gmt":"2025-06-08T23:44:58","slug":"portugal-campeon-de-la-uefa-nations","status":"publish","type":"post","link":"https:\/\/www.sportchaco.com.ar\/?p=20343","title":{"rendered":"Portugal campe\u00f3n de la UEFA Nations"},"content":{"rendered":"<section class=\"\n              mb-8 flex flex-col gap-4 text-neutral-850\n\n              lg:mb-12\n            \"><\/p>\n<h1 class=\"\n                  font-caladeaRegular text-neutral-850 text-custom-30 leading-8\n\n                  lg:text-custom-50 lg:leading-[52px]\"><span class=\"\n            font-bold\n\n            text-lvi-primary\n            font-caladeaBold\n          \">8-6-25<\/span><\/h1>\n<h4 class=\"\n                  font-caladeaRegular text-neutral-850 text-custom-30 leading-8\n\n                  lg:text-custom-50 lg:leading-[52px]\"><span class=\"\n            font-bold\n\n            text-lvi-primary\n            font-caladeaBold\n          \">En penales. <\/span>Portugal, con Ronaldo, campe\u00f3n de la Uefa Nations League al vencer a Espa\u00f1a. CR7 hab\u00eda marcado el empate 2-2 en los 90 y luego se defini\u00f3 todo en los penales.<\/h4>\n<div class=\"\n        text-base\n\n        undefined\n      \"><\/div>\n<div class=\"\n                flex flex-col items-start justify-between gap-4\n\n                lg:flex-row lg:items-center\n              \"><\/p>\n<div class=\"flex flex-row gap-4\"><\/div>\n<div class=\"flex gap-4\">\n<div class=\"\n        relative\n\n        undefined\n      \"><\/div>\n<section class=\"clearfix ajuste-1440-card\">\n<div class=\"viafoura counter-vf\"><\/div>\n<\/section>\n<\/div>\n<\/div>\n<div class=\"flex flex-col\"><img loading=\"lazy\" decoding=\"async\" class=\"\n        w-full rounded-xl\n\n        md:block md:h-auto md:rounded-20 \n      \" src=\"https:\/\/www.lavoz.com.ar\/resizer\/v2\/XTFU3KY7BFBEBN4E6RRSIIZSGU.jpg?auth=2a3c6c32fc13a6a75d91e2282340a87d7e5c3e8c9ffca27e1f1d84857f6a7fff&amp;quality=75&amp;smart=true&amp;width=980&amp;height=551\" alt=\"Foto principal de la nota\" width=\"642\" height=\"432\" data-nimg=\"1\" \/>Cristiano Ronaldo festejando con Portugal el triunfo en la Uefa Nations League. (AP)<\/div>\n<\/section>\n<div class=\"sc-cIozSW fUxdCs\"><span id=\"story-zonda\"><\/span><\/p>\n<section class=\"undefined \">\n<div id=\"powerbeans-player\" class=\"mb-4 undefined\">\n<div id=\"powerbeans-widget\" class=\"pb-tw light\" data-current-content=\"https:\/\/www.lavoz.com.ar\/deportes\/futbol\/portugal-con-ronaldo-campeon-de-la-uefa-nations-league-al-vencer-a-espana\/\" data-should-refetch=\"false\" data-refetching=\"false\" data-mounted=\"true\" data-fetched=\"true\">\n<div class=\"App !beans-px-[16px] !beans-pt-[12px] !beans-pb-[8px] beans-bg-primary beans-relative beans-flex beans-justify-around beans-flex-row beans-items-center beans-rounded-xl beans-py-1 beans-px-3 beans-drop-shadow-md\">\n<div id=\"powerbeans-player-container\" class=\"!beans-flex beans-items-center beans-justify-center !beans-w-full\">\n<div class=\"beans-flex beans-flex-col !beans-w-full\">\n<div><\/div>\n<div class=\"beans-flex beans-flex-col\">\n<div class=\"beans-flex beans-grow\">\n<div class=\"beans-flex beans-mr-[12px]\">\n<div class=\"beans-ml-[3px] beans-flex beans-justify-center\"><\/div>\n<\/div>\n<div class=\"beans-flex beans-flex-col beans-grow\">\n<div class=\"beans-flex beans-h-[50%]\">\n<div class=\"beans-transition-all beans-linear beans-duration-300\">\n<div class=\"beans-flex beans-gap-[4px] beans-w-full\"><\/div>\n<\/div>\n<\/div>\n<\/div>\n<div class=\"beans-relative beans-flex beans-items-center beans-justify-center beans-transition-all beans-duration-300 beans-ml-[0px] beans-w-0 beans-opacity-0\"><\/div>\n<\/div>\n<div class=\"\">\n<div id=\"powerbeans-sticky-container\" class=\"beans-overflow-hidden beans-transition-all beans-duration-200 beans-h-[1px]\">\n<div id=\"DISPLAY_BANNER_CONTAINER\" class=\"beans-flex beans-justify-center\">\n<div id=\"POWERBEANS_DISPLAY_BANNER\" data-refresh-pending=\"false\"><\/div>\n<\/div>\n<div id=\"COMPANION_BANNER\" class=\"beans-flex beans-justify-center\"><\/div>\n<\/div>\n<\/div>\n<\/div>\n<\/div>\n<\/div>\n<\/div>\n<\/div>\n<\/div>\n<\/section>\n<div class=\"sc-cIozSW fUxdCs mx-auto flex max-w-body flex-col\">\n<p class=\"text-class\"><strong>Portugal\u00a0es el campe\u00f3n de la\u00a0Uefa Nations League. Venci\u00f3 a Espa\u00f1a y se consagr\u00f3\u00a0en el Allianz Arena de Munich, Alemania. Luego del empate 2-2 en los 90 y en el suplementario, definieron por penales, instancia en la que se impusieron los lusos por\u00a05-3.<\/strong><\/p>\n<p class=\"text-class\">Portugal es la primera selecci\u00f3n que gana por segunda vez este t\u00edtulo, ya que se hab\u00eda quedado con el trofeo en la primera edici\u00f3n.<\/p>\n<div class=\"youtube-embed-container\"><iframe loading=\"lazy\" title=\"CR7 LE GAN\u00d3 EL DUELO A LAMINE Y PORTUGAL ES CAMPE\u00d3N DE LA NATIONS | Portugal 2-2 Espa\u00f1a | RESUMEN\" src=\"https:\/\/www.youtube.com\/embed\/KeJsQ1aw8cE?feature=oembed\" width=\"560\" height=\"315\" frameborder=\"0\" allowfullscreen=\"allowfullscreen\" data-mce-fragment=\"1\"><\/iframe><\/div>\n<div><\/div>\n<div>\n<p><strong>Portugal<\/strong>\u00a0se coron\u00f3 campe\u00f3n de la\u00a0<strong>UEFA Nations League\u00a0<\/strong>en una final electrizante frente a Espa\u00f1a. El partido termin\u00f3 2 a 2 despu\u00e9s de 120 minutos de juego intenso y se defini\u00f3 en la tanda de penales, donde los lusos se impusieron por 5 a 3.<\/p>\n<p>Durante el tiempo reglamentario y la pr\u00f3rroga,\u00a0<strong>ambos equipos mostraron un juego ofensivo y equilibrado<\/strong>. Espa\u00f1a abri\u00f3 el marcador con goles de Mart\u00edn Zubimendi y\u00a0<strong>Mikel Oyarzabal<\/strong>, mientras que Portugal igual\u00f3 con un golazo de Nuno Mendes y un tanto decisivo de\u00a0<strong>Cristiano Ronaldo<\/strong>.<\/p>\n<figure class=\"wp-block-image size-full\"><img loading=\"lazy\" decoding=\"async\" class=\"wp-image-519847 lazy-loaded\" src=\"https:\/\/www.canal12misiones.com\/wp-content\/uploads\/2025\/06\/Portugal-Espana-2.avif\" sizes=\"auto, (max-width: 780px) 100vw, 780px\" srcset=\"https:\/\/www.canal12misiones.com\/wp-content\/uploads\/2025\/06\/Portugal-Espana-2.avif 780w, https:\/\/www.canal12misiones.com\/wp-content\/uploads\/2025\/06\/Portugal-Espana-2.avif 300w, https:\/\/www.canal12misiones.com\/wp-content\/uploads\/2025\/06\/Portugal-Espana-2.avif 768w, https:\/\/www.canal12misiones.com\/wp-content\/uploads\/2025\/06\/Portugal-Espana-2.avif 180w, https:\/\/www.canal12misiones.com\/wp-content\/uploads\/2025\/06\/Portugal-Espana-2.avif 313w\" alt=\"Portugal campe\u00f3n\" width=\"780\" height=\"520\" data-recalc-dims=\"1\" data-lazy-type=\"image\" data-src=\"https:\/\/www.canal12misiones.com\/wp-content\/uploads\/2025\/06\/Portugal-Espana-2.avif\" data-srcset=\"\" \/><\/figure>\n<p>La definici\u00f3n desde los doce pasos fue clave para el t\u00edtulo. Portugal mantuvo la calma y la precisi\u00f3n para quedarse con la victoria, mientras que Espa\u00f1a no pudo convertir uno de sus tiros y se qued\u00f3 con el subcampeonato.<\/p>\n<h3 class=\"wp-block-heading\">Portugal y Espa\u00f1a mostraron su poder\u00edo ofensivo en la final<\/h3>\n<p>El partido arranc\u00f3 con un ritmo alto y goles tempraneros. A los 21 minutos del primer tiempo,\u00a0<strong>Espa\u00f1a abri\u00f3 el marcador gracias a Mart\u00edn Zubimendi,<\/strong>\u00a0quien aprovech\u00f3 una serie de rebotes para empujar la pelota al fondo del arco y poner a La Furia Roja en ventaja.<\/p>\n<figure class=\"wp-block-image size-full\"><img loading=\"lazy\" decoding=\"async\" class=\"wp-image-519848 lazy-loaded\" src=\"https:\/\/www.canal12misiones.com\/wp-content\/uploads\/2025\/06\/Portugal-Espana-1.avif\" sizes=\"auto, (max-width: 880px) 100vw, 880px\" srcset=\"https:\/\/www.canal12misiones.com\/wp-content\/uploads\/2025\/06\/Portugal-Espana-1.avif 880w, https:\/\/www.canal12misiones.com\/wp-content\/uploads\/2025\/06\/Portugal-Espana-1.avif 300w, https:\/\/www.canal12misiones.com\/wp-content\/uploads\/2025\/06\/Portugal-Espana-1.avif 768w, https:\/\/www.canal12misiones.com\/wp-content\/uploads\/2025\/06\/Portugal-Espana-1.avif 180w, https:\/\/www.canal12misiones.com\/wp-content\/uploads\/2025\/06\/Portugal-Espana-1.avif 313w\" alt=\"Portugal campe\u00f3n\" width=\"880\" height=\"586\" data-recalc-dims=\"1\" data-lazy-type=\"image\" data-src=\"https:\/\/www.canal12misiones.com\/wp-content\/uploads\/2025\/06\/Portugal-Espana-1.avif\" data-srcset=\"\" \/><\/figure>\n<p>Portugal no tard\u00f3 en responder. Cinco minutos despu\u00e9s,\u00a0<strong>Nuno Mendes<\/strong>\u00a0se anim\u00f3 con una jugada individual, entr\u00f3 al \u00e1rea y lanz\u00f3 un zurdazo al segundo palo que igual\u00f3 el partido. El gol fue revisado por posible fuera de juego de\u00a0<strong>Cristiano Ronaldo<\/strong>\u00a0en el inicio de la jugada, pero finalmente fue convalidado.<\/p>\n<p>Cuando la primera parte se acercaba a su final, Espa\u00f1a volvi\u00f3 a tomar la delantera. Pedri habilit\u00f3 a<strong>\u00a0Mikel Oyarzabal<\/strong>, quien defini\u00f3 con precisi\u00f3n para poner el 2 a 1 antes del descanso. As\u00ed, Espa\u00f1a defiende su t\u00edtulo con una ventaja m\u00ednima al t\u00e9rmino de los primeros 45 minutos.<\/p>\n<p>En el segundo tiempo, la intensidad no baj\u00f3. A los 3 minutos, Bruno Fernandes anot\u00f3 para Portugal, pero el gol fue anulado por un fuera de juego previo de Pedro Neto. Sin embargo, a los 15 minutos, Portugal encontr\u00f3 el empate definitivo: Nuno Mendes envi\u00f3 un centro que rebot\u00f3 en un defensor espa\u00f1ol y\u00a0<strong><a href=\"https:\/\/www.instagram.com\/cristiano\/\">Cristiano Ronaldo<\/a><\/strong>, atento, empuj\u00f3 la pelota para el 2 a 2.<\/p>\n<\/div>\n<p><img loading=\"lazy\" decoding=\"async\" class=\"alignnone size-full wp-image-20169 aligncenter\" src=\"https:\/\/www.sportchaco.com.ar\/wp-content\/uploads\/2025\/06\/PARQUE-SOLAR_250x250-01.gif\" alt=\"\" width=\"300\" height=\"300\" \/><\/p>\n<h2 class=\"header-class\"><\/h2>\n<\/div>\n<\/div>\n","protected":false},"excerpt":{"rendered":"<p>8-6-25 En penales. Portugal, con Ronaldo, campe\u00f3n de la Uefa Nations League al vencer a Espa\u00f1a. CR7 hab\u00eda marcado el empate 2-2 en los 90 y luego se defini\u00f3 todo en los penales. Cristiano Ronaldo festejando con Portugal el triunfo en la Uefa Nations League. (AP) Portugal\u00a0es el campe\u00f3n de la\u00a0Uefa Nations League. Venci\u00f3 a &hellip;<\/p>\n","protected":false},"author":2,"featured_media":20344,"comment_status":"open","ping_status":"open","sticky":false,"template":"","format":"standard","meta":{"footnotes":""},"categories":[6],"tags":[],"class_list":["post-20343","post","type-post","status-publish","format-standard","has-post-thumbnail","hentry","category-internacionales"],"_links":{"self":[{"href":"https:\/\/www.sportchaco.com.ar\/index.php?rest_route=\/wp\/v2\/posts\/20343","targetHints":{"allow":["GET"]}}],"collection":[{"href":"https:\/\/www.sportchaco.com.ar\/index.php?rest_route=\/wp\/v2\/posts"}],"about":[{"href":"https:\/\/www.sportchaco.com.ar\/index.php?rest_route=\/wp\/v2\/types\/post"}],"author":[{"embeddable":true,"href":"https:\/\/www.sportchaco.com.ar\/index.php?rest_route=\/wp\/v2\/users\/2"}],"replies":[{"embeddable":true,"href":"https:\/\/www.sportchaco.com.ar\/index.php?rest_route=%2Fwp%2Fv2%2Fcomments&post=20343"}],"version-history":[{"count":1,"href":"https:\/\/www.sportchaco.com.ar\/index.php?rest_route=\/wp\/v2\/posts\/20343\/revisions"}],"predecessor-version":[{"id":20345,"href":"https:\/\/www.sportchaco.com.ar\/index.php?rest_route=\/wp\/v2\/posts\/20343\/revisions\/20345"}],"wp:featuredmedia":[{"embeddable":true,"href":"https:\/\/www.sportchaco.com.ar\/index.php?rest_route=\/wp\/v2\/media\/20344"}],"wp:attachment":[{"href":"https:\/\/www.sportchaco.com.ar\/index.php?rest_route=%2Fwp%2Fv2%2Fmedia&parent=20343"}],"wp:term":[{"taxonomy":"category","embeddable":true,"href":"https:\/\/www.sportchaco.com.ar\/index.php?rest_route=%2Fwp%2Fv2%2Fcategories&post=20343"},{"taxonomy":"post_tag","embeddable":true,"href":"https:\/\/www.sportchaco.com.ar\/index.php?rest_route=%2Fwp%2Fv2%2Ftags&post=20343"}],"curies":[{"name":"wp","href":"https:\/\/api.w.org\/{rel}","templated":true}]}}