{"id":20354,"date":"2025-06-08T21:11:06","date_gmt":"2025-06-09T00:11:06","guid":{"rendered":"https:\/\/www.sportchaco.com.ar\/?p=20354"},"modified":"2025-06-08T23:04:43","modified_gmt":"2025-06-09T02:04:43","slug":"tc-mouras-carabajal-tercero-y-bohdanowicz-cuarto","status":"publish","type":"post","link":"https:\/\/www.sportchaco.com.ar\/?p=20354","title":{"rendered":"TC Mouras: Carabajal tercero y Bohdanowicz cuarto"},"content":{"rendered":"<div id=\"DivNombreTanda\">\n<div class=\"container-fluid showcase-light-grey\">\n<div class=\"container\">\n<div class=\"noticias-header\">\n<div class=\"row\">\n<div class=\"col-lg-9 col-md-9 col-sm-8 col-xs-12\">\n<div class=\"info\"><\/div>\n<\/div>\n<div class=\"col-lg-3 col-md-3 col-sm-4 col-xs-12\">\n<div class=\"sharer-module pull-right\">\n<div class=\"wrapper-add-this\">\n<p><strong>08-06-2025<\/strong><\/p>\n<p><img loading=\"lazy\" decoding=\"async\" class=\"aligncenter wp-image-20161 size-full\" src=\"https:\/\/www.sportchaco.com.ar\/wp-content\/uploads\/2025\/06\/BANNER-WEB-CHACO-JUEGA_720x90.gif\" alt=\"\" width=\"1501\" height=\"188\" \/><\/p>\n<p>Fue un fin de semana so\u00f1ado para Manuel Borget, El entrerriano, fue el m\u00e1s r\u00e1pido en los entrenamientos, gan\u00f3 la clasificaci\u00f3n, se impuso en la serie y finalmente se alz\u00f3 con el triunfo en la 7\u00aa carrera del a\u00f1o que se diput\u00f3 este fin de semana en el aut\u00f3dromo Roberto Mouras, de la ciudad de La Plata.<\/p>\n<p>Si bien siempre, el piloto de General Ramirez, que tripula un Ford que le asiste el equipo Fadel Werner Competici\u00f3n, estuvo cerca, este fin de semana consigui\u00f3 finalmente el triunfo que le permite pelear por el campeonato.<\/p>\n<\/div>\n<\/div>\n<\/div>\n<\/div>\n<\/div>\n<\/div>\n<\/div>\n<div class=\"container\">\n<div class=\"wrapper-brand-skin\"><\/div>\n<div class=\"noticias-expanded\">\n<div class=\"row\">\n<div class=\"col-lg-8 col-md-8 col-sm-8\">\n<div class=\"content\">\n<figure class=\"img-right\"><img loading=\"lazy\" decoding=\"async\" class=\"lazy img-responsive aligncenter\" src=\"https:\/\/actc.org.ar\/upload\/informes\/12778\/27347_contenido_home_small.jpg\" alt=\"\" width=\"370\" height=\"246\" data-original=\"\/upload\/informes\/12778\/27347_contenido_home_small.jpg\" \/><\/figure>\n<p>Borgert, tuvo un gran auto y desde la primera curva estableci\u00f3 una importante diferencia que le permiti\u00f3 llegar al final con un auto \u00edntegro y cruzar la bandera a cuadros con una diferencia, aunque menor, sobre el piloto Eugenio Provens, que con su Dodge lo persigui\u00f3 durante toda la carrera para culminar en la segunda posici\u00f3n.<\/p>\n<p>El \u00faltimo escal\u00f3n del podio, lo ocupo el piloto Lucas Carabajal, con Ford, que contuvo hacia el final al chaque\u00f1o Lucas Bohdanowicz que termin\u00f3 cuarto, quinto lleg\u00f3, Thomas Pozner, tambi\u00e9n con Dodge.<\/p>\n<p>Con este resultado, el piloto Manuel Borgert accede al tercer lugar en el campeonato que lidera el piloto Lucas Carabajal con 279 puntos, segundo, Eugenio Provens: 255,5 puntos, Tercero Borgert: 253.5, cuarto, Leandro Gonzalez: 239,5, quinto, Tbhomas Pozner: 234,5 puntos.<\/p>\n<p><strong>Manuel Borgert<\/strong><br \/>\n\u201cEsta era una victoria esperada, siempre tuve un buen auto pero no pude cerrar buenos resultados, yo sab\u00eda que finalmente llegar\u00eda la recompensa a tanto trabajo. Le agradezco a cada uno de los chicos del equipo por tanto trabajo y porque nunca bajaron los brazos, me voy feliz del Mouras porque necesitaba este triunfo\u201d<\/p>\n<p>El pr\u00f3ximo 29 de junio y nuevamente en el aut\u00f3dromo Roberto Mouras, el TC Mouras correr\u00e1 la pr\u00f3xima competencia del calendario, 8va. fecha del a\u00f1o.<\/p>\n<p><img decoding=\"async\" src=\"http:\/\/actc.org.ar\/upload\/galeriamultimedia\/2804\/74969_big.jpg\" \/><\/p>\n<\/div>\n<\/div>\n<\/div>\n<\/div>\n<\/div>\n<\/div>\n<div class=\"carrera-on-line-verificado\">Verificado por: Cronometraje\u00a0<img decoding=\"async\" src=\"https:\/\/actc.org.ar\/admin\/vistas\/images\/on_aprobacion.png\" \/>\u00a0T\u00e9cnica\u00a0<img decoding=\"async\" src=\"https:\/\/actc.org.ar\/admin\/vistas\/images\/off_aprobacion.png\" \/>\u00a0Deportiva\u00a0<img decoding=\"async\" src=\"https:\/\/actc.org.ar\/admin\/vistas\/images\/on_aprobacion.png\" \/><\/div>\n<div class=\"table-responsive generic-tbl results-tbl\">\n<table class=\"table\">\n<thead>\n<tr>\n<th>Pos.<\/th>\n<th>N\u00famero<\/th>\n<th>Piloto<\/th>\n<th>Marca<\/th>\n<th>Vueltas<\/th>\n<th>Tiempo<\/th>\n<th>Diferencia<\/th>\n<\/tr>\n<\/thead>\n<tbody>\n<tr>\n<td class=\"pos\">1\u00b0<\/td>\n<td>105<\/td>\n<td class=\"piloto first\"><a href=\"https:\/\/actc.org.ar\/tcm\/pilotos\/2025\/manuel-borgert_9435.html\">Borgert, Manuel<\/a><\/td>\n<td><img decoding=\"async\" class=\"lazy\" title=\"Ford\" src=\"https:\/\/actc.org.ar\/vistas\/v3\/images\/logos\/logo-ford-xs.png\" alt=\"Ford\" data-original=\"\/vistas\/v3\/images\/logos\/logo-ford-xs.png\" \/><\/td>\n<td>14<\/td>\n<td>20:23.078<\/td>\n<td><\/td>\n<\/tr>\n<tr>\n<td class=\"pos\">2\u00b0<\/td>\n<td>53<\/td>\n<td class=\"piloto first\"><a href=\"https:\/\/actc.org.ar\/tcm\/pilotos\/2025\/eugenio-provens_9419.html\">Provens, Eugenio<\/a><\/td>\n<td><img decoding=\"async\" class=\"lazy\" title=\"Dodge\" src=\"https:\/\/actc.org.ar\/vistas\/v3\/images\/logos\/logo-dodge-xs.png\" alt=\"Dodge\" data-original=\"\/vistas\/v3\/images\/logos\/logo-dodge-xs.png\" \/><\/td>\n<td>14<\/td>\n<td>20:23.695<\/td>\n<td>0.617<\/td>\n<\/tr>\n<tr>\n<td class=\"pos\">3\u00b0<\/td>\n<td>81<\/td>\n<td class=\"piloto first\"><a href=\"https:\/\/actc.org.ar\/tcm\/pilotos\/2025\/lucas-carabajal_9431.html\">Carabajal, Lucas<\/a><\/td>\n<td><img decoding=\"async\" class=\"lazy\" title=\"Ford\" src=\"https:\/\/actc.org.ar\/vistas\/v3\/images\/logos\/logo-ford-xs.png\" alt=\"Ford\" data-original=\"\/vistas\/v3\/images\/logos\/logo-ford-xs.png\" \/><\/td>\n<td>14<\/td>\n<td>20:35.613<\/td>\n<td>12.535<\/td>\n<\/tr>\n<tr>\n<td class=\"pos\">4\u00b0<\/td>\n<td>61<\/td>\n<td class=\"piloto first\"><a href=\"https:\/\/actc.org.ar\/tcm\/pilotos\/2025\/lucas-bohdanowicz_9426.html\">Bohdanowicz, Lucas<\/a><\/td>\n<td><img decoding=\"async\" class=\"lazy\" title=\"Dodge\" src=\"https:\/\/actc.org.ar\/vistas\/v3\/images\/logos\/logo-dodge-xs.png\" alt=\"Dodge\" data-original=\"\/vistas\/v3\/images\/logos\/logo-dodge-xs.png\" \/><\/td>\n<td>14<\/td>\n<td>20:35.912<\/td>\n<td>12.834<\/td>\n<\/tr>\n<tr>\n<td class=\"pos\">5\u00b0<\/td>\n<td>44<\/td>\n<td class=\"piloto first\"><a href=\"https:\/\/actc.org.ar\/tcm\/pilotos\/2025\/thomas-pozner_9422.html\">Pozner, Thomas<\/a><\/td>\n<td><img decoding=\"async\" class=\"lazy\" title=\"Dodge\" src=\"https:\/\/actc.org.ar\/vistas\/v3\/images\/logos\/logo-dodge-xs.png\" alt=\"Dodge\" data-original=\"\/vistas\/v3\/images\/logos\/logo-dodge-xs.png\" \/><\/td>\n<td>14<\/td>\n<td>20:39.098<\/td>\n<td>16.020<\/td>\n<\/tr>\n<tr>\n<td class=\"pos\">6\u00b0<\/td>\n<td>71<\/td>\n<td class=\"piloto first\"><a href=\"https:\/\/actc.org.ar\/tcm\/pilotos\/2025\/juan-pablo-guiffrey_9429.html\">Guiffrey, Juan Pablo<\/a><\/td>\n<td><img decoding=\"async\" class=\"lazy\" title=\"Chevrolet\" src=\"https:\/\/actc.org.ar\/vistas\/v3\/images\/logos\/logo-chevrolet-xs.png\" alt=\"Chevrolet\" data-original=\"\/vistas\/v3\/images\/logos\/logo-chevrolet-xs.png\" \/><\/td>\n<td>14<\/td>\n<td>20:43.449<\/td>\n<td>20.371<\/td>\n<\/tr>\n<tr>\n<td class=\"pos\">7\u00b0<\/td>\n<td>177<\/td>\n<td class=\"piloto first\"><a href=\"https:\/\/actc.org.ar\/tcm\/pilotos\/2025\/luca-demarco_9438.html\">Demarco, Luca<\/a><\/td>\n<td><img decoding=\"async\" class=\"lazy\" title=\"Dodge\" src=\"https:\/\/actc.org.ar\/vistas\/v3\/images\/logos\/logo-dodge-xs.png\" alt=\"Dodge\" data-original=\"\/vistas\/v3\/images\/logos\/logo-dodge-xs.png\" \/><\/td>\n<td>14<\/td>\n<td>20:45.158<\/td>\n<td>22.080<\/td>\n<\/tr>\n<tr>\n<td class=\"pos\">8\u00b0<\/td>\n<td>43<\/td>\n<td class=\"piloto first\"><a href=\"https:\/\/actc.org.ar\/tcm\/pilotos\/2025\/benjamin-anton_9421.html\">Ant\u00f3n, Benjam\u00edn<\/a><\/td>\n<td><img decoding=\"async\" class=\"lazy\" title=\"Ford\" src=\"https:\/\/actc.org.ar\/vistas\/v3\/images\/logos\/logo-ford-xs.png\" alt=\"Ford\" data-original=\"\/vistas\/v3\/images\/logos\/logo-ford-xs.png\" \/><\/td>\n<td>14<\/td>\n<td>20:45.286<\/td>\n<td>22.208<\/td>\n<\/tr>\n<tr>\n<td class=\"pos\">9\u00b0<\/td>\n<td>87<\/td>\n<td class=\"piloto first\"><a href=\"https:\/\/actc.org.ar\/tcm\/pilotos\/2025\/lucas-guerra_9434.html\">Guerra, Lucas<\/a><\/td>\n<td><img decoding=\"async\" class=\"lazy\" title=\"Chevrolet\" src=\"https:\/\/actc.org.ar\/vistas\/v3\/images\/logos\/logo-chevrolet-xs.png\" alt=\"Chevrolet\" data-original=\"\/vistas\/v3\/images\/logos\/logo-chevrolet-xs.png\" \/><\/td>\n<td>14<\/td>\n<td>20:50.985<\/td>\n<td>27.907<\/td>\n<\/tr>\n<tr>\n<td class=\"pos\">10\u00b0<\/td>\n<td>66<\/td>\n<td class=\"piloto first\"><a href=\"https:\/\/actc.org.ar\/tcm\/pilotos\/2025\/gustavo-h-tadei_9427.html\">Tadei, Gustavo (H)<\/a><\/td>\n<td><img decoding=\"async\" class=\"lazy\" title=\"Chevrolet\" src=\"https:\/\/actc.org.ar\/vistas\/v3\/images\/logos\/logo-chevrolet-xs.png\" alt=\"Chevrolet\" data-original=\"\/vistas\/v3\/images\/logos\/logo-chevrolet-xs.png\" \/><\/td>\n<td>14<\/td>\n<td>20:51.452<\/td>\n<td>28.374<\/td>\n<\/tr>\n<tr>\n<td class=\"pos\">11\u00b0<\/td>\n<td>119<\/td>\n<td class=\"piloto first\"><a href=\"https:\/\/actc.org.ar\/tcm\/pilotos\/2025\/facundo-ledesma_9436.html\">Ledesma, Facundo<\/a><\/td>\n<td><img decoding=\"async\" class=\"lazy\" title=\"Chevrolet\" src=\"https:\/\/actc.org.ar\/vistas\/v3\/images\/logos\/logo-chevrolet-xs.png\" alt=\"Chevrolet\" data-original=\"\/vistas\/v3\/images\/logos\/logo-chevrolet-xs.png\" \/><\/td>\n<td>14<\/td>\n<td>21:03.545<\/td>\n<td>40.467<\/td>\n<\/tr>\n<tr>\n<td class=\"pos\">12\u00b0<\/td>\n<td>141<\/td>\n<td class=\"piloto first\"><a href=\"https:\/\/actc.org.ar\/tcm\/pilotos\/2025\/francisco-luengo_9437.html\">Luengo, Francisco<\/a><\/td>\n<td><img decoding=\"async\" class=\"lazy\" title=\"Chevrolet\" src=\"https:\/\/actc.org.ar\/vistas\/v3\/images\/logos\/logo-chevrolet-xs.png\" alt=\"Chevrolet\" data-original=\"\/vistas\/v3\/images\/logos\/logo-chevrolet-xs.png\" \/><\/td>\n<td>14<\/td>\n<td>21:03.780<\/td>\n<td>40.702<\/td>\n<\/tr>\n<tr>\n<td class=\"pos\">13\u00b0<\/td>\n<td>77<\/td>\n<td class=\"piloto first\"><a href=\"https:\/\/actc.org.ar\/tcm\/pilotos\/2025\/leandro-gonzalez_9430.html\">Gonz\u00e1lez, Leandro<\/a><\/td>\n<td><img decoding=\"async\" class=\"lazy\" title=\"Chevrolet\" src=\"https:\/\/actc.org.ar\/vistas\/v3\/images\/logos\/logo-chevrolet-xs.png\" alt=\"Chevrolet\" data-original=\"\/vistas\/v3\/images\/logos\/logo-chevrolet-xs.png\" \/><\/td>\n<td>14<\/td>\n<td>21:03.781<\/td>\n<td>40.703<\/td>\n<\/tr>\n<\/tbody>\n<\/table>\n<\/div>\n<div class=\"incidences\">\n<h2><\/h2>\n<p><strong>PROMEDIO:<\/strong>\u00a0175,750 Km\/h<\/p>\n<p><strong>RECORD DE VUELTA:<\/strong>\u00a0Nro 105 (BORGERT) Vta 2 en 1:26.648 a 177,200 Km\/h<\/p>\n<p>RECARGO AUTO N\u00b077 (GONZALEZ) POR MANIOBRA PELIGROSA AL AUTO N\u00b0 141 (LUENGO)<\/p>\n<p><img loading=\"lazy\" decoding=\"async\" class=\"aligncenter wp-image-20192 size-full\" src=\"https:\/\/www.sportchaco.com.ar\/wp-content\/uploads\/2025\/06\/BANNER-WEB-CHACO-JUEGA_1080x1350-1.gif\" alt=\"\" width=\"1080\" height=\"1350\" \/><\/p>\n<\/div>\n","protected":false},"excerpt":{"rendered":"<p>08-06-2025 Fue un fin de semana so\u00f1ado para Manuel Borget, El entrerriano, fue el m\u00e1s r\u00e1pido en los entrenamientos, gan\u00f3 la clasificaci\u00f3n, se impuso en la serie y finalmente se alz\u00f3 con el triunfo en la 7\u00aa carrera del a\u00f1o que se diput\u00f3 este fin de semana en el aut\u00f3dromo Roberto Mouras, de la ciudad &hellip;<\/p>\n","protected":false},"author":2,"featured_media":20357,"comment_status":"open","ping_status":"open","sticky":false,"template":"","format":"standard","meta":{"footnotes":""},"categories":[2],"tags":[],"class_list":["post-20354","post","type-post","status-publish","format-standard","has-post-thumbnail","hentry","category-automovilismo"],"_links":{"self":[{"href":"https:\/\/www.sportchaco.com.ar\/index.php?rest_route=\/wp\/v2\/posts\/20354","targetHints":{"allow":["GET"]}}],"collection":[{"href":"https:\/\/www.sportchaco.com.ar\/index.php?rest_route=\/wp\/v2\/posts"}],"about":[{"href":"https:\/\/www.sportchaco.com.ar\/index.php?rest_route=\/wp\/v2\/types\/post"}],"author":[{"embeddable":true,"href":"https:\/\/www.sportchaco.com.ar\/index.php?rest_route=\/wp\/v2\/users\/2"}],"replies":[{"embeddable":true,"href":"https:\/\/www.sportchaco.com.ar\/index.php?rest_route=%2Fwp%2Fv2%2Fcomments&post=20354"}],"version-history":[{"count":3,"href":"https:\/\/www.sportchaco.com.ar\/index.php?rest_route=\/wp\/v2\/posts\/20354\/revisions"}],"predecessor-version":[{"id":20374,"href":"https:\/\/www.sportchaco.com.ar\/index.php?rest_route=\/wp\/v2\/posts\/20354\/revisions\/20374"}],"wp:featuredmedia":[{"embeddable":true,"href":"https:\/\/www.sportchaco.com.ar\/index.php?rest_route=\/wp\/v2\/media\/20357"}],"wp:attachment":[{"href":"https:\/\/www.sportchaco.com.ar\/index.php?rest_route=%2Fwp%2Fv2%2Fmedia&parent=20354"}],"wp:term":[{"taxonomy":"category","embeddable":true,"href":"https:\/\/www.sportchaco.com.ar\/index.php?rest_route=%2Fwp%2Fv2%2Fcategories&post=20354"},{"taxonomy":"post_tag","embeddable":true,"href":"https:\/\/www.sportchaco.com.ar\/index.php?rest_route=%2Fwp%2Fv2%2Ftags&post=20354"}],"curies":[{"name":"wp","href":"https:\/\/api.w.org\/{rel}","templated":true}]}}