{"id":20367,"date":"2025-06-08T21:35:26","date_gmt":"2025-06-09T00:35:26","guid":{"rendered":"https:\/\/www.sportchaco.com.ar\/?p=20367"},"modified":"2025-06-08T21:35:26","modified_gmt":"2025-06-09T00:35:26","slug":"raul-cendra-el-centro-half-de-los-60-y-70","status":"publish","type":"post","link":"https:\/\/www.sportchaco.com.ar\/?p=20367","title":{"rendered":"Ra\u00fal Cendra, el centro half de los 60 y 70"},"content":{"rendered":"<p>&nbsp;<\/p>\n<p>&nbsp;<\/p>\n<p><strong>\u00a0<\/strong><\/p>\n<p>El 29 de enero de 2022 falleci\u00f3, un gran jugador de la d\u00e9cada del 60 y 70. Hablamos de Ra\u00fal Octavio Cendra, un volante de central de gran presencia y soberbio remate de larga distancia.<\/p>\n<p>Sus inicios fueron en San Fernando donde pudo disfrutar un t\u00edtulo, tambi\u00e9n fue figura en Fontana donde tambi\u00e9n pudo dar la vuelta ol\u00edmpica de un oficial y un provincial en 1969, jugando un nacional con Chaco For Ever como refuerzo en 1973.<\/p>\n<p>Tuvo gran protagonismo con un equipo hist\u00f3rico al que lleg\u00f3 para sumarse de una constelaci\u00f3n de jugadores inolvidables: Don Orione Atl\u00e9tic Club 1971.<\/p>\n<p>Tambi\u00e9n integrante del plantel de la Liga Chaque\u00f1a de F\u00fatbol que logr\u00f3 el t\u00edtulo de campe\u00f3n de la copa Adri\u00e1n Beccar Varela y Copa Presidente en 1968 en Mendoza.<\/p>\n<p>En su vida laboral arranc\u00f3 como cadete en la Farmacia de D\u00edaz Setubi en Saavedra y Pellegrini, y luego durante cuatro d\u00e9cadas se desempe\u00f1\u00f3 en Correo Argentino.<\/p>\n<p>Hasta no hace mucho tiempo se lo ve\u00eda circular en su bicicleta por las calles de Resistencia, muy especialmente la Villa de sus amores, San Mart\u00edn.<\/p>\n<p>&nbsp;<\/p>\n<p>CON LA LIGA CHAQUE\u00d1A<\/p>\n<p>El plantel de la Liga Chaque\u00f1a estuvo integrado por figuras inolvidables y este fue el plantel campe\u00f3n: Participaron de las finales y etapa previa estos jugadores: Luis Lutringer, Deiber, Ram\u00f3n Villanueva, William Sena, Pacheco, Domingo Rotger, Ram\u00f3n Garc\u00eda, Villagra, Eduardo Andr\u00e9s Maglioni,<\/p>\n<p>Roque Murgu\u00eda, Pedro Olivera, Estanislao Maidana, Ra\u00fal<\/p>\n<p>M\u00e1ntaras, Roque L\u00f3pez Lottero, Isidoro Cabrera, Ricardo Romero, Teodoro D\u00edaz, Miguel Esquivel, Ram\u00f3n Robledo y Ram\u00f3n Gerber, Oscar Pisizceck, Carlos Ben\u00edtez, Ra\u00fal Cendra, Carlos Sandoval, Santiago Fern\u00e1ndez, Miguel Meza, Guillermo Ag\u00fcero, Jorge Molina y Jos\u00e9 Duarte. DT: Antonio Ruiz D\u00edaz. M\u00e9dico: Francisco M\u00e1rcico Prieto. Kinesi\u00f3logo: Carrara. Utilero: Zurdo S\u00e1nchez. Dirigentes: Luis de las Casas y Rub\u00e9n Dar\u00edo Torres presidente<\/p>\n<p>de la subcomisi\u00f3n de f\u00fatbol H\u00e9ctor Basilio Silva.<\/p>\n<p>&nbsp;<\/p>\n<p>CON DON ORIONE<\/p>\n<p>Tambi\u00e9n queda en la memoria colectiva aquel golazo de media cancha de Don Orione a Banfield por la cuarta fecha del Nacional 1971 a Banfield, donde atajaba La Volpe.<\/p>\n<p>El plantel portuario estaba integrado por Estanislao Gonz\u00e1lez; Gregorio Barreto, Andr\u00e9s Gonz\u00e1lez, Ger\u00f3nimo Dom\u00ednguez y Eugenio Alegre (M\u00e1rtires Valenzuela); Emilio Z\u00e1rate, Carlos Gazzola Alfredo C\u00e1ceres, Oscar Valenzuela; Pedro Ram\u00edrez, V\u00edctor L\u00f3pez y Miguel \u00c1ngel Vargas. Rolando Veloso, Guillermo Bress\u00e1n, Pedro \u00c1lvarez, H\u00e9ctor Silva, Guillermo Gonz\u00e1lez, Miguel Kullay. A. Gonz\u00e1lez, Antonio Barreto, Jorge Molina y Ra\u00fal Cendra, entre otros. El DT fue Jos\u00e9 \u201cPepe\u201d Lestani, el Preparador F\u00edsico V\u00edctor P\u00e9rtile; el Ayudante de Campo: Rolando Cisterna, el Kinesi\u00f3logo Manuel Acosta y los M\u00e9dicos: Modesto Alberto Gonz\u00e1lez y Ram\u00f3n Arbu\u00e9s.<\/p>\n<p>&nbsp;<\/p>\n<p>Ra\u00fal Cendra hab\u00eda nacido el 27 de abril de 1942<\/p>\n<p>&nbsp;<\/p>\n<p><img decoding=\"async\" src=\"https:\/\/noticiasdata.com.ar\/wp-content\/uploads\/2022\/01\/61f58df95b08f755676276.jpeg\" \/><\/p>\n<p><strong>Una foto hist\u00f3rica de San Fernando de 1975: Arriba: Doctor Galviz D\u00edaz, Omar \u00abLechero\u00bb Ayala, Ricardo Villafa\u00f1e, Delfino Romero, Jugador de Fontana, Raul M\u00e1ntaraz, \u00abCapataz\u00bb Barrientos, Jugador de Fontana, Liru Speranza, \u00abRata\u00bb C\u00e1ceres, Ra\u00fal Octavio Cendra. Abajo: Juan Carlos Fresco, Pedro Alcaraz, Daniel Villalba, \u00abZurdo\u00bb Toledo, Oscar \u00abConejo\u00bb Ruiz D\u00edaz, \u00abPech\u00edn\u00bb Lugo, Leonardo Domingo Rotger.<\/strong><\/p>\n<p>&nbsp;<\/p>\n<p>&nbsp;<\/p>\n<p><img loading=\"lazy\" decoding=\"async\" class=\"alignnone size-medium wp-image-20371\" src=\"https:\/\/www.sportchaco.com.ar\/wp-content\/uploads\/2025\/06\/Cendra-1968-con-Deiber-y-Pagano-300x225.jpg\" alt=\"\" width=\"300\" height=\"225\" srcset=\"https:\/\/www.sportchaco.com.ar\/wp-content\/uploads\/2025\/06\/Cendra-1968-con-Deiber-y-Pagano-300x225.jpg 300w, https:\/\/www.sportchaco.com.ar\/wp-content\/uploads\/2025\/06\/Cendra-1968-con-Deiber-y-Pagano-1024x768.jpg 1024w, https:\/\/www.sportchaco.com.ar\/wp-content\/uploads\/2025\/06\/Cendra-1968-con-Deiber-y-Pagano-768x576.jpg 768w, https:\/\/www.sportchaco.com.ar\/wp-content\/uploads\/2025\/06\/Cendra-1968-con-Deiber-y-Pagano-1536x1152.jpg 1536w, https:\/\/www.sportchaco.com.ar\/wp-content\/uploads\/2025\/06\/Cendra-1968-con-Deiber-y-Pagano-2048x1536.jpg 2048w\" sizes=\"auto, (max-width: 300px) 100vw, 300px\" \/><\/p>\n<p><strong>Deiber, Pagano y Cendr\u00e1, en el festejos por el t\u00edtulo de la Liga Chaque\u00f1a en 1968<\/strong><\/p>\n<p>&nbsp;<\/p>\n<p>En la foto Grupal Cendra aparece a la izquierda sentado y arriba est\u00e1n Ra\u00fal Garc\u00eda, Ram\u00f3n Gerber, Miguel Meza, Eduardo Maglioni, Ram\u00f3n Villanueva, Williams Sena. Junto a Cendra abajo Estanislao Gonz\u00e1lez y Carrara. Campeones con la Liga Chaque\u00f1a en Mendoza 1968<\/p>\n<p>&nbsp;<\/p>\n<p>&nbsp;<\/p>\n","protected":false},"excerpt":{"rendered":"<p>&nbsp; &nbsp; \u00a0 El 29 de enero de 2022 falleci\u00f3, un gran jugador de la d\u00e9cada del 60 y 70. Hablamos de Ra\u00fal Octavio Cendra, un volante de central de gran presencia y soberbio remate de larga distancia. Sus inicios fueron en San Fernando donde pudo disfrutar un t\u00edtulo, tambi\u00e9n fue figura en Fontana donde &hellip;<\/p>\n","protected":false},"author":2,"featured_media":20370,"comment_status":"open","ping_status":"open","sticky":false,"template":"","format":"standard","meta":{"footnotes":""},"categories":[1],"tags":[],"class_list":["post-20367","post","type-post","status-publish","format-standard","has-post-thumbnail","hentry","category-fotos-del-recuerdo"],"_links":{"self":[{"href":"https:\/\/www.sportchaco.com.ar\/index.php?rest_route=\/wp\/v2\/posts\/20367","targetHints":{"allow":["GET"]}}],"collection":[{"href":"https:\/\/www.sportchaco.com.ar\/index.php?rest_route=\/wp\/v2\/posts"}],"about":[{"href":"https:\/\/www.sportchaco.com.ar\/index.php?rest_route=\/wp\/v2\/types\/post"}],"author":[{"embeddable":true,"href":"https:\/\/www.sportchaco.com.ar\/index.php?rest_route=\/wp\/v2\/users\/2"}],"replies":[{"embeddable":true,"href":"https:\/\/www.sportchaco.com.ar\/index.php?rest_route=%2Fwp%2Fv2%2Fcomments&post=20367"}],"version-history":[{"count":1,"href":"https:\/\/www.sportchaco.com.ar\/index.php?rest_route=\/wp\/v2\/posts\/20367\/revisions"}],"predecessor-version":[{"id":20372,"href":"https:\/\/www.sportchaco.com.ar\/index.php?rest_route=\/wp\/v2\/posts\/20367\/revisions\/20372"}],"wp:featuredmedia":[{"embeddable":true,"href":"https:\/\/www.sportchaco.com.ar\/index.php?rest_route=\/wp\/v2\/media\/20370"}],"wp:attachment":[{"href":"https:\/\/www.sportchaco.com.ar\/index.php?rest_route=%2Fwp%2Fv2%2Fmedia&parent=20367"}],"wp:term":[{"taxonomy":"category","embeddable":true,"href":"https:\/\/www.sportchaco.com.ar\/index.php?rest_route=%2Fwp%2Fv2%2Fcategories&post=20367"},{"taxonomy":"post_tag","embeddable":true,"href":"https:\/\/www.sportchaco.com.ar\/index.php?rest_route=%2Fwp%2Fv2%2Ftags&post=20367"}],"curies":[{"name":"wp","href":"https:\/\/api.w.org\/{rel}","templated":true}]}}