{"id":20394,"date":"2025-06-09T11:15:07","date_gmt":"2025-06-09T14:15:07","guid":{"rendered":"https:\/\/www.sportchaco.com.ar\/?p=20394"},"modified":"2025-06-09T11:15:07","modified_gmt":"2025-06-09T14:15:07","slug":"tras-el-duelo-manana-vuelve-el-futbol-de-la-liga-chaquena","status":"publish","type":"post","link":"https:\/\/www.sportchaco.com.ar\/?p=20394","title":{"rendered":"Tras el duelo, ma\u00f1ana vuelve el f\u00fatbol de la Liga Chaque\u00f1a"},"content":{"rendered":"<header>\n<h1>09-06-2025<\/h1>\n<h1><\/h1>\n<div class=\"meta\"><\/div>\n<\/header>\n<section class=\"body\">\n<section class=\"content\">\n<div class=\"main-text\">\n<div class=\"social\">\n<div class=\"share\"><\/div>\n<\/div>\n<p>Este martes vuelve la actividad futbol\u00edstica, tras el duelo provocado por el fallecimiento de un jugador en pleno partido del Federativo y un \u00e1rbitro. Ellos,\u00a0 Enzo Pittau y Fernando Brillada, dejaron un dolor muy grande en la comunidad deportiva. Tras el receso, la actividad retornar\u00e1 ma\u00f1ana con cinco partidos en el torneo Apertura de Primera \u00abA\u00bb de la Liga Chaque\u00f1a de F\u00fatbol.<\/p>\n<div class=\" large m_image\">\n<figure><picture><source srcset=\"https:\/\/www.diarionorte.com\/content\/bucket\/3\/414873w790h518c.jpg.webp\" type=\"image\/webp\" media=\"(min-width: 640px)\" \/><source srcset=\"https:\/\/www.diarionorte.com\/content\/bucket\/3\/414873w440h289c.jpg.webp\" type=\"image\/webp\" media=\"(min-width: 300px)\" \/><source srcset=\"https:\/\/www.diarionorte.com\/content\/bucket\/3\/414873w790h518c.jpg\" media=\"(min-width: 300px)\" \/><img loading=\"lazy\" decoding=\"async\" class=\"pic\" src=\"https:\/\/www.diarionorte.com\/content\/bucket\/3\/414873w790h518c.jpg.webp\" alt=\"\" width=\"790\" height=\"518\" \/><\/picture><figcaption>Central Norte y San Mart\u00edn jugar\u00e1n ma\u00f1ana los 5 minutos pendientes. Ganaba \u00abSanma\u00bb 2-1.<\/figcaption><\/figure>\n<\/div>\n<p>Habr\u00e1 dos cotejos de la 10\u00aa fecha y uno que marcar\u00e1 el inicio de la 11\u00aa jornada. Adem\u00e1s, se jugar\u00e1n dos cotejos que fueron suspendidos por falta de luz.<\/p>\n<h2>LO QUE VIENE<\/h2>\n<p>Ma\u00f1ana: a las 16, Dep. Itat\u00ed- Indep. Tirol, en Estudiantes (10\u00aa fecha); a las 16, Tiro FC- Policiales, en Rcia. Central (10\u00aa fecha); a las 16, CUNE- Regional, en C. E. de Comercio (11\u00aa fecha); a las 16.30, Juventud- Central Ben\u00edtez (8\u00aa fecha; sin ambos p\u00fablicos 26&#8243;. Ganaba Juventud 1-0); a las 16.30, Central Norte- San Mart\u00edn (10\u00aa fecha; sin ambos p\u00fablicos 5&#8243;. Ganaba San Mart\u00edn 2-1).<\/p>\n<h2><picture><img loading=\"lazy\" decoding=\"async\" class=\"pic\" src=\"https:\/\/www.diarionorte.com\/content\/bucket\/3\/414873w790h518c.jpg.webp\" alt=\"\" width=\"790\" height=\"518\" \/><\/picture>Central Norte y San Mart\u00edn jugar\u00e1n ma\u00f1ana los 5 minutos pendientes. Ganaba \u00abSanma\u00bb 2-1.<\/h2>\n<h2>POR PROGRAMAR DE LA 11\u00aa FECHA<\/h2>\n<p>&nbsp;<\/p>\n<p>For Ever- Sarmiento, Estudiantes- El Nacional, Defensores- Central Ben\u00edtez, Villa Alvear- Juventud, Bancarios- Don Orione, Rcia. Central- Dep. Itat\u00ed, San Mart\u00edn- Dep. Luj\u00e1n, Indep. Tirol- Tiro FC, Policiales- Central Norte y Municipal (MB)-Fontana.<\/p>\n<h2>OTROS PENDIENTES POR PROGRAMAR<\/h2>\n<p>Def. de Vilelas- Don Orione (9\u00aa fecha); Don Orione- Villa Alvear (10\u00aa fecha).<\/p>\n<div class=\"temas floatFix\">\n<h3><img loading=\"lazy\" decoding=\"async\" class=\"alignnone size-medium wp-image-20254 aligncenter\" src=\"https:\/\/www.sportchaco.com.ar\/wp-content\/uploads\/2025\/06\/Campo-200x200-03-300x300.gif\" alt=\"\" width=\"300\" height=\"300\" srcset=\"https:\/\/www.sportchaco.com.ar\/wp-content\/uploads\/2025\/06\/Campo-200x200-03-300x300.gif 300w, https:\/\/www.sportchaco.com.ar\/wp-content\/uploads\/2025\/06\/Campo-200x200-03-150x150.gif 150w\" sizes=\"auto, (max-width: 300px) 100vw, 300px\" \/><\/h3>\n<\/div>\n<\/div>\n<\/section>\n<\/section>\n","protected":false},"excerpt":{"rendered":"<p>09-06-2025 Este martes vuelve la actividad futbol\u00edstica, tras el duelo provocado por el fallecimiento de un jugador en pleno partido del Federativo y un \u00e1rbitro. Ellos,\u00a0 Enzo Pittau y Fernando Brillada, dejaron un dolor muy grande en la comunidad deportiva. Tras el receso, la actividad retornar\u00e1 ma\u00f1ana con cinco partidos en el torneo Apertura de &hellip;<\/p>\n","protected":false},"author":2,"featured_media":20395,"comment_status":"open","ping_status":"open","sticky":false,"template":"","format":"standard","meta":{"footnotes":""},"categories":[5],"tags":[],"class_list":["post-20394","post","type-post","status-publish","format-standard","has-post-thumbnail","hentry","category-futbol"],"_links":{"self":[{"href":"https:\/\/www.sportchaco.com.ar\/index.php?rest_route=\/wp\/v2\/posts\/20394","targetHints":{"allow":["GET"]}}],"collection":[{"href":"https:\/\/www.sportchaco.com.ar\/index.php?rest_route=\/wp\/v2\/posts"}],"about":[{"href":"https:\/\/www.sportchaco.com.ar\/index.php?rest_route=\/wp\/v2\/types\/post"}],"author":[{"embeddable":true,"href":"https:\/\/www.sportchaco.com.ar\/index.php?rest_route=\/wp\/v2\/users\/2"}],"replies":[{"embeddable":true,"href":"https:\/\/www.sportchaco.com.ar\/index.php?rest_route=%2Fwp%2Fv2%2Fcomments&post=20394"}],"version-history":[{"count":2,"href":"https:\/\/www.sportchaco.com.ar\/index.php?rest_route=\/wp\/v2\/posts\/20394\/revisions"}],"predecessor-version":[{"id":20397,"href":"https:\/\/www.sportchaco.com.ar\/index.php?rest_route=\/wp\/v2\/posts\/20394\/revisions\/20397"}],"wp:featuredmedia":[{"embeddable":true,"href":"https:\/\/www.sportchaco.com.ar\/index.php?rest_route=\/wp\/v2\/media\/20395"}],"wp:attachment":[{"href":"https:\/\/www.sportchaco.com.ar\/index.php?rest_route=%2Fwp%2Fv2%2Fmedia&parent=20394"}],"wp:term":[{"taxonomy":"category","embeddable":true,"href":"https:\/\/www.sportchaco.com.ar\/index.php?rest_route=%2Fwp%2Fv2%2Fcategories&post=20394"},{"taxonomy":"post_tag","embeddable":true,"href":"https:\/\/www.sportchaco.com.ar\/index.php?rest_route=%2Fwp%2Fv2%2Ftags&post=20394"}],"curies":[{"name":"wp","href":"https:\/\/api.w.org\/{rel}","templated":true}]}}