{"id":20448,"date":"2025-06-10T12:58:52","date_gmt":"2025-06-10T15:58:52","guid":{"rendered":"https:\/\/www.sportchaco.com.ar\/?p=20448"},"modified":"2025-06-10T13:00:26","modified_gmt":"2025-06-10T16:00:26","slug":"el-impactante-cambio-fisico-de-luka-doncic","status":"publish","type":"post","link":"https:\/\/www.sportchaco.com.ar\/?p=20448","title":{"rendered":"El impactante cambio f\u00edsico de Luka Doncic"},"content":{"rendered":"<header class=\"article-header-wrapper\">\n<div class=\"article-header\">\n<h1 id=\"el-impactante-cambio-fisico-de-luka-doncic-que-da-que-hablar:-&quot;la-nba-esta-en-problemas&quot;\" class=\"display-block article-headline text_align_left\"><\/h1>\n<h4 class=\"article-subheadline text_align_left\">La estrella de los Lakers, que lleg\u00f3 a la franquicia en febrero tras un traspaso con Dallas, se pone a punto de cara a la pr\u00f3xima temporada<\/h4>\n<\/div>\n<\/header>\n<article class=\"article\">\n<div class=\"sharebar-container display_flex\">\n<div class=\"sharebar-buttons-container display_flex\">\n<div class=\"sharebar-buttons button-save\" tabindex=\"0\" role=\"button\" aria-label=\"Guardar\"><\/div>\n<div class=\"sharebar-buttons-separator\"><\/div>\n<p>&nbsp;<\/p>\n<\/div>\n<\/div>\n<div class=\"body-article \">\n<div class=\"visual__image\"><picture><source srcset=\"https:\/\/www.infobae.com\/resizer\/v2\/67FR73H6WBFGXA34TTPPLC5BU4.jpg?auth=7c5f6e55910014f4a44b68e7e81fa7bacbec89787918846081b48da6ff324dae&amp;smart=true&amp;width=992&amp;height=661&amp;quality=85\" media=\"(min-width: 1000px)\" \/><source srcset=\"https:\/\/www.infobae.com\/resizer\/v2\/67FR73H6WBFGXA34TTPPLC5BU4.jpg?auth=7c5f6e55910014f4a44b68e7e81fa7bacbec89787918846081b48da6ff324dae&amp;smart=true&amp;width=768&amp;height=512&amp;quality=85\" media=\"(min-width: 768px)\" \/><source srcset=\"https:\/\/www.infobae.com\/resizer\/v2\/67FR73H6WBFGXA34TTPPLC5BU4.jpg?auth=7c5f6e55910014f4a44b68e7e81fa7bacbec89787918846081b48da6ff324dae&amp;smart=true&amp;width=577&amp;height=385&amp;quality=85\" media=\"(min-width: 580px)\" \/><source srcset=\"https:\/\/www.infobae.com\/resizer\/v2\/67FR73H6WBFGXA34TTPPLC5BU4.jpg?auth=7c5f6e55910014f4a44b68e7e81fa7bacbec89787918846081b48da6ff324dae&amp;smart=true&amp;width=420&amp;height=280&amp;quality=85\" media=\"(min-width: 350px)\" \/><source srcset=\"https:\/\/www.infobae.com\/resizer\/v2\/67FR73H6WBFGXA34TTPPLC5BU4.jpg?auth=7c5f6e55910014f4a44b68e7e81fa7bacbec89787918846081b48da6ff324dae&amp;smart=true&amp;width=350&amp;height=233&amp;quality=85\" media=\"(min-width: 80px)\" \/><img loading=\"lazy\" decoding=\"async\" class=\"global-image\" src=\"https:\/\/www.infobae.com\/resizer\/v2\/67FR73H6WBFGXA34TTPPLC5BU4.jpg?auth=7c5f6e55910014f4a44b68e7e81fa7bacbec89787918846081b48da6ff324dae&amp;smart=true&amp;width=350&amp;height=233&amp;quality=85\" alt=\"Luka Doncic cambi\u00f3 su estado\" width=\"4988\" height=\"3325\" \/><\/picture>Luka Doncic cambi\u00f3 su estado f\u00edsico tras su llegada a los Lakers (Gary A. Vasquez-Imagn Images)<\/div>\n<p class=\"paragraph\"><b>El f\u00edsico de Luka Doncic siempre gener\u00f3 debate entre analistas, fan\u00e1ticos y dirigentes<\/b>. Ahora, tras su desembarco en\u00a0<b>Los \u00c1ngeles Lakers<\/b>\u00a0y una serie de semanas fuera de la competencia, el esloveno volvi\u00f3 a ser tendencia:\u00a0<b>una foto en la que se compara su aspecto actual con el que ten\u00eda en febrero de 2025 recorri\u00f3 las redes sociales\u00a0<\/b>y aviv\u00f3 la discusi\u00f3n sobre su presente y el potencial de su juego rumbo a la pr\u00f3xima temporada de la\u00a0<b>NBA<\/b>.<\/p>\n<p class=\"paragraph\">Doncic, de apenas 26 a\u00f1os, cerr\u00f3 hace algunas semanas una accidentada primera temporada con los Lakers, luego de un traspaso que sacudi\u00f3 la NBA y culmin\u00f3 con la eliminaci\u00f3n en primera ronda de los playoffs ante Minnesota Timberwolves. Su llegada gener\u00f3 enormes expectativas, aunque\u00a0<b>en aquel tramo final del certamen las cr\u00edticas por su estado f\u00edsico y su aporte defensivo fueron recurrentes<\/b>. El propio cuerpo m\u00e9dico de la franquicia angelina atribuy\u00f3 parte de sus problemas durante el a\u00f1o a lesiones vinculadas con el desgaste y la poca preparaci\u00f3n f\u00edsica que arrastraba desde Dallas, su anterior equipo.<\/p>\n<p class=\"paragraph\">En los \u00faltimos d\u00edas,\u00a0<b>Doncic aprovech\u00f3 el receso para viajar a Madrid y acompa\u00f1ar al Real, el club que lo form\u00f3, en los playoffs ante Baskonia<\/b>. La noticia no fue solo su regreso al estadio\u00a0<i>Wizink Center<\/i>, sino el evidente cambio f\u00edsico: la comparaci\u00f3n de im\u00e1genes que se viralizaron en la red X mostr\u00f3 a un Doncic notablemente m\u00e1s delgado y tonificado tras apenas cuatro meses de su desembarco al equipo de\u00a0<b>LeBron James<\/b>.<\/p>\n<p class=\"paragraph\">La diferencia se hizo mucho m\u00e1s notoria cuando el base se puso de pie junto al presidente del Merengue Florentino P\u00e9rez y salud\u00f3 a la afici\u00f3n, que lo ovacion\u00f3 como \u00eddolo de la casa.<\/p>\n<p class=\"paragraph\">Apenas termin\u00f3 la temporada y, mientras muchos NBA tomaron vacaciones en la pausa por el Juego de las Estrellas,\u00a0<b>Doncic eligi\u00f3 enfocarse en la preparaci\u00f3n f\u00edsica<\/b>. Decidi\u00f3 viajar a Cabo junto al entrenador del staff de los Lakers,\u00a0<b>Scott Brooks<\/b>, para realizar entrenamientos espec\u00edficos destinados a ganar agilidad y resistencia tras varios meses de irregularidad y lesiones. El esloveno se propuso reconstruir la base f\u00edsica que lo hab\u00eda distinguido en su paso por el Real Madrid y en sus primeras campa\u00f1as en la NBA, en busca de llegar a punto al Eurobasket que disputar\u00e1 con Eslovenia a partir del 27 de agosto.<\/p>\n<div class=\"visual__image\"><picture><source srcset=\"https:\/\/www.infobae.com\/resizer\/v2\/ODZCL2D63BFQNIOJWR6U72RCA4.png?auth=cb0c4a01070ffbe05365ce4a6e675c6735b202e062487f82f5d2b5b8242d8f98&amp;smart=true&amp;width=992&amp;height=1323&amp;quality=85\" media=\"(min-width: 1000px)\" \/><source srcset=\"https:\/\/www.infobae.com\/resizer\/v2\/ODZCL2D63BFQNIOJWR6U72RCA4.png?auth=cb0c4a01070ffbe05365ce4a6e675c6735b202e062487f82f5d2b5b8242d8f98&amp;smart=true&amp;width=768&amp;height=1024&amp;quality=85\" media=\"(min-width: 768px)\" \/><source srcset=\"https:\/\/www.infobae.com\/resizer\/v2\/ODZCL2D63BFQNIOJWR6U72RCA4.png?auth=cb0c4a01070ffbe05365ce4a6e675c6735b202e062487f82f5d2b5b8242d8f98&amp;smart=true&amp;width=577&amp;height=769&amp;quality=85\" media=\"(min-width: 580px)\" \/><source srcset=\"https:\/\/www.infobae.com\/resizer\/v2\/ODZCL2D63BFQNIOJWR6U72RCA4.png?auth=cb0c4a01070ffbe05365ce4a6e675c6735b202e062487f82f5d2b5b8242d8f98&amp;smart=true&amp;width=420&amp;height=560&amp;quality=85\" media=\"(min-width: 350px)\" \/><source srcset=\"https:\/\/www.infobae.com\/resizer\/v2\/ODZCL2D63BFQNIOJWR6U72RCA4.png?auth=cb0c4a01070ffbe05365ce4a6e675c6735b202e062487f82f5d2b5b8242d8f98&amp;smart=true&amp;width=350&amp;height=467&amp;quality=85\" media=\"(min-width: 80px)\" \/><img loading=\"lazy\" decoding=\"async\" class=\"global-image\" src=\"https:\/\/www.infobae.com\/resizer\/v2\/ODZCL2D63BFQNIOJWR6U72RCA4.png?auth=cb0c4a01070ffbe05365ce4a6e675c6735b202e062487f82f5d2b5b8242d8f98&amp;smart=true&amp;width=350&amp;height=467&amp;quality=85\" alt=\"La publicaci\u00f3n sobre el f\u00edsico\" width=\"1380\" height=\"1620\" \/><\/picture><\/div>\n<div><strong>fuente Infobae<\/strong><\/div>\n<\/div>\n<div style=\"text-align: center;\"><img loading=\"lazy\" decoding=\"async\" class=\"alignnone size-medium wp-image-20399\" src=\"https:\/\/www.sportchaco.com.ar\/wp-content\/uploads\/2025\/06\/Campo-120x200-01-180x300.gif\" alt=\"\" width=\"180\" height=\"300\" \/><\/div>\n<\/article>\n","protected":false},"excerpt":{"rendered":"<p>La estrella de los Lakers, que lleg\u00f3 a la franquicia en febrero tras un traspaso con Dallas, se pone a punto de cara a la pr\u00f3xima temporada &nbsp; Luka Doncic cambi\u00f3 su estado f\u00edsico tras su llegada a los Lakers (Gary A. Vasquez-Imagn Images) El f\u00edsico de Luka Doncic siempre gener\u00f3 debate entre analistas, fan\u00e1ticos &hellip;<\/p>\n","protected":false},"author":2,"featured_media":20454,"comment_status":"open","ping_status":"open","sticky":false,"template":"","format":"standard","meta":{"footnotes":""},"categories":[3],"tags":[],"class_list":["post-20448","post","type-post","status-publish","format-standard","has-post-thumbnail","hentry","category-basquetbol"],"_links":{"self":[{"href":"https:\/\/www.sportchaco.com.ar\/index.php?rest_route=\/wp\/v2\/posts\/20448","targetHints":{"allow":["GET"]}}],"collection":[{"href":"https:\/\/www.sportchaco.com.ar\/index.php?rest_route=\/wp\/v2\/posts"}],"about":[{"href":"https:\/\/www.sportchaco.com.ar\/index.php?rest_route=\/wp\/v2\/types\/post"}],"author":[{"embeddable":true,"href":"https:\/\/www.sportchaco.com.ar\/index.php?rest_route=\/wp\/v2\/users\/2"}],"replies":[{"embeddable":true,"href":"https:\/\/www.sportchaco.com.ar\/index.php?rest_route=%2Fwp%2Fv2%2Fcomments&post=20448"}],"version-history":[{"count":3,"href":"https:\/\/www.sportchaco.com.ar\/index.php?rest_route=\/wp\/v2\/posts\/20448\/revisions"}],"predecessor-version":[{"id":20457,"href":"https:\/\/www.sportchaco.com.ar\/index.php?rest_route=\/wp\/v2\/posts\/20448\/revisions\/20457"}],"wp:featuredmedia":[{"embeddable":true,"href":"https:\/\/www.sportchaco.com.ar\/index.php?rest_route=\/wp\/v2\/media\/20454"}],"wp:attachment":[{"href":"https:\/\/www.sportchaco.com.ar\/index.php?rest_route=%2Fwp%2Fv2%2Fmedia&parent=20448"}],"wp:term":[{"taxonomy":"category","embeddable":true,"href":"https:\/\/www.sportchaco.com.ar\/index.php?rest_route=%2Fwp%2Fv2%2Fcategories&post=20448"},{"taxonomy":"post_tag","embeddable":true,"href":"https:\/\/www.sportchaco.com.ar\/index.php?rest_route=%2Fwp%2Fv2%2Ftags&post=20448"}],"curies":[{"name":"wp","href":"https:\/\/api.w.org\/{rel}","templated":true}]}}