{"id":2047,"date":"2023-10-20T23:48:26","date_gmt":"2023-10-21T02:48:26","guid":{"rendered":"https:\/\/www.sportchaco.com.ar\/?p=2047"},"modified":"2023-10-20T23:48:26","modified_gmt":"2023-10-21T02:48:26","slug":"rafael-nadal-volvio-a-poner-en-duda-su-regreso-en-el-australia-open","status":"publish","type":"post","link":"https:\/\/www.sportchaco.com.ar\/?p=2047","title":{"rendered":"Rafael Nadal volvi\u00f3 a poner en duda su regreso en el Australia Open"},"content":{"rendered":"<h1><\/h1>\n<p class=\"description\"><strong>El hist\u00f3rico tenista espa\u00f1ol se refiri\u00f3 a su posible regreso a las canchas en enero y afirm\u00f3 que todav\u00eda sigue sintiendo molestias de su lesi\u00f3n en el psoas izquierdo.<\/strong><\/p>\n<div class=\"article-info\">\n<div class=\"article-info-left\">\n<div class=\"article-autor-info\">\n<div class=\"article-autor-name\"><\/div>\n<\/div>\n<\/div>\n<\/div>\n<figure class=\"rat16x9\"><img decoding=\"async\" title=\"Nadal\" src=\"https:\/\/media.tycsports.com\/files\/2023\/10\/10\/629429\/nadal-_416x234.webp\" srcset=\"https:\/\/media.tycsports.com\/files\/2023\/10\/10\/629429\/nadal-_416x234.webp 480w ,https:\/\/media.tycsports.com\/files\/2023\/10\/10\/629429\/nadal-_862x485.webp 1080w \" alt=\"Nadal\" \/><\/figure>\n<p class=\"capital\">Aprincipios de octubre,\u00a0<span style=\"color: #000000;\"><a style=\"color: #000000;\" href=\"https:\/\/www.tycsports.com\/tenis\/bombazo-rafael-nadal-jugara-australian-open-2024-id540629.html\" target=\"_blank\" rel=\"noopener\">Craig Tiley hab\u00eda confirmado la presencia de Rafael Nadal en el Australia Open del pr\u00f3ximo a\u00f1o<\/a>.<\/span> Ahora, el espa\u00f1ol quiso bajar el nivel de entusiasmo por su vuelta y\u00a0afirm\u00f3 que todav\u00eda no tiene fecha asegurada porque sigue padeciendo dolores por su lesi\u00f3n en el psoas.<\/p>\n<div class=\"watchto-wrap\">\n<div class=\"watchto\">\n<div class=\"watchto-text\"><\/div>\n<div class=\"watchto-btn-view\"><\/div>\n<\/div>\n<\/div>\n<p>Durante un acto en el\u00a0<i>Museo del Traje de Madrid<\/i>, el ganador de 22 Grand Slam asegur\u00f3 que su primera opci\u00f3n para retornar a las canchas es en enero, pero agreg\u00f3:\u00a0<i>\u201cVoy d\u00eda a d\u00eda porque no tengo la capacidad de conocer c\u00f3mo va a estar mi cuerpo dentro de unos meses\u201d<\/i>. Adem\u00e1s, el mallorqu\u00edn manifest\u00f3 que est\u00e1 volviendo a entrenar con un poco m\u00e1s de intensidad, y reconoci\u00f3:\u00a0<i>\u201cTengo menos dolor, pero sigo con molestias. Si no tuviera dolor podr\u00eda dar una fecha.\u00a0Pero hago cosas que antes no pod\u00eda hacer, entreno un poquito m\u00e1s\u201d<\/i>.<\/p>\n<p>&nbsp;<\/p>\n<p>&nbsp;<\/p>\n<p>Sobre su regreso a las canchas luego de la lesi\u00f3n en el psoas iliaco izquierdo, la cual sufri\u00f3 en la primera ronda del abierto de Melboune de este a\u00f1o, Nadal concluy\u00f3: \u201c<i>Voy por el camino adecuado, aunque es una lesi\u00f3n que no he tenido antes.<b>\u00a0Tengo ilusi\u00f3n, que es lo m\u00e1s importante.<\/b>\u00a0Es un terreno desconocido.\u00a0<b>Intent\u00e9 volver en la temporada de tierra y no pudo ser, por eso no s\u00e9 y no puedo decir cu\u00e1ndo voy a regresar<\/b>\u201d<\/i>.<\/p>\n<div class=\"watchto-wrap\">\n<div class=\"watchto\">\n<div class=\"watchto-text\"><\/div>\n<\/div>\n<\/div>\n<p>&nbsp;<\/p>\n<h2>Los 5 mejores tenistas de la historia seg\u00fan la inteligencia artificial<\/h2>\n<p>A continuaci\u00f3n, el listado de\u00a0<i>ChatGPT<\/i>\u00a0y su propia justificaci\u00f3n:<\/p>\n<ul>\n<li><b>Roger Federer<\/b>: Con 20 t\u00edtulos de Grand Slam y una elegancia inigualable en la cancha, Federer es ampliamente respetado como uno de los mejores tenistas de todos los tiempos.<\/li>\n<li><b>Rafael Nadal<\/b>: Con 20 t\u00edtulos de Grand Slam y una \u00e9tica de trabajo incansable, Nadal ha logrado un \u00e9xito impresionante en todo tipo de superficies.<\/li>\n<li><b>Novak Djokovic<\/b>: Djokovic ha ganado 20 t\u00edtulos de Grand Slam hasta la fecha y se destaca por su versatilidad y tenacidad en la cancha.<\/li>\n<li><b>Rod Laver<\/b>: Laver es el \u00fanico tenista en la historia en haber ganado los cuatro Grand Slam en un mismo a\u00f1o en dos ocasiones (1962 y 1969). Su logro es inigualable y lo convierte en una leyenda del tenis.<\/li>\n<li><b>Bj\u00f6rn Borg<\/b>: Aunque su carrera fue relativamente corta, Borg gan\u00f3 11 t\u00edtulos de Grand Slam y fue conocido por su estilo de juego excepcional y su dominio en la d\u00e9cada de 1970.<\/li>\n<\/ul>\n<p>Foto de dos grandes; Nadal que est\u00e1 cerca y Federar que ya se retir\u00f3<\/p>\n","protected":false},"excerpt":{"rendered":"<p>El hist\u00f3rico tenista espa\u00f1ol se refiri\u00f3 a su posible regreso a las canchas en enero y afirm\u00f3 que todav\u00eda sigue sintiendo molestias de su lesi\u00f3n en el psoas izquierdo. Aprincipios de octubre,\u00a0Craig Tiley hab\u00eda confirmado la presencia de Rafael Nadal en el Australia Open del pr\u00f3ximo a\u00f1o. Ahora, el espa\u00f1ol quiso bajar el nivel de &hellip;<\/p>\n","protected":false},"author":2,"featured_media":2048,"comment_status":"open","ping_status":"open","sticky":false,"template":"","format":"standard","meta":{"footnotes":""},"categories":[6,46],"tags":[],"class_list":["post-2047","post","type-post","status-publish","format-standard","has-post-thumbnail","hentry","category-internacionales","category-tenis"],"_links":{"self":[{"href":"https:\/\/www.sportchaco.com.ar\/index.php?rest_route=\/wp\/v2\/posts\/2047","targetHints":{"allow":["GET"]}}],"collection":[{"href":"https:\/\/www.sportchaco.com.ar\/index.php?rest_route=\/wp\/v2\/posts"}],"about":[{"href":"https:\/\/www.sportchaco.com.ar\/index.php?rest_route=\/wp\/v2\/types\/post"}],"author":[{"embeddable":true,"href":"https:\/\/www.sportchaco.com.ar\/index.php?rest_route=\/wp\/v2\/users\/2"}],"replies":[{"embeddable":true,"href":"https:\/\/www.sportchaco.com.ar\/index.php?rest_route=%2Fwp%2Fv2%2Fcomments&post=2047"}],"version-history":[{"count":1,"href":"https:\/\/www.sportchaco.com.ar\/index.php?rest_route=\/wp\/v2\/posts\/2047\/revisions"}],"predecessor-version":[{"id":2049,"href":"https:\/\/www.sportchaco.com.ar\/index.php?rest_route=\/wp\/v2\/posts\/2047\/revisions\/2049"}],"wp:featuredmedia":[{"embeddable":true,"href":"https:\/\/www.sportchaco.com.ar\/index.php?rest_route=\/wp\/v2\/media\/2048"}],"wp:attachment":[{"href":"https:\/\/www.sportchaco.com.ar\/index.php?rest_route=%2Fwp%2Fv2%2Fmedia&parent=2047"}],"wp:term":[{"taxonomy":"category","embeddable":true,"href":"https:\/\/www.sportchaco.com.ar\/index.php?rest_route=%2Fwp%2Fv2%2Fcategories&post=2047"},{"taxonomy":"post_tag","embeddable":true,"href":"https:\/\/www.sportchaco.com.ar\/index.php?rest_route=%2Fwp%2Fv2%2Ftags&post=2047"}],"curies":[{"name":"wp","href":"https:\/\/api.w.org\/{rel}","templated":true}]}}