{"id":20471,"date":"2025-06-10T19:35:11","date_gmt":"2025-06-10T22:35:11","guid":{"rendered":"https:\/\/www.sportchaco.com.ar\/?p=20471"},"modified":"2025-06-10T19:35:11","modified_gmt":"2025-06-10T22:35:11","slug":"chile-otra-vez-fuera-del-mundial","status":"publish","type":"post","link":"https:\/\/www.sportchaco.com.ar\/?p=20471","title":{"rendered":"Chile otra vez fuera del Mundial"},"content":{"rendered":"<header class=\"article-header-wrapper\">\n<div class=\"article-header\">\n<h4 id=\"chile-quedo-afuera-del-mundial-por-tercera-vez-al-hilo-y-explotaron-los-memes:-gareca-y-arturo-vidal-el-foco-de-las-burlas\" class=\"display-block article-headline text_align_left\">Chile qued\u00f3 afuera del Mundial por tercera vez al hilo y explotaron los memes: Gareca y Arturo Vidal, el foco de las burlas. La Roja cay\u00f3 ante Bolivia y qued\u00f3 sin chances en las Eliminatorias sudamericanas<\/h4>\n<\/div>\n<\/header>\n<article class=\"article\">\n<div class=\"sharebar-container display_flex\">\n<div class=\"sharebar-buttons-container display_flex\"><\/div>\n<\/div>\n<div class=\"body-article \">\n<div class=\"jwplayer-ctn\">\n<div>\n<div id=\"QQUEHZDVV5BQZGGOSWEOLPTMKE-custom_embed0\" class=\"jwplayer jw-reset jw-state-idle jw-stretch-uniform jw-flag-aspect-mode jw-breakpoint-4 jw-floating-dismissible jw-keep-thumbnail jw-flag-user-inactive\" tabindex=\"0\" role=\"application\" aria-label=\"Video Player - Bolivia vs Chile\" aria-describedby=\"jw-QQUEHZDVV5BQZGGOSWEOLPTMKE-custom_embed0-shortcuts-tooltip-explanation\">\n<div class=\"jw-aspect jw-reset\"><\/div>\n<div class=\"jw-wrapper jw-reset\">\n<div>\n<div>\n<div><\/div>\n<\/div>\n<div class=\"jw-contract-trigger\"><\/div>\n<\/div>\n<div class=\"jw-top jw-reset\"><\/div>\n<div class=\"jw-aspect jw-reset\"><\/div>\n<div class=\"jw-media jw-reset\"><\/div>\n<div class=\"jw-controls jw-reset\">\n<div class=\"jw-nextup-container jw-reset\">\n<div class=\"jw-nextup jw-background-color jw-reset jw-nextup-thumbnail-visible\"><\/div>\n<\/div>\n<\/div>\n<\/div>\n<div class=\"afs_ads ad-placement\"><\/div>\n<\/div>\n<\/div>\n<\/div>\n<p class=\"paragraph\"><span style=\"color: #000000;\"><strong>La\u00a0selecci\u00f3n de Chile\u00a0volvi\u00f3 a recibir un duro golpe:\u00a0<a style=\"color: #000000;\" title=\"https:\/\/www.infobae.com\/deportes\/2025\/06\/10\/bolivia-y-chile-exponen-sus-necesidades-en-un-duelo-que-podria-marcar-el-fin-del-ciclo-de-ricardo-gareca-hora-tv-y-formaciones\/\" href=\"https:\/\/www.infobae.com\/deportes\/2025\/06\/10\/bolivia-y-chile-exponen-sus-necesidades-en-un-duelo-que-podria-marcar-el-fin-del-ciclo-de-ricardo-gareca-hora-tv-y-formaciones\/\" target=\"_blank\" rel=\"noopener noreferrer\">cay\u00f3 2-0 ante\u00a0Bolivia\u00a0en El Alto\u00a0<\/a>y qued\u00f3 sin chances de clasificarse al Mundial de Estados Unidos, M\u00e9xico y Canad\u00e1 2026.\u00a0Miguel Terceros y Enzo Monteiro\u00a0anotaron los goles para el vencedor, que sigue so\u00f1ando con, al menos, disputar el Repechaje. La Roja, en tanto, cosech\u00f3 apenas diez puntos y, a dos fechas de la finalizaci\u00f3n del certamen, ya vio extinguirse su sue\u00f1o.<\/strong><\/span><\/p>\n<p class=\"paragraph\">Como agravante, es la tercera vez consecutiva que Chile se queda sin Copa del Mundo. La \u00faltima vez que disput\u00f3 la competencia ecum\u00e9nica fue en 2014, cuando cay\u00f3 en octavos de final ante Brasil por penales. Luego, aquella \u201cgeneraci\u00f3n dorada\u201d del f\u00fatbol de aquel pa\u00eds gan\u00f3 dos Copas Am\u00e9rica (2015 y 2016) con Jorge Sampaoli y Juan Antonio Pizzi como entrenadores, respectivamente. Pero a medida que \u201cenvejecieron\u201d sus figuras, no encontr\u00f3 el recambio suficiente para evitar estos tropiezos.<\/p>\n<p class=\"paragraph\">En el duelo que sentenci\u00f3 la suerte de los dirigidos por Ricardo Gareca, Bolivia sac\u00f3 una r\u00e1pida ventaja a los 5 minutos de juego por intermedio de\u00a0<b>Miguel Terceros<\/b>, quien recibi\u00f3 un pase de Diego Medina y defini\u00f3 con tranquilidad dentro del \u00e1rea ante la salida de Brayan Cort\u00e9s.<\/p>\n<p class=\"paragraph\">A los 18 minutos, el local sufri\u00f3 la expulsi\u00f3n del delantero Lucas Ch\u00e1ves por una patada a la altura del pecho contra Fabi\u00e1n Horm\u00e1zabal. El \u00e1rbitro uruguayo Esteban Ostojich le mostr\u00f3 en primera instancia la tarjeta amarilla, pero, tras el llamado del VAR, cambi\u00f3 su decisi\u00f3n y exhibi\u00f3 el acr\u00edlico rojo.<\/p>\n<p class=\"paragraph\">Sin embargo, Bolivia no merm\u00f3 su rendimiento con el jugador menos y continu\u00f3 atacando ante un Chile que no logr\u00f3 reaccionar. En el segundo tiempo, el Tigre apost\u00f3 a los cambios para salir de la inercia (ingresaron Javier Altamirano, V\u00edctor D\u00e1vila y Francisco Sierralata).<\/p>\n<p class=\"paragraph\">Poco le dur\u00f3 el empuje a la visita, porque a los 54 minutos fue expulsado\u00a0<b>Sierralta<\/b>, por una patada a la altura de la rodilla de\u00a0<b>Robson Matheus\u00a0<\/b>y se march\u00f3 a las duchas. El tanto de Monteiro en el ep\u00edlogo puso cifras definitivas y derrumb\u00f3 definitivamente las esperanzas de Chile. Y afloraron los memes en las redes sociales, con burlas y cr\u00edticas: Gareca y Arturo Vidal quedaron en el blanco de las bromas.<\/p>\n<p><iframe loading=\"lazy\" title=\"Bolivia 2 - 0 Chile | Eliminatorias Sudamericanas Mundial 2026 | Fecha 16\" width=\"500\" height=\"281\" src=\"https:\/\/www.youtube.com\/embed\/PuiSvEblAyI?feature=oembed\" frameborder=\"0\" allow=\"accelerometer; autoplay; clipboard-write; encrypted-media; gyroscope; picture-in-picture; web-share\" referrerpolicy=\"strict-origin-when-cross-origin\" allowfullscreen><\/iframe><\/p>\n<p class=\"paragraph\">El DT fue apuntado porque nunca le encontr\u00f3 la vuelta a su ciclo: reemplaz\u00f3 a otro argentino, Eduardo Berizzo, pero no logr\u00f3 repetir su buena experiencia al frente de Per\u00fa. Y el volante, provocador en su \u00faltimo partido ante Argentina,\u00a0<b>hab\u00eda sorprendido en la previa al borrar su famoso posteo con la foto de sus hijos, en el que indicaba: \u201cDescansen hijos m\u00edos, que pap\u00e1 tiene que trabajar y llevar a Chile al Mundial\u201d<\/b>.<\/p>\n<p class=\"paragraph\">Aquella publicaci\u00f3n databa de las Eliminatorias para Rusia 2018 y se hab\u00eda convertido en herramienta de burla constante. Pues bien, ni ese efecto le sirvi\u00f3 al Rey Arturo y al conjunto trasandino para, al menos, estirar a la \u00faltima doble fecha la pelea por ir al Mundial. No se les dio. Y hoy la Roja padece otra decepci\u00f3n.<\/p>\n<\/div>\n<\/article>\n","protected":false},"excerpt":{"rendered":"<p>Chile qued\u00f3 afuera del Mundial por tercera vez al hilo y explotaron los memes: Gareca y Arturo Vidal, el foco de las burlas. La Roja cay\u00f3 ante Bolivia y qued\u00f3 sin chances en las Eliminatorias sudamericanas La\u00a0selecci\u00f3n de Chile\u00a0volvi\u00f3 a recibir un duro golpe:\u00a0cay\u00f3 2-0 ante\u00a0Bolivia\u00a0en El Alto\u00a0y qued\u00f3 sin chances de clasificarse al Mundial &hellip;<\/p>\n","protected":false},"author":2,"featured_media":20472,"comment_status":"open","ping_status":"open","sticky":false,"template":"","format":"standard","meta":{"footnotes":""},"categories":[6],"tags":[],"class_list":["post-20471","post","type-post","status-publish","format-standard","has-post-thumbnail","hentry","category-internacionales"],"_links":{"self":[{"href":"https:\/\/www.sportchaco.com.ar\/index.php?rest_route=\/wp\/v2\/posts\/20471","targetHints":{"allow":["GET"]}}],"collection":[{"href":"https:\/\/www.sportchaco.com.ar\/index.php?rest_route=\/wp\/v2\/posts"}],"about":[{"href":"https:\/\/www.sportchaco.com.ar\/index.php?rest_route=\/wp\/v2\/types\/post"}],"author":[{"embeddable":true,"href":"https:\/\/www.sportchaco.com.ar\/index.php?rest_route=\/wp\/v2\/users\/2"}],"replies":[{"embeddable":true,"href":"https:\/\/www.sportchaco.com.ar\/index.php?rest_route=%2Fwp%2Fv2%2Fcomments&post=20471"}],"version-history":[{"count":1,"href":"https:\/\/www.sportchaco.com.ar\/index.php?rest_route=\/wp\/v2\/posts\/20471\/revisions"}],"predecessor-version":[{"id":20473,"href":"https:\/\/www.sportchaco.com.ar\/index.php?rest_route=\/wp\/v2\/posts\/20471\/revisions\/20473"}],"wp:featuredmedia":[{"embeddable":true,"href":"https:\/\/www.sportchaco.com.ar\/index.php?rest_route=\/wp\/v2\/media\/20472"}],"wp:attachment":[{"href":"https:\/\/www.sportchaco.com.ar\/index.php?rest_route=%2Fwp%2Fv2%2Fmedia&parent=20471"}],"wp:term":[{"taxonomy":"category","embeddable":true,"href":"https:\/\/www.sportchaco.com.ar\/index.php?rest_route=%2Fwp%2Fv2%2Fcategories&post=20471"},{"taxonomy":"post_tag","embeddable":true,"href":"https:\/\/www.sportchaco.com.ar\/index.php?rest_route=%2Fwp%2Fv2%2Ftags&post=20471"}],"curies":[{"name":"wp","href":"https:\/\/api.w.org\/{rel}","templated":true}]}}