{"id":20489,"date":"2025-06-10T23:49:35","date_gmt":"2025-06-11T02:49:35","guid":{"rendered":"https:\/\/www.sportchaco.com.ar\/?p=20489"},"modified":"2025-06-10T23:57:54","modified_gmt":"2025-06-11T02:57:54","slug":"20489","status":"publish","type":"post","link":"https:\/\/www.sportchaco.com.ar\/?p=20489","title":{"rendered":"Alfaro perdi\u00f3 el invicto en Brasil"},"content":{"rendered":"<figure data-modal-description=\"Vinicius, autor del primer gol de la Era Ancelotti en Brasil. (Wagner Meier\/Getty Images)\" data-modal-image=\"https:\/\/media.tycsports.com\/files\/2025\/06\/10\/851423\/brasil_w862.webp\"><figcaption>\n<h4><span style=\"font-size: 16px; font-weight: 400;\">10\/06\/2025\u00a0<\/span><\/h4>\n<h4>La Brasil de Carlo Ancelotti le gan\u00f3 a la Paraguay de Gustavo Alfaro y clasific\u00f3 al Mundial. La Canarinha se impuso por 1-0 sobre la Albirroja en San Pablo con gol de Gustavo Alfaro y obtuvo el segundo boleto de las Eliminatorias Sudamericanas a la Copa del Mundo.<\/h4>\n<figure data-modal-description=\"Vinicius, autor del primer gol de la Era Ancelotti en Brasil. (Wagner Meier\/Getty Images)\" data-modal-image=\"https:\/\/media.tycsports.com\/files\/2025\/06\/10\/851423\/brasil_w862.webp\"><img loading=\"lazy\" decoding=\"async\" class=\"mainImg r16x9\" title=\"Brasil\" src=\"https:\/\/media.tycsports.com\/files\/2025\/06\/10\/851423\/brasil_416x234.webp?v=1\" srcset=\"https:\/\/media.tycsports.com\/files\/2025\/06\/10\/851423\/brasil_416x234.webp?v=1 960w,https:\/\/media.tycsports.com\/files\/2025\/06\/10\/851423\/brasil_862x485.webp?v=1 1024w\" alt=\"Brasil\" width=\"416\" height=\"234\" \/><figcaption><\/figcaption><\/figure>\n<div class=\"mamComponent async\" data-channel=\"deportes.futbol.eliminatorias.ficha.691515\">\n<div class=\"futbol\">\n<div class=\"mamInfo\">Neo Qu\u00edmica Arena Sao PauloCONMEBOL &#8211; Eliminatorias Mundial 2026<\/div>\n<\/div>\n<\/div>\n<p>La Selecci\u00f3n de Brasil derrot\u00f3 a Paraguay\u00a0por la fecha 16 de las Eliminatorias Sudamericanas y\u00a0asegur\u00f3 la clasificaci\u00f3n al Mundial de Estados Unidos, M\u00e9xico y Canad\u00e1 2026. Con un gol de\u00a0Vinicius Junior, el Scratch de Carlo Ancelotti\u00a0se impuso por 1-0\u00a0sobre la Albirroja de Gustavo Alfaro en el Estadio Neo Qu\u00edmica Arena de Sao Paulo y se convirti\u00f3 en la\u00a0segunda federaci\u00f3n de Conmebol en obtener el boleto a la Copa del Mundo.<\/p>\n<p><iframe loading=\"lazy\" title=\"Gol de Vinicius Junior Paraguay vs Brasil 1-0 hoy\" width=\"500\" height=\"281\" src=\"https:\/\/www.youtube.com\/embed\/fJqO1jDFVCs?feature=oembed\" frameborder=\"0\" allow=\"accelerometer; autoplay; clipboard-write; encrypted-media; gyroscope; picture-in-picture; web-share\" referrerpolicy=\"strict-origin-when-cross-origin\" allowfullscreen><\/iframe><\/p>\n<p>Foto portada: Vinicius, autor del primer gol de la Era Ancelotti en Brasil. TyC Sports<\/p>\n<\/figcaption><\/figure>\n<div class=\"mamComponent async\" data-channel=\"deportes.futbol.eliminatorias.ficha.691515\">\n<div class=\"futbol\">\n<div class=\"mamInfo\" style=\"text-align: center;\"><img loading=\"lazy\" decoding=\"async\" class=\"alignnone size-medium wp-image-20490\" src=\"https:\/\/www.sportchaco.com.ar\/wp-content\/uploads\/2025\/06\/728x90-1-300x37.gif\" alt=\"\" width=\"300\" height=\"37\" srcset=\"https:\/\/www.sportchaco.com.ar\/wp-content\/uploads\/2025\/06\/728x90-1-300x37.gif 300w, https:\/\/www.sportchaco.com.ar\/wp-content\/uploads\/2025\/06\/728x90-1-1024x127.gif 1024w, https:\/\/www.sportchaco.com.ar\/wp-content\/uploads\/2025\/06\/728x90-1-768x96.gif 768w\" sizes=\"auto, (max-width: 300px) 100vw, 300px\" \/> <img loading=\"lazy\" decoding=\"async\" class=\"alignnone size-medium wp-image-20491\" src=\"https:\/\/www.sportchaco.com.ar\/wp-content\/uploads\/2025\/06\/PARQUE-SOLAR_720x90-01-300x38.gif\" alt=\"\" width=\"300\" height=\"38\" \/><\/div>\n<\/div>\n<\/div>\n","protected":false},"excerpt":{"rendered":"<p>10\/06\/2025\u00a0 La Brasil de Carlo Ancelotti le gan\u00f3 a la Paraguay de Gustavo Alfaro y clasific\u00f3 al Mundial. La Canarinha se impuso por 1-0 sobre la Albirroja en San Pablo con gol de Gustavo Alfaro y obtuvo el segundo boleto de las Eliminatorias Sudamericanas a la Copa del Mundo. Neo Qu\u00edmica Arena Sao PauloCONMEBOL &#8211; &hellip;<\/p>\n","protected":false},"author":2,"featured_media":20487,"comment_status":"open","ping_status":"open","sticky":false,"template":"","format":"standard","meta":{"footnotes":""},"categories":[6],"tags":[],"class_list":["post-20489","post","type-post","status-publish","format-standard","has-post-thumbnail","hentry","category-internacionales"],"_links":{"self":[{"href":"https:\/\/www.sportchaco.com.ar\/index.php?rest_route=\/wp\/v2\/posts\/20489","targetHints":{"allow":["GET"]}}],"collection":[{"href":"https:\/\/www.sportchaco.com.ar\/index.php?rest_route=\/wp\/v2\/posts"}],"about":[{"href":"https:\/\/www.sportchaco.com.ar\/index.php?rest_route=\/wp\/v2\/types\/post"}],"author":[{"embeddable":true,"href":"https:\/\/www.sportchaco.com.ar\/index.php?rest_route=\/wp\/v2\/users\/2"}],"replies":[{"embeddable":true,"href":"https:\/\/www.sportchaco.com.ar\/index.php?rest_route=%2Fwp%2Fv2%2Fcomments&post=20489"}],"version-history":[{"count":4,"href":"https:\/\/www.sportchaco.com.ar\/index.php?rest_route=\/wp\/v2\/posts\/20489\/revisions"}],"predecessor-version":[{"id":20500,"href":"https:\/\/www.sportchaco.com.ar\/index.php?rest_route=\/wp\/v2\/posts\/20489\/revisions\/20500"}],"wp:featuredmedia":[{"embeddable":true,"href":"https:\/\/www.sportchaco.com.ar\/index.php?rest_route=\/wp\/v2\/media\/20487"}],"wp:attachment":[{"href":"https:\/\/www.sportchaco.com.ar\/index.php?rest_route=%2Fwp%2Fv2%2Fmedia&parent=20489"}],"wp:term":[{"taxonomy":"category","embeddable":true,"href":"https:\/\/www.sportchaco.com.ar\/index.php?rest_route=%2Fwp%2Fv2%2Fcategories&post=20489"},{"taxonomy":"post_tag","embeddable":true,"href":"https:\/\/www.sportchaco.com.ar\/index.php?rest_route=%2Fwp%2Fv2%2Ftags&post=20489"}],"curies":[{"name":"wp","href":"https:\/\/api.w.org\/{rel}","templated":true}]}}