{"id":20543,"date":"2025-06-11T21:00:21","date_gmt":"2025-06-12T00:00:21","guid":{"rendered":"https:\/\/www.sportchaco.com.ar\/?p=20543"},"modified":"2025-06-11T21:00:21","modified_gmt":"2025-06-12T00:00:21","slug":"for-ever-perfila-equipo-para-ir-a-caseros","status":"publish","type":"post","link":"https:\/\/www.sportchaco.com.ar\/?p=20543","title":{"rendered":"For Ever perfila equipo para ir a Caseros"},"content":{"rendered":"<p><strong>11-06-2025<\/strong><\/p>\n<p><img loading=\"lazy\" decoding=\"async\" class=\"aligncenter wp-image-20253 size-full\" src=\"https:\/\/www.sportchaco.com.ar\/wp-content\/uploads\/2025\/06\/Campo-720x90-13.gif\" alt=\"\" width=\"1500\" height=\"188\" \/><\/p>\n<p>For Ever trabaj\u00f3 en doble turno y el DT Ricardo Pancaldo empezar\u00e1 a realizar trabajos t\u00e1cticos buscando definir el equipo que el s\u00e1bado, a las 15:30, visitar\u00e1 a Estudiantes de Caseros en juego de la 18\u00aa fecha (primera de la segunda rueda) de la zona B de la Primera Nacional de f\u00fatbol.<\/p>\n<p>El \u00e1rbitro principal del partido ser\u00e1 Juan Pablo Loustau, que estar\u00e1 siendo asistido por Juan Pablo Millenaar y Mariana De Almeida; mientras que el cuarto \u00e1rbitro ser\u00e1 Gabriel Guti\u00e9rrez.<\/p>\n<p>Pancaldo tendr\u00e1 una baja obligada ya que se confirm\u00f3 que el delantero Leonardo Marinucci, que hab\u00eda salido con una molestia en la derrota 2-1 ante Mor\u00f3n, sufri\u00f3 un desgarro por lo que tendr\u00e1 como m\u00ednimo para dos semanas m\u00e1s de recuperaci\u00f3n.<\/p>\n<p>La buena noticia para el \u00abNegro\u00bb es que recupera para jugar en Buenos Aires al volante Juan Manuel Carrizo. El salte\u00f1o dej\u00f3 atr\u00e1s una molestia en uno de sus dedos de la pierna derecha y seguramente recuperar\u00e1 la titularidad.<\/p>\n<p>Habr\u00e1 que ver por qui\u00e9n se define Pancaldo para reemplazar a Marinucci. El entrenador prob\u00f3 con Imanol Enr\u00edquez y Gonzalo Ca\u00f1ete. Y en caso de que Carrizo se meta en el equipo, Maximiliano Romero podr\u00eda perder la titularidad, aunque \u00abMaxi\u00bb tambi\u00e9n puede jugar en el fondo (como zaguero o lateral derecho).<\/p>\n<p>La delegaci\u00f3n chaque\u00f1a partir\u00e1 este jueves, a las 21, en micro hacia Buenos Aires de cara al choque del s\u00e1bado contra el \u00abPincha\u00bb.<\/p>\n<p>For Ever marcha s\u00e9ptimo en la zona B y est\u00e1 metido en zona de Reducido tras completarse las 17 fechas de la primera rueda.<\/p>\n<p>Estudiantes de Caseros, por su parte, viene de igualar 0 a 0 el viernes como local ante Temperley (partido pendiente de la fecha 15) y tiene los mimso puntos que For Ever, pero mejor diferencia de goles, por lo que est\u00e1 un escal\u00f3n arriba en la tabla.<\/p>\n<h2>CON VISITANTES<\/h2>\n<p>La dirigencia de For Ever confirm\u00f3 que el juego de la 21\u00aa fecha ante Col\u00f3n, en el \u00abJuan Alberto Garc\u00eda\u00bb, se disputar\u00e1 con p\u00fablico visitante. Al igual que el a\u00f1o pasado, los hinchas del \u00abSabalero\u00bb podr\u00e1n ubicarse en la tribuna de la venida 9 de Julio. La amistad entre los hinchas de For Ever y los del \u00abSabalero\u00bb hace posible que la Polic\u00eda no ponga mayores objeciones para el diagrama del operativo.<\/p>\n<p>Antes del partido ante Col\u00f3n, For Ever jugar\u00e1 el s\u00e1bado ante Estudiantes en Caseros; luego recibir\u00e1 a Defensores Unidos de Z\u00e1rate; y despu\u00e9s visitar\u00e1 a Temperley.<\/p>\n<p><em><strong>Fuente: Diario NORTE<\/strong><\/em><\/p>\n<p><img loading=\"lazy\" decoding=\"async\" class=\"aligncenter wp-image-20515 size-full\" src=\"https:\/\/www.sportchaco.com.ar\/wp-content\/uploads\/2025\/06\/Banners-creditos-otorgados-al-campo_1080x1350-scaled.gif\" alt=\"\" width=\"2048\" height=\"2560\" \/><\/p>\n","protected":false},"excerpt":{"rendered":"<p>11-06-2025 For Ever trabaj\u00f3 en doble turno y el DT Ricardo Pancaldo empezar\u00e1 a realizar trabajos t\u00e1cticos buscando definir el equipo que el s\u00e1bado, a las 15:30, visitar\u00e1 a Estudiantes de Caseros en juego de la 18\u00aa fecha (primera de la segunda rueda) de la zona B de la Primera Nacional de f\u00fatbol. El \u00e1rbitro &hellip;<\/p>\n","protected":false},"author":3,"featured_media":20544,"comment_status":"open","ping_status":"open","sticky":false,"template":"","format":"standard","meta":{"footnotes":""},"categories":[5],"tags":[],"class_list":["post-20543","post","type-post","status-publish","format-standard","has-post-thumbnail","hentry","category-futbol"],"_links":{"self":[{"href":"https:\/\/www.sportchaco.com.ar\/index.php?rest_route=\/wp\/v2\/posts\/20543","targetHints":{"allow":["GET"]}}],"collection":[{"href":"https:\/\/www.sportchaco.com.ar\/index.php?rest_route=\/wp\/v2\/posts"}],"about":[{"href":"https:\/\/www.sportchaco.com.ar\/index.php?rest_route=\/wp\/v2\/types\/post"}],"author":[{"embeddable":true,"href":"https:\/\/www.sportchaco.com.ar\/index.php?rest_route=\/wp\/v2\/users\/3"}],"replies":[{"embeddable":true,"href":"https:\/\/www.sportchaco.com.ar\/index.php?rest_route=%2Fwp%2Fv2%2Fcomments&post=20543"}],"version-history":[{"count":1,"href":"https:\/\/www.sportchaco.com.ar\/index.php?rest_route=\/wp\/v2\/posts\/20543\/revisions"}],"predecessor-version":[{"id":20545,"href":"https:\/\/www.sportchaco.com.ar\/index.php?rest_route=\/wp\/v2\/posts\/20543\/revisions\/20545"}],"wp:featuredmedia":[{"embeddable":true,"href":"https:\/\/www.sportchaco.com.ar\/index.php?rest_route=\/wp\/v2\/media\/20544"}],"wp:attachment":[{"href":"https:\/\/www.sportchaco.com.ar\/index.php?rest_route=%2Fwp%2Fv2%2Fmedia&parent=20543"}],"wp:term":[{"taxonomy":"category","embeddable":true,"href":"https:\/\/www.sportchaco.com.ar\/index.php?rest_route=%2Fwp%2Fv2%2Fcategories&post=20543"},{"taxonomy":"post_tag","embeddable":true,"href":"https:\/\/www.sportchaco.com.ar\/index.php?rest_route=%2Fwp%2Fv2%2Ftags&post=20543"}],"curies":[{"name":"wp","href":"https:\/\/api.w.org\/{rel}","templated":true}]}}