{"id":20551,"date":"2025-06-12T08:32:49","date_gmt":"2025-06-12T11:32:49","guid":{"rendered":"https:\/\/www.sportchaco.com.ar\/?p=20551"},"modified":"2025-06-12T08:32:49","modified_gmt":"2025-06-12T11:32:49","slug":"for-ever-presento-a-zules-caicedo-y-cerrudo","status":"publish","type":"post","link":"https:\/\/www.sportchaco.com.ar\/?p=20551","title":{"rendered":"For Ever present\u00f3 a Zules Caicedo y Cerrudo"},"content":{"rendered":"<p><strong>12-06-2025<\/strong><\/p>\n<p><img loading=\"lazy\" decoding=\"async\" class=\"aligncenter wp-image-20161 size-full\" src=\"https:\/\/www.sportchaco.com.ar\/wp-content\/uploads\/2025\/06\/BANNER-WEB-CHACO-JUEGA_720x90.gif\" alt=\"\" width=\"1501\" height=\"188\" \/><\/p>\n<p>A trav\u00e9s de sus redes sociales oficiales, For Ever present\u00f3 a sus dos nuevos refuerzos para el torneo de la Primera Nacional de F\u00fatbol.<\/p>\n<p>El certamen nacional comenzar\u00e1 este fin de semana con la segunda rueda en ambas zonas. El \u00abnegro\u00bb marcha s\u00e9ptimo en la zona B y este s\u00e1bado enfrentar\u00e1 a Estudiantes en Caseros.<\/p>\n<p>Con el libro de pases abierto, el equipo chaque\u00f1o, oficializ\u00f3 las llegadas del defensor central Jorge Zules Caicedo, proveniente del f\u00fatbol del exterior y que el DT Ricardo Pancaldo lo tuvo en Deportivo Madryn.<\/p>\n<p>Tambi\u00e9n se suma al plantel Juan Cruz Cerrudo, extremo derecho que llega a pr\u00e9stamo desde Rosario Central. Anteriormente estuvo compitiendo en Recreativo Huelva, en el f\u00fatbol espa\u00f1ol.<\/p>\n<p>Cabe recordar que, hasta el momento, la \u00fanica salida del club fue la del centro delantero Lucas Rebecchi.<\/p>\n<p><img loading=\"lazy\" decoding=\"async\" class=\"aligncenter wp-image-20514 size-full\" src=\"https:\/\/www.sportchaco.com.ar\/wp-content\/uploads\/2025\/06\/BANNER-WEB-CHACO-JUEGA_300x250-1-1.gif\" alt=\"\" width=\"626\" height=\"522\" \/><\/p>\n","protected":false},"excerpt":{"rendered":"<p>12-06-2025 A trav\u00e9s de sus redes sociales oficiales, For Ever present\u00f3 a sus dos nuevos refuerzos para el torneo de la Primera Nacional de F\u00fatbol. El certamen nacional comenzar\u00e1 este fin de semana con la segunda rueda en ambas zonas. El \u00abnegro\u00bb marcha s\u00e9ptimo en la zona B y este s\u00e1bado enfrentar\u00e1 a Estudiantes en &hellip;<\/p>\n","protected":false},"author":3,"featured_media":20552,"comment_status":"open","ping_status":"open","sticky":false,"template":"","format":"standard","meta":{"footnotes":""},"categories":[5],"tags":[],"class_list":["post-20551","post","type-post","status-publish","format-standard","has-post-thumbnail","hentry","category-futbol"],"_links":{"self":[{"href":"https:\/\/www.sportchaco.com.ar\/index.php?rest_route=\/wp\/v2\/posts\/20551","targetHints":{"allow":["GET"]}}],"collection":[{"href":"https:\/\/www.sportchaco.com.ar\/index.php?rest_route=\/wp\/v2\/posts"}],"about":[{"href":"https:\/\/www.sportchaco.com.ar\/index.php?rest_route=\/wp\/v2\/types\/post"}],"author":[{"embeddable":true,"href":"https:\/\/www.sportchaco.com.ar\/index.php?rest_route=\/wp\/v2\/users\/3"}],"replies":[{"embeddable":true,"href":"https:\/\/www.sportchaco.com.ar\/index.php?rest_route=%2Fwp%2Fv2%2Fcomments&post=20551"}],"version-history":[{"count":1,"href":"https:\/\/www.sportchaco.com.ar\/index.php?rest_route=\/wp\/v2\/posts\/20551\/revisions"}],"predecessor-version":[{"id":20553,"href":"https:\/\/www.sportchaco.com.ar\/index.php?rest_route=\/wp\/v2\/posts\/20551\/revisions\/20553"}],"wp:featuredmedia":[{"embeddable":true,"href":"https:\/\/www.sportchaco.com.ar\/index.php?rest_route=\/wp\/v2\/media\/20552"}],"wp:attachment":[{"href":"https:\/\/www.sportchaco.com.ar\/index.php?rest_route=%2Fwp%2Fv2%2Fmedia&parent=20551"}],"wp:term":[{"taxonomy":"category","embeddable":true,"href":"https:\/\/www.sportchaco.com.ar\/index.php?rest_route=%2Fwp%2Fv2%2Fcategories&post=20551"},{"taxonomy":"post_tag","embeddable":true,"href":"https:\/\/www.sportchaco.com.ar\/index.php?rest_route=%2Fwp%2Fv2%2Ftags&post=20551"}],"curies":[{"name":"wp","href":"https:\/\/api.w.org\/{rel}","templated":true}]}}