{"id":20573,"date":"2025-06-12T23:15:38","date_gmt":"2025-06-13T02:15:38","guid":{"rendered":"https:\/\/www.sportchaco.com.ar\/?p=20573"},"modified":"2025-06-13T11:03:10","modified_gmt":"2025-06-13T14:03:10","slug":"efemerides-del-13-de-junio-2","status":"publish","type":"post","link":"https:\/\/www.sportchaco.com.ar\/?p=20573","title":{"rendered":"Efem\u00e9rides del 13 de junio"},"content":{"rendered":"<div class=\"container fullwidth-entry-title-wrapper\">\n<div class=\"container-wrapper fullwidth-entry-title\">\n<header class=\"entry-header-outer\">\n<div class=\"entry-header\">\n<h1 class=\"post-title entry-title\"><\/h1>\n<div class=\"single-post-meta post-meta clearfix\"><\/div>\n<\/div>\n<\/header>\n<\/div>\n<\/div>\n<div id=\"content\" class=\"site-content container\">\n<div id=\"main-content-row\" class=\"tie-row main-content-row\">\n<div class=\"main-content tie-col-md-8 tie-col-xs-12\" role=\"main\">\n<article id=\"the-post\" class=\"container-wrapper post-content tie-standard\">\n<div class=\"featured-area\">\n<div class=\"featured-area-inner\"><\/div>\n<\/div>\n<div class=\"entry-content entry clearfix\">\n<p><strong>Esta es la Efem\u00e9rides del Deporte en el Chaco de un 13 de junio del periodista Luis Dar\u00edo Molodezky.<\/strong><\/p>\n<p>&nbsp;<\/p>\n<p style=\"text-align: center;\"><img loading=\"lazy\" decoding=\"async\" class=\"alignnone size-medium wp-image-20513\" src=\"https:\/\/www.sportchaco.com.ar\/wp-content\/uploads\/2025\/06\/Luis-2025-marzo-3-2-300x229.jpg\" alt=\"\" width=\"300\" height=\"229\" \/><\/p>\n<p><strong>1911 \/<\/strong>\u00a0Nace en Corrientes Antonio \u00abTito\u00bb Castellano. A los 10 a\u00f1os sus padres se radicaron en Resistencia y sus primeros pasos futbol\u00edsticos los dio en la cancha del Club Hurac\u00e1n, ubicada en lo que hoy es la Plaza Belgrano. Hizo las inferiores en For Ever y luego pas\u00f3 a Sarmiento, donde debut\u00f3 oficialmente el 24 de mayo de 1936, en un cl\u00e1sico que gan\u00f3 el decano 3 a 1. Logr\u00f3 varios campeonatos formando una l\u00ednea media \u00abinolvidable\u00bb junto a Jos\u00e9 De Pedro y Ricardo Orellano, convirti\u00e9ndose en \u00eddolo y l\u00edder, como el de la Liga Chaque\u00f1a. Estuvo en Chacarita Juniors donde militaban otros chaque\u00f1os como V\u00edctor Valussi, Roberto Terzolo, Antonio Ruiz D\u00edaz, Manuel Iturri, Fernando Parmetler y Benavento. Despu\u00e9s se alist\u00f3 en Sportivo Belgrano de San Francisco (C\u00f3rdoba), y regres\u00f3 a jugar sus \u00faltimos a\u00f1os de f\u00fatbol vistiendo la casaca \u2018aurirroja\u2019, hasta 12 de noviembre de 1949. Se retir\u00f3 en 1950 jugando para Resistencia Central. Ya como t\u00e9cnico dirigi\u00f3 a Sarmiento, For Ever, San Fernando e Independiente Tirol. Al b\u00e1squetbol lo practic\u00f3 en el famoso equipo de Sportivo Libertad.<\/p>\n<p><strong>1936\u00a0<\/strong>\/ Se funda el Club Social y Deportivo V\u00e9lez Sarsfield de Tres Isletas. Cuenta con un amplio predio de 4,5 hect\u00e1reas, ubicado sobre la calle G\u00fcemes, con amplias comodidades para los socios y es el m\u00e1s importante del departamento Maip\u00fa.<\/p>\n<p><strong>2011<\/strong> \/ Fallece sorpresivamente el Ingeniero Agr\u00f3nomo Ricardo Soto, ex futbolista de Central Norte, Sarmiento, Seleccionados de Chaco y Racing Club. Fue jugador y t\u00e9cnico de rica trayectoria, que dej\u00f3 un recuerdo imborrable entre los que lo conocieron, no solo por su talento para jugar, sino tambi\u00e9n por su sensibilidad y buena persona. Hab\u00eda nacido el 21 de julio de 1951. Su deceso se produjo mientras jugaba un partido entre amigos en la cancha de San Jos\u00e9 Obrero.<\/p>\n<\/div>\n<p><img loading=\"lazy\" decoding=\"async\" class=\"size-medium wp-image-20252 aligncenter\" src=\"https:\/\/www.sportchaco.com.ar\/wp-content\/uploads\/2025\/06\/BANNER-WEB-CHACO-JUEGA_200x200-1-300x300.gif\" alt=\"\" width=\"300\" height=\"300\" srcset=\"https:\/\/www.sportchaco.com.ar\/wp-content\/uploads\/2025\/06\/BANNER-WEB-CHACO-JUEGA_200x200-1-300x300.gif 300w, https:\/\/www.sportchaco.com.ar\/wp-content\/uploads\/2025\/06\/BANNER-WEB-CHACO-JUEGA_200x200-1-150x150.gif 150w\" sizes=\"auto, (max-width: 300px) 100vw, 300px\" \/><\/p>\n<\/article>\n<\/div>\n<\/div>\n<\/div>\n","protected":false},"excerpt":{"rendered":"<p>Esta es la Efem\u00e9rides del Deporte en el Chaco de un 13 de junio del periodista Luis Dar\u00edo Molodezky. &nbsp; 1911 \/\u00a0Nace en Corrientes Antonio \u00abTito\u00bb Castellano. A los 10 a\u00f1os sus padres se radicaron en Resistencia y sus primeros pasos futbol\u00edsticos los dio en la cancha del Club Hurac\u00e1n, ubicada en lo que hoy &hellip;<\/p>\n","protected":false},"author":2,"featured_media":20575,"comment_status":"open","ping_status":"open","sticky":false,"template":"","format":"standard","meta":{"footnotes":""},"categories":[45,36],"tags":[],"class_list":["post-20573","post","type-post","status-publish","format-standard","has-post-thumbnail","hentry","category-efemerides-dia-por-dia","category-junio"],"_links":{"self":[{"href":"https:\/\/www.sportchaco.com.ar\/index.php?rest_route=\/wp\/v2\/posts\/20573","targetHints":{"allow":["GET"]}}],"collection":[{"href":"https:\/\/www.sportchaco.com.ar\/index.php?rest_route=\/wp\/v2\/posts"}],"about":[{"href":"https:\/\/www.sportchaco.com.ar\/index.php?rest_route=\/wp\/v2\/types\/post"}],"author":[{"embeddable":true,"href":"https:\/\/www.sportchaco.com.ar\/index.php?rest_route=\/wp\/v2\/users\/2"}],"replies":[{"embeddable":true,"href":"https:\/\/www.sportchaco.com.ar\/index.php?rest_route=%2Fwp%2Fv2%2Fcomments&post=20573"}],"version-history":[{"count":6,"href":"https:\/\/www.sportchaco.com.ar\/index.php?rest_route=\/wp\/v2\/posts\/20573\/revisions"}],"predecessor-version":[{"id":20618,"href":"https:\/\/www.sportchaco.com.ar\/index.php?rest_route=\/wp\/v2\/posts\/20573\/revisions\/20618"}],"wp:featuredmedia":[{"embeddable":true,"href":"https:\/\/www.sportchaco.com.ar\/index.php?rest_route=\/wp\/v2\/media\/20575"}],"wp:attachment":[{"href":"https:\/\/www.sportchaco.com.ar\/index.php?rest_route=%2Fwp%2Fv2%2Fmedia&parent=20573"}],"wp:term":[{"taxonomy":"category","embeddable":true,"href":"https:\/\/www.sportchaco.com.ar\/index.php?rest_route=%2Fwp%2Fv2%2Fcategories&post=20573"},{"taxonomy":"post_tag","embeddable":true,"href":"https:\/\/www.sportchaco.com.ar\/index.php?rest_route=%2Fwp%2Fv2%2Ftags&post=20573"}],"curies":[{"name":"wp","href":"https:\/\/api.w.org\/{rel}","templated":true}]}}