{"id":20577,"date":"2025-06-12T23:16:30","date_gmt":"2025-06-13T02:16:30","guid":{"rendered":"https:\/\/www.sportchaco.com.ar\/?p=20577"},"modified":"2025-06-12T23:17:06","modified_gmt":"2025-06-13T02:17:06","slug":"el-recuerdo-eterno-para-jose-luis-cucciufo","status":"publish","type":"post","link":"https:\/\/www.sportchaco.com.ar\/?p=20577","title":{"rendered":"El recuerdo eterno para Jos\u00e9 Luis Cucciufo"},"content":{"rendered":"<p>16<\/p>\n<p>&nbsp;<\/p>\n<p>Era figura en Talleres de C\u00f3rdoba que no jugaba torneos importantes por aquellos a\u00f1os, cuando For Ever apost\u00f3 por este desconocido jugador, JOSE LUIS CUCCIUFFO, quien r\u00e1pidamente se destac\u00f3 y tom\u00f3 trasncendencia primero nacional y luego internacional, que el historiador Roly P\u00e9rez Beveraggi, lo describe.<\/p>\n<p>&nbsp;<\/p>\n<p><strong>En la foto de portada, vistiendo la casaca de Boca Juniors, en un partido con For Ever recibe el reconocimiento del C\u00edrculo de Periodistas Deportivos del Chaco, de manos de Ram\u00f3n Gonz\u00e1lez y Juan Jos\u00e9 Godoy<\/strong><\/p>\n<p>&nbsp;<\/p>\n<p>&nbsp;<\/p>\n<p>Naci\u00f3 en C\u00f3rdoba el 1 de febrero de 1961 y se hizo conocido jugando en Talleres, cuando su vocaci\u00f3n por el f\u00fatbol se impuso a su intenci\u00f3n de estudiar ingenier\u00eda. Cuciuffo se inici\u00f3 en Talleres a finales de los 70, pero su notoriedad lleg\u00f3 tras ser cedido al Club Atl\u00e9tico Chaco For Ever, con el que jug\u00f3 el Torneo Nacional de 1980.<\/p>\n<p>Por aquel entonces los chaque\u00f1os quedamos admirados con su presencia, ya que sin tener un gran porte, luc\u00eda con su muy buen juego a\u00e9reo y su refinado trato de la pelota. Se notaba que era un jugador distinto y todos los que lo conocimos nos sentimos un poco m\u00e1s campeones del mundo en el 86, porque su despegue futbol\u00edstico se inici\u00f3 en el Chaco.<\/p>\n<p>Volvi\u00f3 como titular a Talleres, uno de los conjuntos m\u00e1s fuertes de la \u00e9poca y una de las bases de la Selecci\u00f3n Argentina que gan\u00f3 el Mundial de 1978, con jugadores como Luis Galv\u00e1n, Jos\u00e9 Daniel Valencia, Miguel \u00c1ngel Oviedo o Jos\u00e9 Omar Reinaldi. Sin embargo, adem\u00e1s de las cualidades futbol\u00edsticas que Cuciuffo mostraba dentro de las canchas, el mayor conocimiento de su juego y de su propia existencia comenz\u00f3 en 1981, cuando la revista Humor -la de mayor resistencia a la dictadura militar de Argentina- se bas\u00f3 en la fon\u00e9tica de su apellido para realizar una campa\u00f1a con el fin de que fuera convocado a la Selecci\u00f3n Argentina.<\/p>\n<p>Si bien C\u00e9sar Luis Menotti no termin\u00f3 llev\u00e1ndolo al Mundial de Espa\u00f1a en 1982, Carlos Bilardo, en cambio, acab\u00f3 reparando en \u00e9l para el Mundial siguiente, en M\u00e9xico. Cuciuffo pas\u00f3 entonces de ser un ignoto defensor a un jugador sumamente popular, y no precisamente por su juego, sino por su apellido y por las constantes bromas de la revista Humor en la recordada secci\u00f3n \u2018Pelota\u2019, en la que los m\u00e1s ac\u00e9rrimos cr\u00edticos de f\u00fatbol del momento reclamaban su presencia en la albiceleste.<\/p>\n<p>A comienzos de 1982, V\u00e9lez les gan\u00f3 de mano a otros pretendientes y compr\u00f3 el pase del marcador central. En Liniers alcanz\u00f3 un alto rendimiento y la convocatoria para la Selecci\u00f3n de Carlos Bilardo que particip\u00f3 de M\u00e9xico 86. En ese Mundial, Cuciuffo fue una de las piezas importantes del campe\u00f3n que dirig\u00eda Carlos Bilardo.<\/p>\n<p>En esa \u00e9poca Cuchu dijo: \u2018Despu\u00e9s de la convocatoria, lo \u00fanico que le ped\u00eda a Dios era estar en la lista de los veintid\u00f3s que viajar\u00edan a M\u00e9xico. Cuando se dio, quer\u00eda que Argentina saliera campe\u00f3n, jugara o no yo, pero por dentro ten\u00eda unas ganas b\u00e1rbaras de estar entre los titulares. Me sent\u00eda capacitado para jugar y tambi\u00e9n quer\u00eda demostrar por qu\u00e9 hab\u00eda sido elegido\u2019.<\/p>\n<p>En ese Mundial conseguir\u00eda el \u00fanico t\u00edtulo de su trayectoria. Una vez convocado por Bilardo, Cuciuffo se contentaba con estar en la lista de los 22 convocados. Pero la lesi\u00f3n de Daniel Pasarella oblig\u00f3 a Bilardo a cambiar de sistema y recurrir a un libre (Brown) y dos marcadores (Ruggeri y, finalmente, Cuciuffo).<\/p>\n<p>Fue titular en cinco de los siete partidos, aunque Cuciuffo mantuvo siempre un bajo perfil. Termin\u00f3 jugando 21 partidos en la selecci\u00f3n argentina, entre 1985 y 1989. En julio de 1987 fue transferido a Boca, junto con Humberto Coyita Guti\u00e9rrez. Jug\u00f3 all\u00ed durante tres temporadas y se alej\u00f3 tras una pol\u00e9mica con los directivos. Continu\u00f3 su carrera en Francia (Nimes Olympique y Reims).<\/p>\n<p>El 11 de diciembre del 2004 fallec\u00eda tr\u00e1gicamente. Esta muerte absurda le llegaba cuando tan solo ten\u00eda 43 a\u00f1os, mientras pr\u00e1ctica su otra pasi\u00f3n, la caza.<\/p>\n","protected":false},"excerpt":{"rendered":"<p>16 &nbsp; Era figura en Talleres de C\u00f3rdoba que no jugaba torneos importantes por aquellos a\u00f1os, cuando For Ever apost\u00f3 por este desconocido jugador, JOSE LUIS CUCCIUFFO, quien r\u00e1pidamente se destac\u00f3 y tom\u00f3 trasncendencia primero nacional y luego internacional, que el historiador Roly P\u00e9rez Beveraggi, lo describe. &nbsp; En la foto de portada, vistiendo la &hellip;<\/p>\n","protected":false},"author":2,"featured_media":20578,"comment_status":"open","ping_status":"open","sticky":false,"template":"","format":"standard","meta":{"footnotes":""},"categories":[1],"tags":[],"class_list":["post-20577","post","type-post","status-publish","format-standard","has-post-thumbnail","hentry","category-fotos-del-recuerdo"],"_links":{"self":[{"href":"https:\/\/www.sportchaco.com.ar\/index.php?rest_route=\/wp\/v2\/posts\/20577","targetHints":{"allow":["GET"]}}],"collection":[{"href":"https:\/\/www.sportchaco.com.ar\/index.php?rest_route=\/wp\/v2\/posts"}],"about":[{"href":"https:\/\/www.sportchaco.com.ar\/index.php?rest_route=\/wp\/v2\/types\/post"}],"author":[{"embeddable":true,"href":"https:\/\/www.sportchaco.com.ar\/index.php?rest_route=\/wp\/v2\/users\/2"}],"replies":[{"embeddable":true,"href":"https:\/\/www.sportchaco.com.ar\/index.php?rest_route=%2Fwp%2Fv2%2Fcomments&post=20577"}],"version-history":[{"count":3,"href":"https:\/\/www.sportchaco.com.ar\/index.php?rest_route=\/wp\/v2\/posts\/20577\/revisions"}],"predecessor-version":[{"id":20610,"href":"https:\/\/www.sportchaco.com.ar\/index.php?rest_route=\/wp\/v2\/posts\/20577\/revisions\/20610"}],"wp:featuredmedia":[{"embeddable":true,"href":"https:\/\/www.sportchaco.com.ar\/index.php?rest_route=\/wp\/v2\/media\/20578"}],"wp:attachment":[{"href":"https:\/\/www.sportchaco.com.ar\/index.php?rest_route=%2Fwp%2Fv2%2Fmedia&parent=20577"}],"wp:term":[{"taxonomy":"category","embeddable":true,"href":"https:\/\/www.sportchaco.com.ar\/index.php?rest_route=%2Fwp%2Fv2%2Fcategories&post=20577"},{"taxonomy":"post_tag","embeddable":true,"href":"https:\/\/www.sportchaco.com.ar\/index.php?rest_route=%2Fwp%2Fv2%2Ftags&post=20577"}],"curies":[{"name":"wp","href":"https:\/\/api.w.org\/{rel}","templated":true}]}}