{"id":20590,"date":"2025-06-12T12:49:22","date_gmt":"2025-06-12T15:49:22","guid":{"rendered":"https:\/\/www.sportchaco.com.ar\/?p=20590"},"modified":"2025-06-12T12:49:22","modified_gmt":"2025-06-12T15:49:22","slug":"voley-batacazo-argentino-contra-el-bicampeon-olimpico-francia","status":"publish","type":"post","link":"https:\/\/www.sportchaco.com.ar\/?p=20590","title":{"rendered":"Voley: Batacazo argentino contra el bicampe\u00f3n ol\u00edmpico Francia"},"content":{"rendered":"<section class=\"\n              mb-8 flex flex-col gap-4 text-neutral-850\n\n              lg:mb-12\n            \"><\/p>\n<h1 class=\"\n                  font-caladeaRegular text-neutral-850 text-custom-30 leading-8\n\n                  lg:text-custom-50 lg:leading-[52px]\"><\/h1>\n<h2 class=\"\n\n                    text-custom-18 leading-tight text-neutral-850\n\n                    lg:text-custom-22 lg:leading-[27px]\n\n      \">12-06-2025<\/h2>\n<h2 class=\"\n\n                    text-custom-18 leading-tight text-neutral-850\n\n                    lg:text-custom-22 lg:leading-[27px]\n\n      \">El combinado nacional se impuso en cuatro sets ante la poderosa selecci\u00f3n europea.<\/h2>\n<div class=\"\n                flex flex-col items-start justify-between gap-4\n\n                lg:flex-row lg:items-center\n              \"><\/p>\n<div class=\"flex gap-4\">\n<div class=\"\n        relative\n\n        undefined\n      \"><\/div>\n<section class=\"clearfix ajuste-1440-card\">\n<div class=\"viafoura counter-vf\"><\/div>\n<\/section>\n<\/div>\n<\/div>\n<div class=\"flex flex-col\"><img loading=\"lazy\" decoding=\"async\" class=\"\n        w-full rounded-xl\n\n        md:block md:h-auto md:rounded-20 \n      \" src=\"https:\/\/www.lavoz.com.ar\/resizer\/v2\/BR5JAUS26NHRFL36LSTP7Q453M.jpeg?auth=21359e930644f1c9a0e1f025665282d525a2ebbee6a8a5d50b1da3309b74cc35&amp;quality=75&amp;smart=true&amp;width=980&amp;height=551\" alt=\"Foto principal de la nota\" width=\"642\" height=\"432\" data-nimg=\"1\" \/>La selecci\u00f3n masculina derrot\u00f3 a Francia (FEVA)<\/div>\n<\/section>\n<div class=\"sc-cIozSW fUxdCs\"><span id=\"story-zonda\"><\/span><\/p>\n<section class=\"undefined \">\n<div id=\"powerbeans-player\" class=\"mb-4 undefined\">\n<div id=\"powerbeans-widget\" class=\"pb-tw light\" data-current-content=\"https:\/\/www.lavoz.com.ar\/deportes\/voley\/batacazo-argentino-contra-el-bicampeon-olimpico-francia-en-la-vnl\/\" data-should-refetch=\"false\" data-refetching=\"false\" data-mounted=\"true\" data-fetched=\"true\">\n<div class=\"App !beans-px-[16px] !beans-pt-[12px] !beans-pb-[8px] beans-bg-primary beans-relative beans-flex beans-justify-around beans-flex-row beans-items-center beans-rounded-xl beans-py-1 beans-px-3 beans-drop-shadow-md\">\n<div id=\"powerbeans-player-container\" class=\"!beans-flex beans-items-center beans-justify-center !beans-w-full\">\n<div class=\"beans-flex beans-flex-col !beans-w-full\">\n<div><\/div>\n<div class=\"beans-flex beans-flex-col\">\n<div class=\"beans-flex beans-grow\">\n<div class=\"beans-flex beans-mr-[12px]\"><\/div>\n<div class=\"beans-relative beans-flex beans-items-center beans-justify-center beans-transition-all beans-duration-300 beans-ml-[0px] beans-w-0 beans-opacity-0\"><\/div>\n<\/div>\n<div class=\"\">\n<div id=\"powerbeans-sticky-container\" class=\"beans-overflow-hidden beans-transition-all beans-duration-200 beans-h-[1px]\">\n<div id=\"DISPLAY_BANNER_CONTAINER\" class=\"beans-flex beans-justify-center\">\n<div id=\"POWERBEANS_DISPLAY_BANNER\" data-refresh-pending=\"false\"><\/div>\n<\/div>\n<div id=\"COMPANION_BANNER\" class=\"beans-flex beans-justify-center\"><\/div>\n<\/div>\n<\/div>\n<\/div>\n<\/div>\n<\/div>\n<\/div>\n<\/div>\n<\/div>\n<\/section>\n<div class=\"sc-cIozSW fUxdCs mx-auto flex max-w-body flex-col\">\n<p class=\"text-class\">Este mi\u00e9rcoles, la selecci\u00f3n masculina de v\u00f3ley derrot\u00f3 a Francia por 3 a 1, con parciales de 25-22, 13-25, 25-22 y 25-19, en la VNL. Pablo Kukartsev fue el m\u00e1ximo anotador con 15 puntos. Este jueves, desde las 21, la segunda presentaci\u00f3n frente a Canad\u00e1.<\/p>\n<p class=\"text-class\">El inicio del partido fue en buen nivel por parte de la Selecci\u00f3n, que se despeg\u00f3 7-3 con mayor contundencia en su juego. M\u00e1s tarde, S\u00e1nchez busc\u00f3 a Kukartsev y Palonsky y se mantuvo arriba 18-15. En el cierre y aunque Francia se acerc\u00f3 21-22 cuando lastim\u00f3 con su saque, finalmente la Selecci\u00f3n rot\u00f3 y lo gan\u00f3 25-22 tras un error de saque rival.<\/p>\n<p class=\"text-class\">El segundo cap\u00edtulo fue muy diferencia. Francia se mostr\u00f3 m\u00e1s regular desde el comienzo y se escap\u00f3 7-3 y 14-7. Argentina, por su parte, hizo cambios para tratar de revertir la historia con los ingresos de G\u00f3mez, Luengas y Giraudo, pero Francia sigui\u00f3 implacable, lastim\u00f3 con su saque y se lo llev\u00f3 25-13.<\/p>\n<p class=\"text-class\">El tercer parcial empez\u00f3 parejo y la Selecci\u00f3n logr\u00f3 la primera ventaja 11-8 con Gallego bien en bloqueo. A pesar de que los europeos llegaron a igualarlo en 11, enseguida contras de Kukartsev y Vicentin despegaron a los dirigidos por M\u00e9ndez 17-14. De ah\u00ed en adelante, Argentina se mantuvo arriba en el marcador y lo cerr\u00f3 25-22 tras una buena intervenci\u00f3n de Kukartsev.<\/p>\n<p class=\"text-class\">El cuarto set empez\u00f3 parejo, pero m\u00e1s tarde Argentina encontr\u00f3 respuestas en su bloqueo para alcanzar una diferencia de 12-11 y 18-15, tambi\u00e9n con buenos momentos en ataque. En el desenlace, la Selecci\u00f3n mostr\u00f3 un gran nivel para ampliar la ventaja 23-18 y, finalmente, Kukartsev lo defini\u00f3 25-19.<\/p>\n<p class=\"text-class\"><b>Argentina<\/b>: Mat\u00edas S\u00e1nchez (-), Pablo Kukartsev (5), Joaqu\u00edn Gallego (9), Agust\u00edn Loser (5), Luciano Vicentin (8), Luciano Palonsky (14), Jan Mart\u00ednez (L). Ingresaron: Germ\u00e1n G\u00f3mez (-), Ignacio Luengas (2), Mat\u00edas Giraudo (-), Lucas Conde (-).<\/p>\n<\/div>\n<p>&nbsp;<\/p>\n<div class=\"sc-cIozSW fUxdCs mx-auto flex max-w-body flex-col\">\n<div class=\"mb-8 mt-4\">\n<h3 class=\"\n              text-neutral-850\n              title-story-tags mb-4 border-b border-solid border-[#b7b7b7]\n              pb-2.5 font-caladeaBold text-xl \n            \"><img loading=\"lazy\" decoding=\"async\" class=\"alignnone size-medium wp-image-20161 aligncenter\" src=\"https:\/\/www.sportchaco.com.ar\/wp-content\/uploads\/2025\/06\/BANNER-WEB-CHACO-JUEGA_720x90-300x38.gif\" alt=\"\" width=\"300\" height=\"38\" srcset=\"https:\/\/www.sportchaco.com.ar\/wp-content\/uploads\/2025\/06\/BANNER-WEB-CHACO-JUEGA_720x90-300x38.gif 300w, https:\/\/www.sportchaco.com.ar\/wp-content\/uploads\/2025\/06\/BANNER-WEB-CHACO-JUEGA_720x90-1024x128.gif 1024w, https:\/\/www.sportchaco.com.ar\/wp-content\/uploads\/2025\/06\/BANNER-WEB-CHACO-JUEGA_720x90-768x96.gif 768w\" sizes=\"auto, (max-width: 300px) 100vw, 300px\" \/><\/h3>\n<\/div>\n<\/div>\n<\/div>\n","protected":false},"excerpt":{"rendered":"<p>12-06-2025 El combinado nacional se impuso en cuatro sets ante la poderosa selecci\u00f3n europea. La selecci\u00f3n masculina derrot\u00f3 a Francia (FEVA) Este mi\u00e9rcoles, la selecci\u00f3n masculina de v\u00f3ley derrot\u00f3 a Francia por 3 a 1, con parciales de 25-22, 13-25, 25-22 y 25-19, en la VNL. Pablo Kukartsev fue el m\u00e1ximo anotador con 15 puntos. &hellip;<\/p>\n","protected":false},"author":2,"featured_media":20591,"comment_status":"open","ping_status":"open","sticky":false,"template":"","format":"standard","meta":{"footnotes":""},"categories":[50],"tags":[],"class_list":["post-20590","post","type-post","status-publish","format-standard","has-post-thumbnail","hentry","category-voleibol"],"_links":{"self":[{"href":"https:\/\/www.sportchaco.com.ar\/index.php?rest_route=\/wp\/v2\/posts\/20590","targetHints":{"allow":["GET"]}}],"collection":[{"href":"https:\/\/www.sportchaco.com.ar\/index.php?rest_route=\/wp\/v2\/posts"}],"about":[{"href":"https:\/\/www.sportchaco.com.ar\/index.php?rest_route=\/wp\/v2\/types\/post"}],"author":[{"embeddable":true,"href":"https:\/\/www.sportchaco.com.ar\/index.php?rest_route=\/wp\/v2\/users\/2"}],"replies":[{"embeddable":true,"href":"https:\/\/www.sportchaco.com.ar\/index.php?rest_route=%2Fwp%2Fv2%2Fcomments&post=20590"}],"version-history":[{"count":1,"href":"https:\/\/www.sportchaco.com.ar\/index.php?rest_route=\/wp\/v2\/posts\/20590\/revisions"}],"predecessor-version":[{"id":20592,"href":"https:\/\/www.sportchaco.com.ar\/index.php?rest_route=\/wp\/v2\/posts\/20590\/revisions\/20592"}],"wp:featuredmedia":[{"embeddable":true,"href":"https:\/\/www.sportchaco.com.ar\/index.php?rest_route=\/wp\/v2\/media\/20591"}],"wp:attachment":[{"href":"https:\/\/www.sportchaco.com.ar\/index.php?rest_route=%2Fwp%2Fv2%2Fmedia&parent=20590"}],"wp:term":[{"taxonomy":"category","embeddable":true,"href":"https:\/\/www.sportchaco.com.ar\/index.php?rest_route=%2Fwp%2Fv2%2Fcategories&post=20590"},{"taxonomy":"post_tag","embeddable":true,"href":"https:\/\/www.sportchaco.com.ar\/index.php?rest_route=%2Fwp%2Fv2%2Ftags&post=20590"}],"curies":[{"name":"wp","href":"https:\/\/api.w.org\/{rel}","templated":true}]}}